{"id":166693,"date":"2025-09-01T12:06:53","date_gmt":"2025-09-01T12:06:53","guid":{"rendered":"https:\/\/www.mujerhoy.com\/vivir\/ocio\/bonilla-sierra-avila-pueblos-bonitos-espana-castillo-pozo-leyenda-20250901152340-nt.html"},"modified":"2025-09-01T12:06:53","modified_gmt":"2025-09-01T12:06:53","slug":"el-sorprendente-pueblo-de-avila-que-inspiro-a-artistas-castillo-un-altar-rupestre-y-el-misterioso-pozo-con-leyenda-al-que-querras-bajar","status":"publish","type":"post","link":"http:\/\/cordobainforma.info\/index.php\/2025\/09\/01\/el-sorprendente-pueblo-de-avila-que-inspiro-a-artistas-castillo-un-altar-rupestre-y-el-misterioso-pozo-con-leyenda-al-que-querras-bajar\/","title":{"rendered":"El sorprendente pueblo de \u00c1vila que inspir\u00f3 a artistas: castillo, un altar rupestre y el misterioso pozo con leyenda al que querr\u00e1s bajar"},"content":{"rendered":"<div class=\"media_block\"><\/div>\n<p><!-- AUTHOR --><\/p>\n<div class=\"voc-author-timesocial \">\n<!-- AUTHOR --><\/p>\n<div class=\"voc-author-timesocial__signature \">\n<!-- IMAGE AUTHOR -->\n<picture class=\"voc-image-signature\">\n<img class=\"voc-image-signature__img\" src=\"http:\/\/cordobainforma.info\/wp-content\/uploads\/2025\/09\/el-sorprendente-pueblo-de-avila-que-inspiro-a-artistas-castillo-un-altar-rupestre-y-el-misterioso-pozo-con-leyenda-al-que-querras-bajar.jpg\" alt=\"\u00c1ngeles Castillo\">\n<\/picture>\n<!-- INFO AUTHOR --> <\/div><\/div>\n<p><!-- COMPONENTS --><\/p>\n<p class=\"voc-paragraph\">Ya conoc\u00edamos El Barco de \u00c1vila, ba\u00f1ado por el literario Tormes, y Piedrah\u00edta, presumiendo de palacio de los Duques de Alba, que frecuent\u00f3 <a href=\"https:\/\/www.mujerhoy.com\/celebrities\/realeza\/duquesa-alba-heredera-tana-rivera-pena-majas-goya-pelea-mujeres-toros-20250428235647-nt.html\" target=\"_self\" data-voc-vtm-id=\"in-text-traffic\" title=\"Goya por invitaci\u00f3n de la XIII duquesa de Alba\" data-mrf-link=\"www.mujerhoy.com\" rel=\"noopener noreferrer\">Goya por invitaci\u00f3n de la XIII duquesa de Alba<\/a>. Pero ahora nos hemos ido m\u00e1s hacia el \u00c1vila profunda, sin que haya que alejarse mucho, pero s\u00ed de lo m\u00e1s obvio. Y todo para ir a parar a <strong>Bonilla de la Sierra<\/strong>, <a href=\"https:\/\/www.mujerhoy.com\/vivir\/ocio\/oropesa-toledo-pueblo-medieval-dos-horas-madrid-visitar-castillo-parador-leyenda-arabe-20250808151830-nt.html\" target=\"_self\" data-voc-vtm-id=\"in-text-traffic\" title=\"a dos horas escasas de Madrid\" data-mrf-link=\"www.mujerhoy.com\" rel=\"noopener noreferrer\">a dos horas escasas de Madrid<\/a> y a una hora corta de la capital de la provincia. Una sorprendente villa ubicada en el valle del Corneja a poco m\u00e1s de 1.000 metros de altitud, que ya es. <\/p>\n<p class=\"voc-paragraph\">Solo hay que abrir los ojos y mirar. Enseguida saltan a la vista sus casas blasonadas, su <strong>castillo<\/strong> y, emulando a la propia \u00c1vila, su muralla, que cont\u00f3 con cuatro puertas, de las que solo queda una, la de la Villa o de Piedrah\u00edta. Lo que se dice un pueblo de cine conservado incre\u00edblemente, as\u00ed pasen los a\u00f1os y los siglos, como le pasa al divino <a href=\"https:\/\/www.mujerhoy.com\/vivir\/ocio\/mirambel-pueblo-bonito-maestrazgo-teruel-murallas-cine-20250817115314-nt.html\" target=\"_self\" data-voc-vtm-id=\"in-text-traffic\" title=\"Mirambel, en el Maestrazgo de Teruel\" data-mrf-link=\"www.mujerhoy.com\" rel=\"noopener noreferrer\">Mirambel, en el Maestrazgo de Teruel<\/a>. No nos extra\u00f1a en absoluto que haya sido declarado conjunto hist\u00f3rico monumental ni que est\u00e9 en el cada vez m\u00e1s abultado cat\u00e1logo de <a href=\"https:\/\/www.mujerhoy.com\/vivir\/ocio\/poza-de-la-sal-burgos-pueblo-bonito-salinas-medieval-felix-rodriguez-de-la-fuente-20250713141405-nt.html\" target=\"_self\" data-voc-vtm-id=\"in-text-traffic\" title=\"los pueblos m\u00e1s bonitos de Espa\u00f1a\" data-mrf-link=\"www.mujerhoy.com\" rel=\"noopener noreferrer\">los pueblos m\u00e1s bonitos de Espa\u00f1a<\/a>. <\/p>\n<div class=\"v-c-cmp v-c-cmp--t1 \">\n<div class=\"v-cmp-rld v-cmp-rld--2 \">\n<div class=\"v-cnt-m v-cnt-m--m\">\n<div class=\"v-cnt-m__c\">\n<div class=\"v-cnt-m__w v-cnt-m__w--1\">\n<p class=\"v-cnt-m__t\">\nTAMBI\u00c9N TE INTERESA\n<\/p>\n<\/div>\n<\/div>\n<\/div>\n<div class=\"v-g v-g--2-c v-g--bdr-min-xs\">\n<div class=\"v-g__c \">\n<article class=\"v-a v-a--cmp-rld v-a--cmp-rld-2 v-a--p-l\">\n<div class=\"v-a-img-c\">\n<figure class=\"v-a-fig\">\n<a href=\"https:\/\/www.mujerhoy.com\/vivir\/ocio\/maro-pueblo-blanco-malaga-axarquia-playas-calas-secretas-20250820202219-nt.html#vtm_modulosEngag=mod-rel:vivir:noticia:1:cmp:2-not\" class=\"v-a-link\" title=\"El pueblo blanco de M\u00e1laga que tiene calas preciosas, acantilados espectaculares y una gran cascada\"><br \/>\n<img loading=\"lazy\" class=\"v-a-img\" src=\"http:\/\/cordobainforma.info\/wp-content\/uploads\/2025\/09\/el-sorprendente-pueblo-de-avila-que-inspiro-a-artistas-castillo-un-altar-rupestre-y-el-misterioso-pozo-con-leyenda-al-que-querras-bajar-1.jpg\" alt=\"El pueblo blanco de M\u00e1laga que tiene calas preciosas, acantilados espectaculares y una gran cascada\"><br \/>\n<\/a><br \/>\n<\/figure>\n<\/div>\n<\/article>\n<\/div>\n<div class=\"v-g__c \">\n<article class=\"v-a v-a--cmp-rld v-a--cmp-rld-2 v-a--p-l\">\n<div class=\"v-a-img-c\">\n<figure class=\"v-a-fig\">\n<a href=\"https:\/\/www.mujerhoy.com\/vivir\/ocio\/bubion-bonito-pueblo-blanco-alpujarras-granada-destino-slow-20250801100314-nt.html#vtm_modulosEngag=mod-rel:vivir:noticia:2:cmp:2-not\" class=\"v-a-link\" title=\"Este pueblo blanco alpujarre\u00f1o es el \u00fanico destino slow de Andaluc\u00eda: oda a la vida tranquila, vistas a Sierra Nevada, arquitectura t\u00edpica y jarapas\"><br \/>\n<img loading=\"lazy\" class=\"v-a-img\" src=\"http:\/\/cordobainforma.info\/wp-content\/uploads\/2025\/09\/el-sorprendente-pueblo-de-avila-que-inspiro-a-artistas-castillo-un-altar-rupestre-y-el-misterioso-pozo-con-leyenda-al-que-querras-bajar-2.jpg\" alt=\"Este pueblo blanco alpujarre\u00f1o es el \u00fanico destino slow de Andaluc\u00eda: oda a la vida tranquila, vistas a Sierra Nevada, arquitectura t\u00edpica y jarapas\"><br \/>\n<\/a><br \/>\n<\/figure>\n<\/div>\n<\/article>\n<\/div>\n<\/div>\n<\/div>\n<\/div>\n<p class=\"voc-paragraph\">Se lo merece por su <strong>plaza porticada<\/strong>, el rollo jurisdiccional, que avisaba al forastero del privilegio del villazgo, y la imponente iglesia g\u00f3tica de San Mart\u00edn de Tours (siglo XV), que es y fue principal ya que en el castillo se aposentaron durante a\u00f1os los obispos abulenses. Hasta el punto de ser un se\u00f1or\u00edo eclesi\u00e1stico, entre cuyos ilustres muros escribi\u00f3 y muri\u00f3 uno de ellos, el controvertido erudito Alonso de Madrigal, el apodado el Tostado (1410-1455), que fue consejero de Juan II. <\/p>\n<p class=\"voc-paragraph\">Nacido, por cierto, en el pueblo con el nombre m\u00e1s rimbombante de nuestra geograf\u00eda, <strong>Madrigal de las Altas Torres<\/strong>, conocido a su vez por ser cuna de Isabel la Cat\u00f3lica, hija del citado rey. De \u00e9l se lleg\u00f3 a decir en el habla popular: \u00abSabes m\u00e1s que el Tostado\u00bb. Vamos, que nadie se libra de la lecci\u00f3n de historia deambulando por sus vividas calles, como pasa en <a href=\"https:\/\/www.mujerhoy.com\/vivir\/ocio\/casares-malaga-costa-del-sol-fundado-julio-cesar-banos-terapeuticos-20250522173145-nt.html\" target=\"_self\" data-voc-vtm-id=\"in-text-traffic\" title=\"Casares, pueblo malague\u00f1o fundado por Julio C\u00e9sar\" data-mrf-link=\"www.mujerhoy.com\" rel=\"noopener noreferrer\">Casares, pueblo malague\u00f1o fundado por Julio C\u00e9sar<\/a>. El de Bonilla, concretamente, pide a gritos unas cantigas y un trovador de tan medieval como es. <\/p>\n<div class=\"v-c-cmp v-c-cmp--s\">\n<div class=\"v-cmp-m \">\n<article class=\"v-a v-a--cmp-m v-c-cmp--m-z\">\n<div class=\"v-a-img-c \">\n<div class=\"v-a-fig\">\n<button class=\"v-a-link\" popovertarget=\"photo-523\"><br \/>\n<img loading=\"lazy\" src=\"http:\/\/cordobainforma.info\/wp-content\/uploads\/2025\/09\/el-sorprendente-pueblo-de-avila-que-inspiro-a-artistas-castillo-un-altar-rupestre-y-el-misterioso-pozo-con-leyenda-al-que-querras-bajar-3.jpg\" class=\"v-a-img\" width=\"650\" height=\"650\" alt=\"Un rinc\u00f3n de la plaza porticada de Bonilla de la Sierra.\" data-voc-vtm-id=\"in-text-traffic\"> <\/button><figcaption class=\"v-fc\">\n<span class=\"v-fc__t\"><br \/>\nUn rinc\u00f3n de la plaza porticada de Bonilla de la Sierra.<br \/>\n<\/span><br \/>\n<span class=\"v-fc__p\"><br \/>\nWIKIPEDIA\/PREYES<br \/>\n<\/span><br \/>\n<\/figcaption><\/div>\n<\/div>\n<div id=\"photo-523\" popover class=\"v-mdl v-mdl--fw\">\n<button class=\"v-x\" popovertarget=\"photo-523\" popovertargetaction=\"hide\"><br \/>\n<span class=\"v-i\"><br \/>\n<svg width=\"24\" height=\"23.996\" viewBox=\"0 0 24 23.996\">\n<path data-name=\"Uni\u00f3n 29\" d=\"M12,14.03,2.031,24,0,21.963,9.968,12,0,2.033,2.031,0,12,9.966,21.969,0,24,2.033,14.032,12,24,21.963,21.969,24Z\" \/>\n<\/svg><br \/>\n<\/span><br \/>\n<\/button><\/p>\n<div class=\"v-mdl__c\">\n<div class=\"v-mdl__w\">\n<img loading=\"lazy\" src=\"http:\/\/cordobainforma.info\/wp-content\/uploads\/2025\/09\/el-sorprendente-pueblo-de-avila-que-inspiro-a-artistas-castillo-un-altar-rupestre-y-el-misterioso-pozo-con-leyenda-al-que-querras-bajar-3.jpg\" class=\"v-mdl__img-z\" width=\"650\" height=\"650\" alt>\n<\/div>\n<\/div>\n<\/div>\n<p><span class=\"v-bdp\"><\/span><br \/>\n<\/article>\n<\/div>\n<\/div>\n<p class=\"voc-paragraph\">Subrayemos entonces que fue <strong>villa episcopal<\/strong>, o mejor, residencia de verano de los prelados, tras ser donada por la Corona al obispo Domingo Blasco en el siglo XIII, adem\u00e1s de morada de reyes. Caso del propio Juan II de Castilla, que rein\u00f3 durante casi medio siglo y que, seg\u00fan cuentan las cr\u00f3nicas, busc\u00f3 refugio en su torre del homenaje en 1440, durante las disputas con los infantes de Arag\u00f3n, al amparo del obispo y se\u00f1or de Bonilla, Lope Barrientos. Incluso fue sede ese mismo a\u00f1o de las Cortes de Castilla. Todo palabras mayores.<\/p>\n<p class=\"voc-paragraph\">Sirva esto para hacerse una idea de la relevancia del lugar. Que hasta dan ganas de ponerse a recitar las Coplas a la muerte de su padre, de Jorge Manrique, y escribir <strong>una carta de amor<\/strong> a una tal Guiomar. En verdad, este s\u00ed que es <a href=\"https:\/\/www.mujerhoy.com\/vivir\/ocio\/pueblo-medieval-espanol-salamanca-la-alberca-historia-religion-leyenda-titulo-pionero-20250419172847-nt.html\" target=\"_self\" data-voc-vtm-id=\"in-text-traffic\" title=\"el pueblo que no conocen los turistas\" data-mrf-link=\"www.mujerhoy.com\" rel=\"noopener noreferrer\">el pueblo que no conocen los turistas<\/a>. Lejano, sin estarlo, y solo, porque apenas cuenta con 163 vecinos, seg\u00fan datos de 2024. Lo que contribuye -y mucho- a su ins\u00f3lita belleza, con una mirada de hoy.<\/p>\n<p><h3 class=\"v-cmp-suh\">\nPor qu\u00e9 te va a encantar Bonilla de la Sierra<br \/>\n<\/h3>\n<\/p>\n<p class=\"voc-paragraph\">De hecho, Bonilla, con sus campos de cereal y sus molinos para la producci\u00f3n de pan a las orillas del r\u00edo Corneja, inspir\u00f3 a Francisco de Goya, que visitaba habitualmente Piedrah\u00edta, por ser este<a href=\"https:\/\/www.mujerhoy.com\/celebrities\/realeza\/verano-alba-martinez-irujo-sotogrande-marbella-san-sebastian-20250707112459-nt.html\" target=\"_self\" data-voc-vtm-id=\"in-text-traffic\" title=\" lugar de veraneo de los duques de Alba\" data-mrf-link=\"www.mujerhoy.com\" rel=\"noopener noreferrer\"> lugar de veraneo de los duques de Alba<\/a>. Y a <strong>Benjam\u00edn Palencia<\/strong>, el pintor de los paisajes castellanos <a href=\"https:\/\/www.mujerhoy.com\/actualidad\/lee-miller-todas-vidas-modelo-fotografa-chef-amiga-intima-picasso-fotografio-banera-hitler-kate-winslet-20250308083435-nt.html\" target=\"_self\" data-voc-vtm-id=\"in-text-traffic\" title=\"que trat\u00f3 a Picasso y a Cocteau\" data-mrf-link=\"www.mujerhoy.com\" rel=\"noopener noreferrer\">que trat\u00f3 a Picasso y a Cocteau<\/a>, y fue director art\u00edstico del teatro universitario La Barraca, de Federico Garc\u00eda Lorca. Palencia, que era de Barrax (Albacete), se instal\u00f3 tras la guerra civil espa\u00f1ola en el vecino Villafranca de la Sierra. <\/p>\n<p class=\"voc-paragraph\">Pero volvamos al castillo, para decir que es del siglo XII aunque reformado posteriormente, como suele suceder, con dependencias en torno a un patio en las que a\u00fan se aprecian los <strong>frescos policromados<\/strong> que las adornaban. Y vamos de vuelta tambi\u00e9n con la iglesia de San Mart\u00edn de Tours, mandada construir por el cardenal Juan de Carvajal, para resaltar ventanas ojivales, sacrist\u00eda y coro, con balaustrada de piedra y el escudo de armas del obispo Carrillo, ambos del XVI. <\/p>\n<div class=\"v-c-cmp v-c-cmp--s\">\n<div class=\"v-cmp-m \">\n<article class=\"v-a v-a--cmp-m v-c-cmp--m-z\">\n<div class=\"v-a-img-c \">\n<div class=\"v-a-fig\">\n<button class=\"v-a-link\" popovertarget=\"photo-955\"><br \/>\n<img loading=\"lazy\" src=\"http:\/\/cordobainforma.info\/wp-content\/uploads\/2025\/09\/el-sorprendente-pueblo-de-avila-que-inspiro-a-artistas-castillo-un-altar-rupestre-y-el-misterioso-pozo-con-leyenda-al-que-querras-bajar-4.jpg\" class=\"v-a-img\" width=\"650\" height=\"650\" alt=\"As\u00ed de imponente es la iglesia de San Mart\u00edn de Tours de Bonilla.\" data-voc-vtm-id=\"in-text-traffic\"> <\/button><figcaption class=\"v-fc\">\n<span class=\"v-fc__t\"><br \/>\nAs\u00ed de imponente es la iglesia de San Mart\u00edn de Tours de Bonilla.<br \/>\n<\/span><br \/>\n<span class=\"v-fc__p\"><br \/>\nTURISMO CASTILLA Y LE\u00d3N<br \/>\n<\/span><br \/>\n<\/figcaption><\/div>\n<\/div>\n<div id=\"photo-955\" popover class=\"v-mdl v-mdl--fw\">\n<button class=\"v-x\" popovertarget=\"photo-955\" popovertargetaction=\"hide\"><br \/>\n<span class=\"v-i\"><br \/>\n<svg width=\"24\" height=\"23.996\" viewBox=\"0 0 24 23.996\">\n<path data-name=\"Uni\u00f3n 29\" d=\"M12,14.03,2.031,24,0,21.963,9.968,12,0,2.033,2.031,0,12,9.966,21.969,0,24,2.033,14.032,12,24,21.963,21.969,24Z\" \/>\n<\/svg><br \/>\n<\/span><br \/>\n<\/button><\/p>\n<div class=\"v-mdl__c\">\n<div class=\"v-mdl__w\">\n<img loading=\"lazy\" src=\"http:\/\/cordobainforma.info\/wp-content\/uploads\/2025\/09\/el-sorprendente-pueblo-de-avila-que-inspiro-a-artistas-castillo-un-altar-rupestre-y-el-misterioso-pozo-con-leyenda-al-que-querras-bajar-4.jpg\" class=\"v-mdl__img-z\" width=\"650\" height=\"650\" alt>\n<\/div>\n<\/div>\n<\/div>\n<p><span class=\"v-bdp\"><\/span><br \/>\n<\/article>\n<\/div>\n<\/div>\n<p class=\"voc-paragraph\">Se alza la colegiata en la plaza en la que tambi\u00e9n reinan las casonas castellanas, edificadas, c\u00f3mo no, para acoger al s\u00e9quito de los monse\u00f1ores, que aqu\u00ed todo es muy eclesial. Los <strong>soportales<\/strong> que anteceden a las casas, y en los que cabe admirar columnas y vigas de madera, serv\u00edan a los comerciantes, muchos de ellos jud\u00edos, para resguardarse de los rigores clim\u00e1ticos.<\/p>\n<p><h3 class=\"v-cmp-suh\">\nSubir al puerto, bajar al pozo<br \/>\n<\/h3>\n<\/p>\n<p class=\"voc-paragraph\">Ah, por cierto, se puede hacer, y hay que hacerlo, el <strong>camino de los molinos <\/strong>harineros, que sale del lavadero y se extiende a lo largo de 8,5 km. Estas riberas albergaron en sus mejores tiempos hasta veinte de ellos. Tambi\u00e9n es m\u00e1s que recomendable ascender al puerto de Pe\u00f1anegra, a 1.909 metros, que comunica el valle del Corneja con la sierra de Gredos. Desde estas alturas entender\u00e1s <a href=\"https:\/\/www.mujerhoy.com\/vivir\/ocio\/algodonales-pueblo-blanco-cadiz-perfecto-vacaciones-20250823110352-nt.html\" target=\"_self\" data-voc-vtm-id=\"in-text-traffic\" title=\"por qu\u00e9 es tierra y cielo de parapente\" data-mrf-link=\"www.mujerhoy.com\" rel=\"noopener noreferrer\">por qu\u00e9 es tierra y cielo de parapente<\/a>.<\/p>\n<p class=\"voc-paragraph\">Y, por supuesto, dar un paseo por el traspalacio, camino de ronda por el castillo, y acercarse al <strong>pozo de Santa B\u00e1rbara<\/strong>, una misteriosa obra de ingenier\u00eda hidr\u00e1ulica, probablemente medieval, con una escalinata que tiene, al parecer, tantos pelda\u00f1os como palabras el Credo, y por la que se puede bajar hasta el aljibe. No le falta <a href=\"https:\/\/www.mujerhoy.com\/vivir\/ocio\/soportujar-pueblo-blanco-alpujarra-granada-brujas-fuentes-deseos-20250704131142-nt.html\" target=\"_self\" data-voc-vtm-id=\"in-text-traffic\" title=\"su leyenda, como a Soport\u00fajar, en la Alpujarra granadina\" data-mrf-link=\"www.mujerhoy.com\" rel=\"noopener noreferrer\">su leyenda, como a Soport\u00fajar, en la Alpujarra granadina<\/a>. La de una mora que sale todas las noches del pozo para cepillar sus cabellos a la luz de la luna. \u00bfM\u00e1s emociones? Tambi\u00e9n hay un <strong>altar rupestre<\/strong>, en la zona conocida como El Mortero, donde podr\u00edan haberse celebrado rituales y rendido culto al sol y la luna a finales del Neol\u00edtico. Una sorpresa Bonilla.<\/p>\n<div class=\"v-c-cmp v-c-cmp--t1 \">\n<div class=\"v-cmp-rld v-cmp-rld--2 \">\n<div class=\"v-cnt-m v-cnt-m--m\">\n<div class=\"v-cnt-m__c\">\n<div class=\"v-cnt-m__w v-cnt-m__w--1\">\n<p class=\"v-cnt-m__t\">\nNO TE PIERDAS\n<\/p>\n<\/div>\n<\/div>\n<\/div>\n<div class=\"v-g v-g--2-c v-g--bdr-min-xs\">\n<div class=\"v-g__c \">\n<article class=\"v-a v-a--cmp-rld v-a--cmp-rld-2 v-a--p-l\">\n<div class=\"v-a-img-c\">\n<figure class=\"v-a-fig\">\n<a href=\"https:\/\/www.mujerhoy.com\/vivir\/ocio\/burgau-pueblo-pesquero-algarve-portugal-sin-turistas-escapadas-verano-20250612145938-nt.html#vtm_modulosEngag=mod-rel:vivir:noticia:1:cmp:2-not\" class=\"v-a-link\" title=\"El pueblo portugu\u00e9s para una escapada de verano: es el Santorini del Algarve y no est\u00e1 lleno de turistas\"><br \/>\n<img loading=\"lazy\" class=\"v-a-img\" src=\"http:\/\/cordobainforma.info\/wp-content\/uploads\/2025\/09\/el-sorprendente-pueblo-de-avila-que-inspiro-a-artistas-castillo-un-altar-rupestre-y-el-misterioso-pozo-con-leyenda-al-que-querras-bajar-5.jpg\" alt=\"El pueblo portugu\u00e9s para una escapada de verano: es el Santorini del Algarve y no est\u00e1 lleno de turistas\"><br \/>\n<\/a><br \/>\n<\/figure>\n<\/div>\n<\/article>\n<\/div>\n<div class=\"v-g__c \">\n<article class=\"v-a v-a--cmp-rld v-a--cmp-rld-2 v-a--p-l\">\n<div class=\"v-a-img-c\">\n<figure class=\"v-a-fig\">\n<a href=\"https:\/\/www.mujerhoy.com\/vivir\/ocio\/pueblo-jaen-balneario-marmolejo-aristocracia-20250803184327-nt.html#vtm_modulosEngag=mod-rel:vivir:noticia:2:cmp:2-not\" class=\"v-a-link\" title=\"El sorprendente pueblo de Ja\u00e9n con balneario que enamor\u00f3 a la aristocracia\"><br \/>\n<img loading=\"lazy\" class=\"v-a-img\" src=\"http:\/\/cordobainforma.info\/wp-content\/uploads\/2025\/09\/el-sorprendente-pueblo-de-avila-que-inspiro-a-artistas-castillo-un-altar-rupestre-y-el-misterioso-pozo-con-leyenda-al-que-querras-bajar-6.jpg\" alt=\"El sorprendente pueblo de Ja\u00e9n con balneario que enamor\u00f3 a la aristocracia\"><br \/>\n<\/a><br \/>\n<\/figure>\n<\/div>\n<\/article>\n<\/div>\n<\/div>\n<\/div>\n<\/div>\n","protected":false},"excerpt":{"rendered":"<p>Ya conoc\u00edamos El Barco de \u00c1vila, ba\u00f1ado por el literario Tormes, y Piedrah\u00edta, presumiendo de palacio de los Duques de Alba, que frecuent\u00f3 Goya por invitaci\u00f3n de la XIII duquesa de Alba. Pero ahora nos hemos ido m\u00e1s hacia el \u00c1vila profunda, sin que haya que alejarse mucho, pero s\u00ed de lo m\u00e1s obvio. Y [&hellip;]<\/p>\n","protected":false},"author":1,"featured_media":166694,"comment_status":"open","ping_status":"closed","sticky":false,"template":"","format":"standard","meta":[],"categories":[18],"tags":[],"_links":{"self":[{"href":"http:\/\/cordobainforma.info\/index.php\/wp-json\/wp\/v2\/posts\/166693"}],"collection":[{"href":"http:\/\/cordobainforma.info\/index.php\/wp-json\/wp\/v2\/posts"}],"about":[{"href":"http:\/\/cordobainforma.info\/index.php\/wp-json\/wp\/v2\/types\/post"}],"author":[{"embeddable":true,"href":"http:\/\/cordobainforma.info\/index.php\/wp-json\/wp\/v2\/users\/1"}],"replies":[{"embeddable":true,"href":"http:\/\/cordobainforma.info\/index.php\/wp-json\/wp\/v2\/comments?post=166693"}],"version-history":[{"count":0,"href":"http:\/\/cordobainforma.info\/index.php\/wp-json\/wp\/v2\/posts\/166693\/revisions"}],"wp:featuredmedia":[{"embeddable":true,"href":"http:\/\/cordobainforma.info\/index.php\/wp-json\/wp\/v2\/media\/166694"}],"wp:attachment":[{"href":"http:\/\/cordobainforma.info\/index.php\/wp-json\/wp\/v2\/media?parent=166693"}],"wp:term":[{"taxonomy":"category","embeddable":true,"href":"http:\/\/cordobainforma.info\/index.php\/wp-json\/wp\/v2\/categories?post=166693"},{"taxonomy":"post_tag","embeddable":true,"href":"http:\/\/cordobainforma.info\/index.php\/wp-json\/wp\/v2\/tags?post=166693"}],"curies":[{"name":"wp","href":"https:\/\/api.w.org\/{rel}","templated":true}]}}