{"id":166679,"date":"2025-09-01T12:21:00","date_gmt":"2025-09-01T12:21:00","guid":{"rendered":"https:\/\/cordobainforma.info\/index.php\/2025\/09\/01\/llaryora-y-schiaretti-felicitaron-a-juan-pablo-valdes-por-su-triunfo-en-corrientes\/"},"modified":"2025-09-01T12:21:00","modified_gmt":"2025-09-01T12:21:00","slug":"llaryora-y-schiaretti-felicitaron-a-juan-pablo-valdes-por-su-triunfo-en-corrientes","status":"publish","type":"post","link":"http:\/\/cordobainforma.info\/index.php\/2025\/09\/01\/llaryora-y-schiaretti-felicitaron-a-juan-pablo-valdes-por-su-triunfo-en-corrientes\/","title":{"rendered":"Llaryora y Schiaretti felicitaron a Juan Pablo Vald\u00e9s por su triunfo en Corrientes"},"content":{"rendered":"<div class=\"media_block\"><\/div>\n<div><img src=\"http:\/\/cordobainforma.info\/wp-content\/uploads\/2025\/09\/llaryora-y-schiaretti-felicitaron-a-juan-pablo-valdes-por-su-triunfo-en-corrientes.jpg\" class=\"ff-og-image-inserted\"><\/div>\n<p>El gobernador de <strong>C\u00f3rdoba<\/strong>, <strong>Mart\u00edn Llaryora<\/strong>, y el exgobernador Juan Schiaretti felicitaron a <strong>Juan Pablo Vald\u00e9s<\/strong> por su triunfo en las elecciones en Corrientes.<\/p>\n<p class=\"destacadoNota\"><a target=\"_blank\" href=\"https:\/\/www.perfil.com\/noticias\/cordoba\/schiaretti-hace-jugar-la-estructura-del-pj-para-acorralar-a-sus-rivales.phtml\" rel=\"noopener noreferrer\">Schiaretti hace jugar la estructura del PJ para acorralar a sus rivales<\/a><\/p>\n<h2>\u201cGrito federal\u201d<\/h2>\n<p>\u201c<strong>\u00a1Hay un grito federal que se escucha cada vez m\u00e1s fuerte!<\/strong> Hoy, la provincia de<strong> <a target=\"_blank\" href=\"https:\/\/x.com\/hashtag\/Corrientes?src=hashtag_click\" rel=\"noopener noreferrer\">#Corrientes<\/a><\/strong> se expres\u00f3 en las urnas y eligi\u00f3 a <strong>Juan Pablo Vald\u00e9s<\/strong> como su nuevo gobernador\u201d, escribi\u00f3 <strong>Llaryora<\/strong> en su cuenta de \u201c<em>X<\/em>\u201d.<\/p>\n<p>\u201cFelicitaciones, <strong><a target=\"_blank\" href=\"https:\/\/x.com\/JPValdesok\" rel=\"noopener noreferrer\">@JPValdesok<\/a><\/strong>. Te deseo una gran gesti\u00f3n para seguir construyendo una <strong>Corriente<\/strong>s que refleje la fuerza del interior productivo\u201d, agreg\u00f3.<\/p>\n<p>\u201cQuiero tambi\u00e9n reconocer el trabajo que ha llevado adelante <strong><a target=\"_blank\" href=\"https:\/\/x.com\/gustavovaldesok\" rel=\"noopener noreferrer\">@gustavovaldesok<\/a><\/strong>, lo que ha hecho posible este amplio respaldo del pueblo correntino\u201d, expres\u00f3 al felicitar al actual gobernador correntino.<\/p>\n<p>Adem\u00e1s felicit\u00f3 \u201ctambi\u00e9n a todos los correntinos que este domingo, con responsabilidad y compromiso c\u00edvico, acudieron a votar, fortaleciendo as\u00ed la <strong>democracia argentina<\/strong>\u201d.<\/p>\n<p>\u201cAl gobernador electo quiero expresarle que cuente con <strong><a target=\"_blank\" href=\"https:\/\/x.com\/hashtag\/C%C3%B3rdoba?src=hashtag_click\" rel=\"noopener noreferrer\">#C\u00f3rdoba<\/a><\/strong> para estrechar lazos interprovinciales que promuevan el crecimiento de nuestras econom\u00edas regionales, la generaci\u00f3n de<strong> empleo<\/strong> y de m\u00e1s oportunidades de desarrollo para nuestra gente\u201d, sostuvo <strong>Llaryora<\/strong>.<\/p>\n<p>\u201cEs la hora del interior, de la <strong>producci\u00f3n<\/strong>, del <strong>trabajo<\/strong> y de reafirmar el <a target=\"_blank\" href=\"https:\/\/x.com\/hashtag\/federalismo?src=hashtag_click\" rel=\"noopener noreferrer\">#federalismo<\/a>\u201d, enfatiz\u00f3 el gobernador cordob\u00e9s.<\/p>\n<p class=\"destacadoNota\"><a target=\"_blank\" href=\"https:\/\/www.perfil.com\/noticias\/cordoba\/mi-padre-seria-el-principal-opositor-a-javier-milei.phtml\" rel=\"noopener noreferrer\">Natalia de la Sota: \u201cMi padre ser\u00eda el principal opositor a Javier Milei\u201d<\/a><\/p>\n<h2>Saludo de Schiaretti<\/h2>\n<p>El exgobernador de C\u00f3rdoba y primer candidato a diputado nacional por Provincias Unidas salud\u00f3 a Juan Pablo Vald\u00e9s \u201cpor la contundente victoria que lo convierte en el pr\u00f3ximo gobernador de Corrientes\u201d.<\/p>\n<p>\u201cEs el fruto de su capacidad como dirigente y del trabajo exitoso del gobierno que encabeza <a target=\"_blank\" href=\"https:\/\/x.com\/gustavovaldesok\" rel=\"noopener noreferrer\">@gustavovaldesok<\/a>\u201d, afirm\u00f3.<\/p>\n<p>\u201cDesde <a target=\"_blank\" href=\"https:\/\/x.com\/hashtag\/ProvinciasUnidas?src=hashtag_click\" rel=\"noopener noreferrer\">#ProvinciasUnidas<\/a> celebramos que crezca la fuerza del interior que valora la buena gesti\u00f3n, la visi\u00f3n federal y la producci\u00f3n\u201d, concluy\u00f3 Schiaretti.<\/p>\n","protected":false},"excerpt":{"rendered":"<p>El gobernador de C\u00f3rdoba, Mart\u00edn Llaryora, y el exgobernador Juan Schiaretti felicitaron a Juan Pablo Vald\u00e9s por su triunfo en las elecciones en Corrientes. Schiaretti hace jugar la estructura del PJ para acorralar a sus rivales \u201cGrito federal\u201d \u201c\u00a1Hay un grito federal que se escucha cada vez m\u00e1s fuerte! Hoy, la provincia de #Corrientes se [&hellip;]<\/p>\n","protected":false},"author":1,"featured_media":166680,"comment_status":"closed","ping_status":"closed","sticky":false,"template":"","format":"standard","meta":[],"categories":[2],"tags":[],"_links":{"self":[{"href":"http:\/\/cordobainforma.info\/index.php\/wp-json\/wp\/v2\/posts\/166679"}],"collection":[{"href":"http:\/\/cordobainforma.info\/index.php\/wp-json\/wp\/v2\/posts"}],"about":[{"href":"http:\/\/cordobainforma.info\/index.php\/wp-json\/wp\/v2\/types\/post"}],"author":[{"embeddable":true,"href":"http:\/\/cordobainforma.info\/index.php\/wp-json\/wp\/v2\/users\/1"}],"replies":[{"embeddable":true,"href":"http:\/\/cordobainforma.info\/index.php\/wp-json\/wp\/v2\/comments?post=166679"}],"version-history":[{"count":0,"href":"http:\/\/cordobainforma.info\/index.php\/wp-json\/wp\/v2\/posts\/166679\/revisions"}],"wp:featuredmedia":[{"embeddable":true,"href":"http:\/\/cordobainforma.info\/index.php\/wp-json\/wp\/v2\/media\/166680"}],"wp:attachment":[{"href":"http:\/\/cordobainforma.info\/index.php\/wp-json\/wp\/v2\/media?parent=166679"}],"wp:term":[{"taxonomy":"category","embeddable":true,"href":"http:\/\/cordobainforma.info\/index.php\/wp-json\/wp\/v2\/categories?post=166679"},{"taxonomy":"post_tag","embeddable":true,"href":"http:\/\/cordobainforma.info\/index.php\/wp-json\/wp\/v2\/tags?post=166679"}],"curies":[{"name":"wp","href":"https:\/\/api.w.org\/{rel}","templated":true}]}}