{"id":166673,"date":"2025-09-01T11:26:37","date_gmt":"2025-09-01T11:26:37","guid":{"rendered":"https:\/\/cordoba.gob.ar\/?p=80669"},"modified":"2025-09-01T11:26:37","modified_gmt":"2025-09-01T11:26:37","slug":"en-la-semana-del-arbol-la-municipalidad-sumo-600-ejemplares-nativos-a-las-calles-de-la-ciudad","status":"publish","type":"post","link":"http:\/\/cordobainforma.info\/index.php\/2025\/09\/01\/en-la-semana-del-arbol-la-municipalidad-sumo-600-ejemplares-nativos-a-las-calles-de-la-ciudad\/","title":{"rendered":"En la Semana del \u00c1rbol, la Municipalidad sum\u00f3 600 ejemplares nativos a las calles de la ciudad"},"content":{"rendered":"<div><img src=\"http:\/\/cordobainforma.info\/wp-content\/uploads\/2025\/09\/en-la-semana-del-arbol-la-municipalidad-sumo-600-ejemplares-nativos-a-las-calles-de-la-ciudad.jpg\" class=\"ff-og-image-inserted\"><\/div>\n<ul>\n<li><strong>Fueron incorporados en el \u00e1rea central, la Costanera y en diversos barrios.<\/strong><\/li>\n<\/ul>\n<hr>\n<p>En la Semana del \u00c1rbol, la Municipalidad de C\u00f3rdoba reforz\u00f3 su actividad de forestaciones en la ciudad En esta oportunidad, a trav\u00e9s de la Secretar\u00eda de Ambiente y Econom\u00eda Circular se plantaron un total de 600 \u00e1rboles y gram\u00edneas, todos los d\u00edas de la semana, con el acompa\u00f1amiento de vecinos y vecinas de la ciudad.<\/p>\n<p>Incluy\u00f3 la plantaci\u00f3n de ejemplares en arterias importantes del \u00e1rea central, en los barrios Centro y Nueva C\u00f3rdoba, tales como la Av. Chacabuco, Av. Maip\u00fa, Av. V\u00e9lez Sarsfield, Av. General Paz, Bv. Illia, Bv. San Juan, Av. Col\u00f3n, Av. Emilio Olmos, Av. Hip\u00f3lito Yrigoyen, Av. Poeta Lugones y los alrededores.<\/p>\n<p>Tambi\u00e9n se forest\u00f3 la Costanera, entre los puentes Ant\u00e1rtida y Leticia, y los barrios Obras Sanitarias, San Vicente y Villa Revol Anexo, junto al Parque Sarmiento, donde adem\u00e1s desde hace meses el municipio lleva a cabo la limpieza de un gran basural a cielo abierto.<\/p>\n<p>Como parte de las actividades dedicadas a la conmemoraci\u00f3n del D\u00eda del \u00c1rbol, tambi\u00e9n se llev\u00f3 a cabo una capacitaci\u00f3n en el Vivero Municipal y se realizaron actividades de concientizaci\u00f3n en conjunto con la UNC. Adem\u00e1s, un algarrobo centenario junto al r\u00edo Suqu\u00eda fue declarado Patrimonio Natural Urbano e ingres\u00f3 al Cat\u00e1logo de \u00c1rboles Notables de C\u00f3rdoba, inaugurando esta lista.<\/p>\n<p>Todas las especies plantadas pertenecen a la flora nativa de nuestra provincia: senes de campo, manzanos de campo, tipas, fresnos, jacarand\u00e1s, molles, moradillos, espinillos, cina, cina, algarrobos, cha\u00f1ares, stipas y sesbanias. Esto permite asegurar una mejor calidad de suelo y aire, as\u00ed como tambi\u00e9n dar refugio a numerosas especies de insectos y aves que habitan la ciudad.<\/p>\n","protected":false},"excerpt":{"rendered":"<p>Fueron incorporados en el \u00e1rea central, la Costanera y en diversos barrios. En la Semana del \u00c1rbol, la Municipalidad de C\u00f3rdoba reforz\u00f3 su actividad de forestaciones en la ciudad En esta oportunidad, a trav\u00e9s de la Secretar\u00eda de Ambiente y Econom\u00eda Circular se plantaron un total de 600 \u00e1rboles y gram\u00edneas, todos los d\u00edas de [&hellip;]<\/p>\n","protected":false},"author":1,"featured_media":166674,"comment_status":"closed","ping_status":"closed","sticky":false,"template":"","format":"standard","meta":[],"categories":[2],"tags":[],"_links":{"self":[{"href":"http:\/\/cordobainforma.info\/index.php\/wp-json\/wp\/v2\/posts\/166673"}],"collection":[{"href":"http:\/\/cordobainforma.info\/index.php\/wp-json\/wp\/v2\/posts"}],"about":[{"href":"http:\/\/cordobainforma.info\/index.php\/wp-json\/wp\/v2\/types\/post"}],"author":[{"embeddable":true,"href":"http:\/\/cordobainforma.info\/index.php\/wp-json\/wp\/v2\/users\/1"}],"replies":[{"embeddable":true,"href":"http:\/\/cordobainforma.info\/index.php\/wp-json\/wp\/v2\/comments?post=166673"}],"version-history":[{"count":0,"href":"http:\/\/cordobainforma.info\/index.php\/wp-json\/wp\/v2\/posts\/166673\/revisions"}],"wp:featuredmedia":[{"embeddable":true,"href":"http:\/\/cordobainforma.info\/index.php\/wp-json\/wp\/v2\/media\/166674"}],"wp:attachment":[{"href":"http:\/\/cordobainforma.info\/index.php\/wp-json\/wp\/v2\/media?parent=166673"}],"wp:term":[{"taxonomy":"category","embeddable":true,"href":"http:\/\/cordobainforma.info\/index.php\/wp-json\/wp\/v2\/categories?post=166673"},{"taxonomy":"post_tag","embeddable":true,"href":"http:\/\/cordobainforma.info\/index.php\/wp-json\/wp\/v2\/tags?post=166673"}],"curies":[{"name":"wp","href":"https:\/\/api.w.org\/{rel}","templated":true}]}}