{"id":166662,"date":"2025-09-01T10:22:29","date_gmt":"2025-09-01T10:22:29","guid":{"rendered":"https:\/\/cordobainforma.info\/index.php\/2025\/09\/01\/analisis-el-caos-de-los-ingenieros-radio-mitre\/"},"modified":"2025-09-01T10:22:29","modified_gmt":"2025-09-01T10:22:29","slug":"analisis-el-caos-de-los-ingenieros-radio-mitre","status":"publish","type":"post","link":"http:\/\/cordobainforma.info\/index.php\/2025\/09\/01\/analisis-el-caos-de-los-ingenieros-radio-mitre\/","title":{"rendered":"An\u00e1lisis | El caos de los ingenieros &#8211; Radio Mitre"},"content":{"rendered":"<p>&#8230; <b>Econom\u00eda<\/b> de la Naci\u00f3n, Jos\u00e9 Luis Daza, descerraj\u00f3 un gr\u00e1fico impactante. &#8230; Los tiempos electorales acomodaron en el Parlamento una <b>nueva<\/b> alianza&nbsp;&#8230; <\/p>\n","protected":false},"excerpt":{"rendered":"<p>&#8230; Econom\u00eda de la Naci\u00f3n, Jos\u00e9 Luis Daza, descerraj\u00f3 un gr\u00e1fico impactante. &#8230; Los tiempos electorales acomodaron en el Parlamento una nueva alianza&nbsp;&#8230;<\/p>\n","protected":false},"author":1,"featured_media":0,"comment_status":"closed","ping_status":"closed","sticky":false,"template":"","format":"standard","meta":[],"categories":[23],"tags":[],"_links":{"self":[{"href":"http:\/\/cordobainforma.info\/index.php\/wp-json\/wp\/v2\/posts\/166662"}],"collection":[{"href":"http:\/\/cordobainforma.info\/index.php\/wp-json\/wp\/v2\/posts"}],"about":[{"href":"http:\/\/cordobainforma.info\/index.php\/wp-json\/wp\/v2\/types\/post"}],"author":[{"embeddable":true,"href":"http:\/\/cordobainforma.info\/index.php\/wp-json\/wp\/v2\/users\/1"}],"replies":[{"embeddable":true,"href":"http:\/\/cordobainforma.info\/index.php\/wp-json\/wp\/v2\/comments?post=166662"}],"version-history":[{"count":0,"href":"http:\/\/cordobainforma.info\/index.php\/wp-json\/wp\/v2\/posts\/166662\/revisions"}],"wp:attachment":[{"href":"http:\/\/cordobainforma.info\/index.php\/wp-json\/wp\/v2\/media?parent=166662"}],"wp:term":[{"taxonomy":"category","embeddable":true,"href":"http:\/\/cordobainforma.info\/index.php\/wp-json\/wp\/v2\/categories?post=166662"},{"taxonomy":"post_tag","embeddable":true,"href":"http:\/\/cordobainforma.info\/index.php\/wp-json\/wp\/v2\/tags?post=166662"}],"curies":[{"name":"wp","href":"https:\/\/api.w.org\/{rel}","templated":true}]}}