{"id":166627,"date":"2025-09-01T02:36:36","date_gmt":"2025-09-01T02:36:36","guid":{"rendered":"https:\/\/somoscordobeses.com\/2025\/08\/31\/cordoba-incendio-provoco-el-derrumbe-del-techo-de-un-taller\/"},"modified":"2025-09-01T02:36:36","modified_gmt":"2025-09-01T02:36:36","slug":"cordoba-incendio-provoco-el-derrumbe-del-techo-de-un-taller","status":"publish","type":"post","link":"http:\/\/cordobainforma.info\/index.php\/2025\/09\/01\/cordoba-incendio-provoco-el-derrumbe-del-techo-de-un-taller\/","title":{"rendered":"C\u00f3rdoba: incendio provoc\u00f3 el derrumbe del techo de un taller"},"content":{"rendered":"<div><img src=\"http:\/\/cordobainforma.info\/wp-content\/uploads\/2025\/09\/cordoba-incendio-provoco-el-derrumbe-del-techo-de-un-taller.jpg\" class=\"ff-og-image-inserted\"><\/div>\n<p><strong>En horas del mediod\u00eda, un incendio se desat\u00f3 en un taller mec\u00e1nico y dep\u00f3sito ubicado al fondo de una vivienda en calle Robin Ferreyra al 3400, en barrio Tranviarios de C\u00f3rdoba capital.<\/strong><\/p>\n<p>Personal de la Direcci\u00f3n Bomberos acudi\u00f3 de inmediato y logr\u00f3 sofocar las llamas, aunque el siniestro provoc\u00f3 el colapso del techo de chapa del inmueble.<\/p>\n<p>El propietario, un hombre de 61 a\u00f1os, fue asistido por un servicio de emergencias que le diagnostic\u00f3 una quemadura superficial, sin necesidad de ser trasladado a un hospital.<\/p>\n<p>Las autoridades investigan las causas que originaron el foco \u00edgneo, mientras en la zona se trabajaba en la remoci\u00f3n de los restos afectados por el fuego.<\/p>\n","protected":false},"excerpt":{"rendered":"<p>En horas del mediod\u00eda, un incendio se desat\u00f3 en un taller mec\u00e1nico y dep\u00f3sito ubicado al fondo de una vivienda en calle Robin Ferreyra al 3400, en barrio Tranviarios de C\u00f3rdoba capital. Personal de la Direcci\u00f3n Bomberos acudi\u00f3 de inmediato y logr\u00f3 sofocar las llamas, aunque el siniestro provoc\u00f3 el colapso del techo de chapa [&hellip;]<\/p>\n","protected":false},"author":1,"featured_media":166628,"comment_status":"closed","ping_status":"closed","sticky":false,"template":"","format":"standard","meta":[],"categories":[2],"tags":[],"_links":{"self":[{"href":"http:\/\/cordobainforma.info\/index.php\/wp-json\/wp\/v2\/posts\/166627"}],"collection":[{"href":"http:\/\/cordobainforma.info\/index.php\/wp-json\/wp\/v2\/posts"}],"about":[{"href":"http:\/\/cordobainforma.info\/index.php\/wp-json\/wp\/v2\/types\/post"}],"author":[{"embeddable":true,"href":"http:\/\/cordobainforma.info\/index.php\/wp-json\/wp\/v2\/users\/1"}],"replies":[{"embeddable":true,"href":"http:\/\/cordobainforma.info\/index.php\/wp-json\/wp\/v2\/comments?post=166627"}],"version-history":[{"count":0,"href":"http:\/\/cordobainforma.info\/index.php\/wp-json\/wp\/v2\/posts\/166627\/revisions"}],"wp:featuredmedia":[{"embeddable":true,"href":"http:\/\/cordobainforma.info\/index.php\/wp-json\/wp\/v2\/media\/166628"}],"wp:attachment":[{"href":"http:\/\/cordobainforma.info\/index.php\/wp-json\/wp\/v2\/media?parent=166627"}],"wp:term":[{"taxonomy":"category","embeddable":true,"href":"http:\/\/cordobainforma.info\/index.php\/wp-json\/wp\/v2\/categories?post=166627"},{"taxonomy":"post_tag","embeddable":true,"href":"http:\/\/cordobainforma.info\/index.php\/wp-json\/wp\/v2\/tags?post=166627"}],"curies":[{"name":"wp","href":"https:\/\/api.w.org\/{rel}","templated":true}]}}