{"id":166625,"date":"2025-09-01T02:39:24","date_gmt":"2025-09-01T02:39:24","guid":{"rendered":"https:\/\/somoscordobeses.com\/2025\/08\/31\/en-el-kirchnerismo-culpan-a-wado-y-ottavis-por-el-fracaso-de-corrientes\/"},"modified":"2025-09-01T02:39:24","modified_gmt":"2025-09-01T02:39:24","slug":"en-el-kirchnerismo-culpan-a-wado-y-ottavis-por-el-fracaso-de-corrientes","status":"publish","type":"post","link":"http:\/\/cordobainforma.info\/index.php\/2025\/09\/01\/en-el-kirchnerismo-culpan-a-wado-y-ottavis-por-el-fracaso-de-corrientes\/","title":{"rendered":"En el kirchnerismo culpan a Wado y Ottavis por el fracaso de Corrientes"},"content":{"rendered":"<div><img src=\"http:\/\/cordobainforma.info\/wp-content\/uploads\/2025\/09\/en-el-kirchnerismo-culpan-a-wado-y-ottavis-por-el-fracaso-de-corrientes.png\" class=\"ff-og-image-inserted\"><\/div>\n<p>En el kirchnerismo cargaron contra Jos\u00e9 Ottavis por el fracaso en la elecci\u00f3n de Corrientes. El candidato del peronismo termin\u00f3 segundo con 20 puntos, a m\u00e1s de 30 de Juan Pablo Vald\u00e9s, que consigui\u00f3 m\u00e1s del 52% de los votos.<\/p>\n<p>Ottavis fue secretario general de La C\u00e1mpora en la provincia de Buenos Aires, pero tras algunas diferencias con M\u00e1ximo Kirchner y algunos enredos personales volvi\u00f3 a instalarse en el Monte Caseros de su infancia y volvi\u00f3 a empezar con un incipiente armado pol\u00edtico local.<\/p>\n<p> Tuvo algunos \u00e9xitos electorales y recuper\u00f3 la confianza de Cristina Kirchner. Se lo pudo ver en varias fotos en el Instituto Patria el a\u00f1o pasado cuando el peronismo se divid\u00eda entre quienes respaldaban a la ex presidenta y quienes respaldaban al gobernador de La Rioja, Ricardo Quintela.<\/p>\n<p>Encuesta: Vald\u00e9s muy cerca de ganar Corrientes en primera vuelta y los libertarios est\u00e1n cuartos<\/p>\n<p>Fue Ottavis quien propuso la candidatura de Mart\u00edn Asc\u00faa. Incluso fue quien convenci\u00f3 a Cristina de viajar a Paso de los Libres para el lanzamiento de la campa\u00f1a correntina. Fue su \u00faltimo acto antes de la prisi\u00f3n domiciliaria.<\/p>\n<p>Asc\u00faa logr\u00f3 incluso la adhesi\u00f3n de importantes actores del kirchnerismo como el senador por la provincia de Buenos Aires, Wado De Pedro, que fue a hacer campa\u00f1a. Tambi\u00e9n estuvo Teresa Garc\u00eda, candidata a diputada nacional y muy cercana a la ex presidenta..<\/p>\n","protected":false},"excerpt":{"rendered":"<p>En el kirchnerismo cargaron contra Jos\u00e9 Ottavis por el fracaso en la elecci\u00f3n de Corrientes. El candidato del peronismo termin\u00f3 segundo con 20 puntos, a m\u00e1s de 30 de Juan Pablo Vald\u00e9s, que consigui\u00f3 m\u00e1s del 52% de los votos. Ottavis fue secretario general de La C\u00e1mpora en la provincia de Buenos Aires, pero tras [&hellip;]<\/p>\n","protected":false},"author":1,"featured_media":166626,"comment_status":"closed","ping_status":"closed","sticky":false,"template":"","format":"standard","meta":[],"categories":[2],"tags":[],"_links":{"self":[{"href":"http:\/\/cordobainforma.info\/index.php\/wp-json\/wp\/v2\/posts\/166625"}],"collection":[{"href":"http:\/\/cordobainforma.info\/index.php\/wp-json\/wp\/v2\/posts"}],"about":[{"href":"http:\/\/cordobainforma.info\/index.php\/wp-json\/wp\/v2\/types\/post"}],"author":[{"embeddable":true,"href":"http:\/\/cordobainforma.info\/index.php\/wp-json\/wp\/v2\/users\/1"}],"replies":[{"embeddable":true,"href":"http:\/\/cordobainforma.info\/index.php\/wp-json\/wp\/v2\/comments?post=166625"}],"version-history":[{"count":0,"href":"http:\/\/cordobainforma.info\/index.php\/wp-json\/wp\/v2\/posts\/166625\/revisions"}],"wp:featuredmedia":[{"embeddable":true,"href":"http:\/\/cordobainforma.info\/index.php\/wp-json\/wp\/v2\/media\/166626"}],"wp:attachment":[{"href":"http:\/\/cordobainforma.info\/index.php\/wp-json\/wp\/v2\/media?parent=166625"}],"wp:term":[{"taxonomy":"category","embeddable":true,"href":"http:\/\/cordobainforma.info\/index.php\/wp-json\/wp\/v2\/categories?post=166625"},{"taxonomy":"post_tag","embeddable":true,"href":"http:\/\/cordobainforma.info\/index.php\/wp-json\/wp\/v2\/tags?post=166625"}],"curies":[{"name":"wp","href":"https:\/\/api.w.org\/{rel}","templated":true}]}}