{"id":166592,"date":"2025-08-29T16:04:29","date_gmt":"2025-08-29T16:04:29","guid":{"rendered":"https:\/\/www.escribiendocine.com\/noticias\/2025\/08\/29\/20326-rei-pictures-se-asocia-con-primo-content-y-abre-oficinas-en-espana-y-mexico"},"modified":"2025-08-29T16:04:29","modified_gmt":"2025-08-29T16:04:29","slug":"rei-pictures-se-asocia-con-primo-content-y-abre-oficinas-en-espana-y-mexico","status":"publish","type":"post","link":"http:\/\/cordobainforma.info\/index.php\/2025\/08\/29\/rei-pictures-se-asocia-con-primo-content-y-abre-oficinas-en-espana-y-mexico\/","title":{"rendered":"Rei Pictures se asocia con Primo Content y abre oficinas en Espa\u00f1a y M\u00e9xico"},"content":{"rendered":"<div class=\"media_block\"><\/div>\n<div><img src=\"http:\/\/cordobainforma.info\/wp-content\/uploads\/2025\/08\/rei-pictures-se-asocia-con-primo-content-y-abre-oficinas-en-espana-y-mexico.jpg\" class=\"ff-og-image-inserted\"><\/div>\n<div readability=\"23.657894736842\">\n<div class=\"col-xs-12 col-sm-6 col-md-12 col-lg-3 no-padding col-der\" readability=\"7\">\n<p> <span class=\"fecha\">viernes 29 de agosto de 2025 <\/span> <\/p>\n<\/p><\/div><\/div>\n<div readability=\"73\">\n<p>Seg\u00fan anticip\u00f3 Variety, Rei Pictures anunci\u00f3 su asociaci\u00f3n con Primo Content, un acuerdo que marca el inicio de una expansi\u00f3n global que contempla la apertura de oficinas en Espa\u00f1a y M\u00e9xico, adem\u00e1s de un crecimiento en televisi\u00f3n y servicios de producci\u00f3n orientados a Am\u00e9rica Latina y Europa.<\/p>\n<p>Primo Content, reconocida en el mercado publicitario con presencia en siete pa\u00edses, aportar\u00e1 respaldo estrat\u00e9gico a Rei Pictures en un momento clave para la industria audiovisual argentina. La alianza permitir\u00e1 a Rei fortalecer su cat\u00e1logo, ampliar su divisi\u00f3n de representaci\u00f3n de talentos y ofrecer servicios integrales de producci\u00f3n para proyectos internacionales.<\/p>\n<p class=\"noticia-relacionada noEditable\" data-id=\"16555\"><ampiframe src=\"https:\/\/www.escribiendocine.com\/api\/noticias\/16555\/relacionadas?amp=1\" layout=\"fixed-height\" sandbox=\"allow-top-navigation allow-top-navigation-by-user-activation allow-scripts \" height=\"100px\"> <b placeholder>Lee tambi\u00e9n: Cr\u00edtica de \u00abLos colonos\u00bb: Felipe G\u00e1lvez entre la belleza visual y una historia desgarradora<\/b> <\/ampiframe><\/p>\n<p>Desde su creaci\u00f3n, Rei Pictures se consolid\u00f3 como una de las productoras m\u00e1s influyentes del cine de autor latinoamericano, acompa\u00f1ando proyectos de directores como Lucrecia Martel, Luis Ortega, Felipe G\u00e1lvez, Claudia Llosa, Amalia Ulman, Benjam\u00edn Naishtat, Gonzalo Tobal y Valeria Bertuccelli.<\/p>\n<p>En palabras de Nicol\u00e1s P\u00e9rez Veiga, de Primo Content: <em>\u201cHace tiempo que admiramos la l\u00ednea editorial y la visi\u00f3n cinematogr\u00e1fica de Rei. Estamos entusiasmados de apoyar su crecimiento internacional y de fomentar una red unificada de talento. Juntos aspiramos a construir una potencia global para voces originales en el cine\u201d.<\/em><\/p>\n<p>Por su parte, Benjam\u00edn Domenech, en representaci\u00f3n de Rei Pictures, destac\u00f3: <em>\u201cEstamos encantados de sumar a Primo, que comparte nuestros valores y misi\u00f3n. Este acuerdo fortalecer\u00e1 la comunidad de talento que est\u00e1 en el coraz\u00f3n de Rei\u201d<\/em>.<\/p>\n<p class=\"noticia-relacionada noEditable\" data-id=\"20036\"><ampiframe src=\"https:\/\/www.escribiendocine.com\/api\/noticias\/20036\/relacionadas?amp=1\" layout=\"fixed-height\" sandbox=\"allow-top-navigation allow-top-navigation-by-user-activation allow-scripts \" height=\"100px\"> <b placeholder>Lee tambi\u00e9n: Cr\u00edtica de \u00abMagic Farm\u00bb: Amalia Ulman y una s\u00e1tira sobre el error y el desv\u00edo<\/b> <\/ampiframe><\/p>\n<p>La productora se encuentra en v\u00edsperas de estrenar en la Bienal de Venecia el primer documental de Lucrecia Martel, <strong>Nuestra Tierra<\/strong> (Landmarks), fuera de competencia. Entre sus recientes estrenos se destacan <strong>Magic Farm<\/strong> de Amalia Ulman, <strong>El Jockey <\/strong>de Luis Ortega, <strong>Los Colonos<\/strong> de Felipe G\u00e1lvez, <strong>La Reina del Miedo <\/strong>de Valeria Bertuccelli y Fabiana Tiscornia y <strong>Zama <\/strong>de Lucrecia Martel.<\/p>\n<p class=\"noticia-relacionada noEditable\" data-id=\"18416\"><ampiframe src=\"https:\/\/www.escribiendocine.com\/api\/noticias\/18416\/relacionadas?amp=1\" layout=\"fixed-height\" sandbox=\"allow-top-navigation allow-top-navigation-by-user-activation allow-scripts \" height=\"100px\"> <b placeholder>Lee tambi\u00e9n: Cr\u00edtica de \u00abEl Jockey\u00bb: La traves\u00eda surrealista de Luis Ortega por los m\u00e1rgenes del \u00e9xito y la autodestrucci\u00f3n<\/b> <\/ampiframe><\/p>\n<p>Por su parte, Primo Content contin\u00faa consolidando su presencia global en la producci\u00f3n publicitaria y cinematogr\u00e1fica, con t\u00edtulos como <strong>The Souffleur<\/strong> de Gast\u00f3n Solnicki,<strong> The Secret Agent<\/strong> de Kleber Mendon\u00e7a Filho y <strong>Peter Hujar\u2019s Day<\/strong> de Ira Sachs.<\/p>\n<\/p><\/div>\n","protected":false},"excerpt":{"rendered":"<p>viernes 29 de agosto de 2025 Seg\u00fan anticip\u00f3 Variety, Rei Pictures anunci\u00f3 su asociaci\u00f3n con Primo Content, un acuerdo que marca el inicio de una expansi\u00f3n global que contempla la apertura de oficinas en Espa\u00f1a y M\u00e9xico, adem\u00e1s de un crecimiento en televisi\u00f3n y servicios de producci\u00f3n orientados a Am\u00e9rica Latina y Europa. Primo Content, [&hellip;]<\/p>\n","protected":false},"author":1,"featured_media":166593,"comment_status":"open","ping_status":"closed","sticky":false,"template":"","format":"standard","meta":[],"categories":[21],"tags":[],"_links":{"self":[{"href":"http:\/\/cordobainforma.info\/index.php\/wp-json\/wp\/v2\/posts\/166592"}],"collection":[{"href":"http:\/\/cordobainforma.info\/index.php\/wp-json\/wp\/v2\/posts"}],"about":[{"href":"http:\/\/cordobainforma.info\/index.php\/wp-json\/wp\/v2\/types\/post"}],"author":[{"embeddable":true,"href":"http:\/\/cordobainforma.info\/index.php\/wp-json\/wp\/v2\/users\/1"}],"replies":[{"embeddable":true,"href":"http:\/\/cordobainforma.info\/index.php\/wp-json\/wp\/v2\/comments?post=166592"}],"version-history":[{"count":0,"href":"http:\/\/cordobainforma.info\/index.php\/wp-json\/wp\/v2\/posts\/166592\/revisions"}],"wp:featuredmedia":[{"embeddable":true,"href":"http:\/\/cordobainforma.info\/index.php\/wp-json\/wp\/v2\/media\/166593"}],"wp:attachment":[{"href":"http:\/\/cordobainforma.info\/index.php\/wp-json\/wp\/v2\/media?parent=166592"}],"wp:term":[{"taxonomy":"category","embeddable":true,"href":"http:\/\/cordobainforma.info\/index.php\/wp-json\/wp\/v2\/categories?post=166592"},{"taxonomy":"post_tag","embeddable":true,"href":"http:\/\/cordobainforma.info\/index.php\/wp-json\/wp\/v2\/tags?post=166592"}],"curies":[{"name":"wp","href":"https:\/\/api.w.org\/{rel}","templated":true}]}}