{"id":166590,"date":"2025-08-31T13:17:09","date_gmt":"2025-08-31T13:17:09","guid":{"rendered":"http:\/\/cordobainforma.info\/index.php\/2025\/08\/31\/el-kremlin-los-partidarios-europeos-de-la-guerra-no-se-calman\/"},"modified":"2025-08-31T13:17:09","modified_gmt":"2025-08-31T13:17:09","slug":"el-kremlin-los-partidarios-europeos-de-la-guerra-no-se-calman","status":"publish","type":"post","link":"http:\/\/cordobainforma.info\/index.php\/2025\/08\/31\/el-kremlin-los-partidarios-europeos-de-la-guerra-no-se-calman\/","title":{"rendered":"El Kremlin: Los partidarios europeos de la guerra no se calman"},"content":{"rendered":"<p><img src=\"http:\/\/cordobainforma.info\/wp-content\/uploads\/2025\/08\/el-kremlin-los-partidarios-europeos-de-la-guerra-no-se-calman.jpg\"><\/p>\n<p>El portavoz del Kremlin, Dmitri&nbsp;Peskov, asegur\u00f3 que la tendencia a la guerra por parte de Europa se mantiene <strong>a pesar del enfoque pac\u00edfico del presidente ruso<\/strong>, Vlad\u00edmir Putin y su hom\u00f3logo estadounidense, Donald Trump.<\/p>\n<p>\u00ab<strong>La uni\u00f3n europea por la guerra mantiene su tendencia principal<\/strong>, no se detienen. Esto contrasta notablemente con el enfoque, por ejemplo, de nuestro presidente, el presidente [Vlad\u00edmir] Putin, y el presidente de EE.UU., [Donald] Trump. Esfuerzos por encausar el proceso de paz, que son dif\u00edciles de sobrevalorar, y por los que le estamos agradecidos [a Trump]\u00bb, <a href=\"https:\/\/t.me\/zarubinreporter\/4269\" target=\"_blank\" rel=\"noopener noreferrer\">dijo<\/a> Peskov a una reportera en el marco de la <a href=\"https:\/\/actualidad.rt.com\/actualidad\/562920-cumbre-ocs-megadesfile-pekin-putin-minuto\" target=\"_blank\" rel=\"noopener noreferrer\">25.\u00aa cumbre de la Organizaci\u00f3n de Cooperaci\u00f3n de Shangh\u00e1i<\/a> (<a href=\"https:\/\/actualidad.rt.com\/a-fondo\/562526-ocs-alianza-apostar-confianza-vecindad-eurasia\" target=\"_blank\" rel=\"noopener noreferrer\">OCS<\/a>), que acoge la ciudad china de Tianjin.<\/p>\n<div class=\"ReadMore-root Section-root Section-is1to3-xs_is1to1\" data-widgets=\"ReadMore\">\n<div class=\"Section-container Section-isRow-isTop-isWrap\">\n<article class=\"Card-root Card-is1to1 Card-default \">\n<div class=\"Card-imageWrap\">\n<div class=\"Card-picture\"> <picture class=\"Picture-root Picture-default\"><!--[if IE 9]><video style=\"display: none;\"><![endif]--><source media=\"(-webkit-min-device-pixel-ratio: 2) and (min-resolution: 120dpi)\" srcset=\"http:\/\/cordobainforma.info\/wp-content\/uploads\/2025\/08\/el-kremlin-los-partidarios-europeos-de-la-guerra-no-se-calman-2.jpg 850w, http:\/\/cordobainforma.info\/wp-content\/uploads\/2025\/08\/el-kremlin-los-partidarios-europeos-de-la-guerra-no-se-calman-3.jpg 1960w\"><source srcset=\"http:\/\/cordobainforma.info\/wp-content\/uploads\/2025\/08\/el-kremlin-los-partidarios-europeos-de-la-guerra-no-se-calman-2.jpg, https:\/\/actualidad.rt.com\/actualidad\/460, http:\/\/cordobainforma.info\/wp-content\/uploads\/2025\/08\/el-kremlin-los-partidarios-europeos-de-la-guerra-no-se-calman-3.jpg 980w\"><!--[if IE 9]><\/video><![endif]--><img data-sizes=\"auto\" src=\"http:\/\/cordobainforma.info\/wp-content\/uploads\/2025\/08\/el-kremlin-los-partidarios-europeos-de-la-guerra-no-se-calman-2.jpg\" class=\"Picture-root Picture-default lazyload\" alt=\"Merz: Alemania est\u00e1 en conflicto con Rusia\"><\/picture><!-- noscript pattern --><noscript><img src=\"http:\/\/cordobainforma.info\/wp-content\/uploads\/2025\/08\/el-kremlin-los-partidarios-europeos-de-la-guerra-no-se-calman-3.jpg\" alt=\"Merz: Alemania est\u00e1 en conflicto con Rusia\"><\/noscript> <\/div><\/div>\n<\/article><\/div><\/div>\n<p>El portavoz tambi\u00e9n denunci\u00f3 que la UE est\u00e1 obstaculizando tales esfuerzos. \u00abLos europeos est\u00e1n complaciendo y probablemente alentando al r\u00e9gimen de Kiev en una continuaci\u00f3n totalmente absurda de la l\u00ednea de intransigencia. <strong>Es un gran error<\/strong> [\u2026] Esto <strong>no beneficiar\u00e1 en absoluto al r\u00e9gimen de Kiev<\/strong>. Por el contrario, empeorar\u00e1 considerablemente la situaci\u00f3n del r\u00e9gimen\u00bb, alert\u00f3.<\/p>\n<p>Al ser cuestionado si, a trav\u00e9s de sus declaraciones, los pol\u00edticos europeos se han dado a la tarea de arruinar el <a href=\"https:\/\/actualidad.rt.com\/actualidad\/561444-camino-paz-puntos-claves-historica-reunion-putin-trump\" target=\"_blank\" rel=\"noopener noreferrer\">di\u00e1logo<\/a> entre Mosc\u00fa y Washington, el funcionario se\u00f1al\u00f3 que, hist\u00f3ricamente, los europeos se han fijado el objetivo de \u00abcontener por todos los medios\u00bb a Rusia. \u00abEs una tendencia habitual, y <strong>sabemos c\u00f3mo contrarrestarla<\/strong>\u00ab, a\u00f1adi\u00f3.<\/p>\n<p>A la vez, el funcionario afirm\u00f3 que, por su parte, Mosc\u00fa se encuentra lista para resolver la situaci\u00f3n por la v\u00eda diplom\u00e1tica, pero mientras no vea lo mismo por parte de Kiev, <strong>la operaci\u00f3n especial&nbsp;continuar\u00e1<\/strong>.<\/p>\n<ul>\n<li>Anteriormente, el canciller alem\u00e1n, Friedrich Merz, <a href=\"https:\/\/actualidad.rt.com\/actualidad\/562973-merz-conflicto-rusia\" target=\"_blank\" rel=\"noopener noreferrer\">declar\u00f3<\/a> que su pa\u00eds est\u00e1 <strong>en conflicto con Rusia<\/strong> y acus\u00f3 a Mosc\u00fa de influir en la opini\u00f3n p\u00fablica alemana a trav\u00e9s de redes sociales con el fin de desestabilizar Alemania.<\/li>\n<li>Por su parte, el presidente franc\u00e9s, Emmanuel Macron, volvi\u00f3 a calificar a Rusia de \u00abpotencia desestabilizadora\u00bb y&nbsp;<strong>\u00abamenaza&nbsp;<\/strong><strong><a href=\"https:\/\/actualidad.rt.com\/actualidad\/544656-manipulacion-psicologica-ejercito-frances-maniobras-ciudades-videos\" target=\"_blank\" rel=\"noopener noreferrer\">potencial<\/a><\/strong><strong>\u00ab<\/strong>&nbsp;para Europa.<\/li>\n<\/ul>\n","protected":false},"excerpt":{"rendered":"<p>El portavoz del Kremlin, Dmitri&nbsp;Peskov, asegur\u00f3 que la tendencia a la guerra por parte de Europa se mantiene a pesar del enfoque pac\u00edfico del presidente ruso, Vlad\u00edmir Putin y su hom\u00f3logo estadounidense, Donald Trump. \u00abLa uni\u00f3n europea por la guerra mantiene su tendencia principal, no se detienen. Esto contrasta notablemente con el enfoque, por ejemplo, [&hellip;]<\/p>\n","protected":false},"author":1,"featured_media":166591,"comment_status":"closed","ping_status":"closed","sticky":false,"template":"","format":"standard","meta":[],"categories":[22],"tags":[],"_links":{"self":[{"href":"http:\/\/cordobainforma.info\/index.php\/wp-json\/wp\/v2\/posts\/166590"}],"collection":[{"href":"http:\/\/cordobainforma.info\/index.php\/wp-json\/wp\/v2\/posts"}],"about":[{"href":"http:\/\/cordobainforma.info\/index.php\/wp-json\/wp\/v2\/types\/post"}],"author":[{"embeddable":true,"href":"http:\/\/cordobainforma.info\/index.php\/wp-json\/wp\/v2\/users\/1"}],"replies":[{"embeddable":true,"href":"http:\/\/cordobainforma.info\/index.php\/wp-json\/wp\/v2\/comments?post=166590"}],"version-history":[{"count":0,"href":"http:\/\/cordobainforma.info\/index.php\/wp-json\/wp\/v2\/posts\/166590\/revisions"}],"wp:featuredmedia":[{"embeddable":true,"href":"http:\/\/cordobainforma.info\/index.php\/wp-json\/wp\/v2\/media\/166591"}],"wp:attachment":[{"href":"http:\/\/cordobainforma.info\/index.php\/wp-json\/wp\/v2\/media?parent=166590"}],"wp:term":[{"taxonomy":"category","embeddable":true,"href":"http:\/\/cordobainforma.info\/index.php\/wp-json\/wp\/v2\/categories?post=166590"},{"taxonomy":"post_tag","embeddable":true,"href":"http:\/\/cordobainforma.info\/index.php\/wp-json\/wp\/v2\/tags?post=166590"}],"curies":[{"name":"wp","href":"https:\/\/api.w.org\/{rel}","templated":true}]}}