{"id":166582,"date":"2025-08-31T11:59:18","date_gmt":"2025-08-31T11:59:18","guid":{"rendered":"https:\/\/www.mujerhoy.com\/moda\/no-te-pierdas\/vestidos-invitada-otono-invierno-llevaran-proximas-bodas-20250831145054-nt.html"},"modified":"2025-08-31T11:59:18","modified_gmt":"2025-08-31T11:59:18","slug":"los-vestidos-de-invitada-de-otono-invierno-que-se-llevaran-en-las-proximas-bodas","status":"publish","type":"post","link":"http:\/\/cordobainforma.info\/index.php\/2025\/08\/31\/los-vestidos-de-invitada-de-otono-invierno-que-se-llevaran-en-las-proximas-bodas\/","title":{"rendered":"Los vestidos de invitada de oto\u00f1o-invierno que se llevar\u00e1n en las pr\u00f3ximas bodas"},"content":{"rendered":"<div class=\"media_block\"><\/div>\n<p><!-- AUTHOR --><\/p>\n<div class=\"voc-author-timesocial \">\n<!-- AUTHOR --><\/p>\n<div class=\"voc-author-timesocial__signature \">\n<!-- IMAGE AUTHOR -->\n<picture class=\"voc-image-signature\">\n<img class=\"voc-image-signature__img\" src=\"http:\/\/cordobainforma.info\/wp-content\/uploads\/2025\/08\/los-vestidos-de-invitada-de-otono-invierno-que-se-llevaran-en-las-proximas-bodas.jpg\" alt=\"Carla Dom\u00ednguez\">\n<\/picture>\n<!-- INFO AUTHOR --> <\/div><\/div>\n<p><!-- COMPONENTS --><\/p>\n<p class=\"voc-paragraph\">Con la llegada del oto\u00f1o y el invierno, <strong>las bodas<\/strong> adquieren una atm\u00f3sfera especial: ceremonias m\u00e1s \u00edntimas, luz suave, paisajes te\u00f1idos de tonos c\u00e1lidos y una moda que se adapta a temperaturas m\u00e1s frescas sin renunciar a la elegancia. <a href=\"https:\/\/www.mujerhoy.com\/moda\/no-te-pierdas\/vestidos-invitadas-bonitos-primavera-verano-bodas-20250422075212-nt.html\" data-voc-vtm-id=\"in-text-traffic\" title=\"Para las invitadas\" data-mrf-link=\"www.mujerhoy.com\">Para las invitadas<\/a>, esta temporada es una oportunidad perfecta para lucir tejidos lujosos, colores intensos y siluetas que combinan estilo y confort. <\/p>\n<p class=\"voc-paragraph\">Desde el terciopelo m\u00e1s sofisticado hasta los tonos joya que iluminan los d\u00edas grises, <a href=\"https:\/\/www.mujerhoy.com\/moda\/no-te-pierdas\/nuevo-vestidos-midi-basicos-baratos-zara-20250316163329-nt.html\" data-voc-vtm-id=\"in-text-traffic\" title=\"los vestidos de invitada\" data-mrf-link=\"www.mujerhoy.com\">los vestidos de invitada<\/a> de esta \u00e9poca del a\u00f1o tienen una personalidad \u00fanica.Si tu calendario incluye una boda en los pr\u00f3ximos meses, estos son <strong>los vestidos que debes tener en el radar.<\/strong><\/p>\n<div class=\"v-c-cmp v-c-cmp--t1 \">\n<div class=\"v-cmp-rld v-cmp-rld--2 \">\n<div class=\"v-cnt-m v-cnt-m--m\">\n<div class=\"v-cnt-m__c\">\n<div class=\"v-cnt-m__w v-cnt-m__w--1\">\n<p class=\"v-cnt-m__t\">\nTAMBI\u00c9N TE INTERESA\n<\/p>\n<\/div>\n<\/div>\n<\/div>\n<div class=\"v-g v-g--2-c v-g--bdr-min-xs\">\n<div class=\"v-g__c \">\n<article class=\"v-a v-a--cmp-rld v-a--cmp-rld-2 v-a--p-l\">\n<div class=\"v-a-img-c\">\n<figure class=\"v-a-fig\">\n<a href=\"https:\/\/www.mujerhoy.com\/moda\/no-te-pierdas\/novedades--sfera-blusas-romanticas-vestidos-jerseis-entretiempo-20250812181513-nt.html#vtm_modulosEngag=mod-rel:moda:noticia:1:cmp:2-not\" class=\"v-a-link\" title=\"Las novedades de la semana de Sfera: blusas rom\u00e1nticas, jers\u00e9is de entretiempo y vestidos ideales para el oto\u00f1o\"><br \/>\n<img loading=\"lazy\" class=\"v-a-img\" src=\"http:\/\/cordobainforma.info\/wp-content\/uploads\/2025\/08\/los-vestidos-de-invitada-de-otono-invierno-que-se-llevaran-en-las-proximas-bodas-1.jpg\" alt=\"Las novedades de la semana de Sfera: blusas rom\u00e1nticas, jers\u00e9is de entretiempo y vestidos ideales para el oto\u00f1o\"><br \/>\n<\/a><br \/>\n<\/figure>\n<\/div>\n<\/article>\n<\/div>\n<div class=\"v-g__c \">\n<article class=\"v-a v-a--cmp-rld v-a--cmp-rld-2 v-a--p-l\">\n<div class=\"v-a-img-c\">\n<figure class=\"v-a-fig\">\n<a href=\"https:\/\/www.mujerhoy.com\/moda\/no-te-pierdas\/novedades-zara-vestidos-basicos-entretiempo-20250811080626-nt.html#vtm_modulosEngag=mod-rel:moda:noticia:2:cmp:2-not\" class=\"v-a-link\" title=\"Las novedades de la semana de Zara: vestidos todoterreno, trench corto y otros esenciales para estrenar en entretiempo\"><br \/>\n<img loading=\"lazy\" class=\"v-a-img\" src=\"http:\/\/cordobainforma.info\/wp-content\/uploads\/2025\/08\/los-vestidos-de-invitada-de-otono-invierno-que-se-llevaran-en-las-proximas-bodas-2.jpg\" alt=\"Las novedades de la semana de Zara: vestidos todoterreno, trench corto y otros esenciales para estrenar en entretiempo\"><br \/>\n<\/a><br \/>\n<\/figure>\n<\/div>\n<\/article>\n<\/div>\n<\/div>\n<\/div>\n<\/div>\n<p><h3 class=\"v-cmp-suh\">\nLos mejores vestidos de invitada para bodas de oto\u00f1o-invierno<br \/>\n<\/h3>\n<\/p>\n<div class=\"v-c-cmp \">\n<div class=\"v-cmp-m v-cmp-m--t1\">\n<article class=\"v-a v-a--cmp-m v-c-cmp--m-p\">\n<div class=\"v-a-img-c v-a-img-c--fw-xs\">\n<div class=\"v-a-fig\">\n<div class=\"v-a-link\">\n<img loading=\"lazy\" src=\"http:\/\/cordobainforma.info\/wp-content\/uploads\/2025\/08\/los-vestidos-de-invitada-de-otono-invierno-que-se-llevaran-en-las-proximas-bodas-3.jpg\" class=\"v-a-img\" width=\"650\" height=\"975\" alt=\"Vestido con detalle asim\u00e9trico de Lady Pipa.\" data-voc-vtm-id=\"in-text-traffic\">\n<\/div><figcaption class=\"v-fc\">\n<span class=\"v-fc__t\"><br \/>\nVestido con detalle asim\u00e9trico de Lady Pipa.<br \/>\n<\/span><br \/>\n<span class=\"v-fc__p\"><br \/>\nlady pipa<br \/>\n<\/span><br \/>\n<\/figcaption><\/div>\n<\/div>\n<\/article>\n<\/div>\n<\/div>\n<p><h3 class=\"v-cmp-suh\">\nVestido con detalle asim\u00e9trico de Lady Pipa (169,95 euros)<br \/>\n<\/h3>\n<\/p>\n<p class=\"voc-paragraph\">Una de las firmas que cuenta con una amplia variedad de vestidos para invitadas es <strong>Lady Pipa<\/strong>. Uno de los dise\u00f1os ideales para el oto\u00f1o es este vestido en color burdeos con detalle asim\u00e9trico. Es el modelo Siracusa y cueta unos 169,95 euros. Tambi\u00e9n est\u00e1 disponible en m\u00e1s tonalidades.<\/p>\n<div class=\"v-c-cmp \">\n<div class=\"v-cmp-m v-cmp-m--t1\">\n<article class=\"v-a v-a--cmp-m v-c-cmp--m-p\">\n<div class=\"v-a-img-c v-a-img-c--fw-xs\">\n<div class=\"v-a-fig\">\n<div class=\"v-a-link\">\n<img loading=\"lazy\" src=\"http:\/\/cordobainforma.info\/wp-content\/uploads\/2025\/08\/los-vestidos-de-invitada-de-otono-invierno-que-se-llevaran-en-las-proximas-bodas-4.jpg\" class=\"v-a-img\" width=\"650\" height=\"975\" alt=\"Vestido en granate de Miphai.\" data-voc-vtm-id=\"in-text-traffic\">\n<\/div><figcaption class=\"v-fc\">\n<span class=\"v-fc__t\"><br \/>\nVestido en granate de Miphai.<br \/>\n<\/span><br \/>\n<span class=\"v-fc__p\"><br \/>\nMiphai.<br \/>\n<\/span><br \/>\n<\/figcaption><\/div>\n<\/div>\n<\/article>\n<\/div>\n<\/div>\n<p><h3 class=\"v-cmp-suh\">\nVestido en granate de Miphai (179,99 euros)<br \/>\n<\/h3>\n<\/p>\n<p class=\"voc-paragraph\">Los tonos burdeos ser\u00e1n los protagonistas de las bodas de oto\u00f1o.Es un color muy favorecedor que puedes llevar tambi\u00e9n a trav\u00e9s de este dise\u00f1o de <strong>la firma Miphai.<\/strong> Es un vestido con tirantes gruesos y bajo a contraste en tul. Tiene un precio de 179,99 euros.<\/p>\n<div class=\"v-c-cmp \">\n<div class=\"v-cmp-m v-cmp-m--t1\">\n<article class=\"v-a v-a--cmp-m v-c-cmp--m-p\">\n<div class=\"v-a-img-c v-a-img-c--fw-xs\">\n<div class=\"v-a-fig\">\n<div class=\"v-a-link\">\n<img loading=\"lazy\" src=\"http:\/\/cordobainforma.info\/wp-content\/uploads\/2025\/08\/los-vestidos-de-invitada-de-otono-invierno-que-se-llevaran-en-las-proximas-bodas-5.jpg\" class=\"v-a-img\" width=\"650\" height=\"975\" alt=\"Vestido con cuello drapeado en gris de Coosy.\" data-voc-vtm-id=\"in-text-traffic\">\n<\/div><figcaption class=\"v-fc\">\n<span class=\"v-fc__t\"><br \/>\nVestido con cuello drapeado en gris de Coosy.<br \/>\n<\/span><br \/>\n<span class=\"v-fc__p\"><br \/>\ncoosy<br \/>\n<\/span><br \/>\n<\/figcaption><\/div>\n<\/div>\n<\/article>\n<\/div>\n<\/div>\n<p><h3 class=\"v-cmp-suh\">\nVestido con cuello drapeado en gris de Coosy (140 euros)<br \/>\n<\/h3>\n<\/p>\n<p class=\"voc-paragraph\">Los vestidos en gris no son tan populares en invitadas, pero tienen un toque elegante muy interesante. Este es un vestido sin mangas, con manga fluida y cuello alto drapeado de <strong>la firma Coosy<\/strong>. Un dise\u00f1o de nueva colecci\u00f3n que puedes conseguir por unos 140 euros.<\/p>\n<div class=\"v-c-cmp \">\n<div class=\"v-cmp-m v-cmp-m--t1\">\n<article class=\"v-a v-a--cmp-m v-c-cmp--m-p\">\n<div class=\"v-a-img-c v-a-img-c--fw-xs\">\n<div class=\"v-a-fig\">\n<div class=\"v-a-link\">\n<img loading=\"lazy\" src=\"http:\/\/cordobainforma.info\/wp-content\/uploads\/2025\/08\/los-vestidos-de-invitada-de-otono-invierno-que-se-llevaran-en-las-proximas-bodas-6.jpg\" class=\"v-a-img\" width=\"650\" height=\"975\" alt=\"Vestido satinado asim\u00e9trico en color marr\u00f3n de Mango.\" data-voc-vtm-id=\"in-text-traffic\">\n<\/div><figcaption class=\"v-fc\">\n<span class=\"v-fc__t\"><br \/>\nVestido satinado asim\u00e9trico en color marr\u00f3n de Mango.<br \/>\n<\/span><br \/>\n<span class=\"v-fc__p\"><br \/>\nmango<br \/>\n<\/span><br \/>\n<\/figcaption><\/div>\n<\/div>\n<\/article>\n<\/div>\n<\/div>\n<p><h3 class=\"v-cmp-suh\">\nVestido satinado asim\u00e9trico en color marr\u00f3n de Mango<br \/>\n<\/h3>\n<\/p>\n<p class=\"voc-paragraph\">El marr\u00f3n chocolate es el color de moda. Un a\u00f1o m\u00e1s regresa con fuerza y este dise\u00f1o de Mango nos parece elegantisimo. Se trata de un vestido fluido, satinado y con detalle asim\u00e9trico que favorece mucho la zona del escote en los hombros. Tiene un precio de 79,99 euros.<\/p>\n<div class=\"v-c-cmp \">\n<div class=\"v-cmp-m v-cmp-m--t1\">\n<article class=\"v-a v-a--cmp-m v-c-cmp--m-p\">\n<div class=\"v-a-img-c v-a-img-c--fw-xs\">\n<div class=\"v-a-fig\">\n<div class=\"v-a-link\">\n<img loading=\"lazy\" src=\"http:\/\/cordobainforma.info\/wp-content\/uploads\/2025\/08\/los-vestidos-de-invitada-de-otono-invierno-que-se-llevaran-en-las-proximas-bodas-7.jpg\" class=\"v-a-img\" width=\"650\" height=\"975\" alt=\"Vestido con cuello halter en morado de Mango.\" data-voc-vtm-id=\"in-text-traffic\">\n<\/div><figcaption class=\"v-fc\">\n<span class=\"v-fc__t\"><br \/>\nVestido con cuello halter en morado de Mango.<br \/>\n<\/span><br \/>\n<span class=\"v-fc__p\"><br \/>\nMango.<br \/>\n<\/span><br \/>\n<\/figcaption><\/div>\n<\/div>\n<\/article>\n<\/div>\n<\/div>\n<p><h3 class=\"v-cmp-suh\">\nVestido con cuello halter en morado de Mango<br \/>\n<\/h3>\n<\/p>\n<p class=\"voc-paragraph\">Muy atenta a este tono porque ser\u00e1 la sorpresa de las bodas de oto\u00f1o. Un dise\u00f1o en color morado que resulta muy favorecedor es este modelo de Mango. Es un vestido s\u00faper fluido con el cl\u00e1sico cuello halter. Un modelo disponible por 59,99 euros en todas las tallas.<\/p>\n<div class=\"v-c-cmp v-c-cmp--t1 \">\n<div class=\"v-cmp-rld v-cmp-rld--2 \">\n<div class=\"v-cnt-m v-cnt-m--m\">\n<div class=\"v-cnt-m__c\">\n<div class=\"v-cnt-m__w v-cnt-m__w--1\">\n<p class=\"v-cnt-m__t\">\nTAMBI\u00c9N TE INTERESA\n<\/p>\n<\/div>\n<\/div>\n<\/div>\n<div class=\"v-g v-g--2-c v-g--bdr-min-xs\">\n<div class=\"v-g__c \">\n<article class=\"v-a v-a--cmp-rld v-a--cmp-rld-2 v-a--p-l\">\n<div class=\"v-a-img-c\">\n<figure class=\"v-a-fig\">\n<a href=\"https:\/\/www.mujerhoy.com\/moda\/no-te-pierdas\/vestidos-elegantes-fresquitos-lucir-perfecta-noches-verano-20250804123735-nt.html#vtm_modulosEngag=mod-rel:moda:noticia:1:cmp:1-not\" class=\"v-a-link\" title=\"Vestidos elegantes y fresquitos para lucir perfecta en tus noches de verano\"><br \/>\n<img loading=\"lazy\" class=\"v-a-img\" src=\"http:\/\/cordobainforma.info\/wp-content\/uploads\/2025\/08\/los-vestidos-de-invitada-de-otono-invierno-que-se-llevaran-en-las-proximas-bodas-8.jpg\" alt=\"Vestidos elegantes y fresquitos para lucir perfecta en tus noches de verano\"><br \/>\n<\/a><br \/>\n<\/figure>\n<\/div>\n<\/article>\n<\/div>\n<\/div>\n<\/div>\n<\/div>\n","protected":false},"excerpt":{"rendered":"<p>Con la llegada del oto\u00f1o y el invierno, las bodas adquieren una atm\u00f3sfera especial: ceremonias m\u00e1s \u00edntimas, luz suave, paisajes te\u00f1idos de tonos c\u00e1lidos y una moda que se adapta a temperaturas m\u00e1s frescas sin renunciar a la elegancia. Para las invitadas, esta temporada es una oportunidad perfecta para lucir tejidos lujosos, colores intensos y [&hellip;]<\/p>\n","protected":false},"author":1,"featured_media":166583,"comment_status":"closed","ping_status":"closed","sticky":false,"template":"","format":"standard","meta":[],"categories":[24],"tags":[],"_links":{"self":[{"href":"http:\/\/cordobainforma.info\/index.php\/wp-json\/wp\/v2\/posts\/166582"}],"collection":[{"href":"http:\/\/cordobainforma.info\/index.php\/wp-json\/wp\/v2\/posts"}],"about":[{"href":"http:\/\/cordobainforma.info\/index.php\/wp-json\/wp\/v2\/types\/post"}],"author":[{"embeddable":true,"href":"http:\/\/cordobainforma.info\/index.php\/wp-json\/wp\/v2\/users\/1"}],"replies":[{"embeddable":true,"href":"http:\/\/cordobainforma.info\/index.php\/wp-json\/wp\/v2\/comments?post=166582"}],"version-history":[{"count":0,"href":"http:\/\/cordobainforma.info\/index.php\/wp-json\/wp\/v2\/posts\/166582\/revisions"}],"wp:featuredmedia":[{"embeddable":true,"href":"http:\/\/cordobainforma.info\/index.php\/wp-json\/wp\/v2\/media\/166583"}],"wp:attachment":[{"href":"http:\/\/cordobainforma.info\/index.php\/wp-json\/wp\/v2\/media?parent=166582"}],"wp:term":[{"taxonomy":"category","embeddable":true,"href":"http:\/\/cordobainforma.info\/index.php\/wp-json\/wp\/v2\/categories?post=166582"},{"taxonomy":"post_tag","embeddable":true,"href":"http:\/\/cordobainforma.info\/index.php\/wp-json\/wp\/v2\/tags?post=166582"}],"curies":[{"name":"wp","href":"https:\/\/api.w.org\/{rel}","templated":true}]}}