{"id":166570,"date":"2025-08-31T11:31:31","date_gmt":"2025-08-31T11:31:31","guid":{"rendered":"http:\/\/cordobainforma.info\/index.php\/2025\/08\/31\/la-universidad-de-la-pampa-estima-que-la-pobreza-se-ubica-en-el-434\/"},"modified":"2025-08-31T11:31:31","modified_gmt":"2025-08-31T11:31:31","slug":"la-universidad-de-la-pampa-estima-que-la-pobreza-se-ubica-en-el-434","status":"publish","type":"post","link":"http:\/\/cordobainforma.info\/index.php\/2025\/08\/31\/la-universidad-de-la-pampa-estima-que-la-pobreza-se-ubica-en-el-434\/","title":{"rendered":"La Universidad de La Pampa estima que la pobreza se ubica en el 43,4%"},"content":{"rendered":"<div class=\"media_block\"><\/div>\n<div><img src=\"http:\/\/cordobainforma.info\/wp-content\/uploads\/2025\/08\/la-universidad-de-la-pampa-estima-que-la-pobreza-se-ubica-en-el-434.jpg\" class=\"ff-og-image-inserted\"><\/div>\n<p>Investigadores y economistas de consultoras privadas se\u00f1alan desde hace algunos meses que si se ajustaran los par\u00e1metros bajo los cuales se mide la pobreza en Argentina, el porcentaje ser\u00eda mayor. Un estudio de la consultora Equilibra y el Observatorio Universitario de Econom\u00eda de la Universidad Nacional de La Pampa arroj\u00f3 datos concretos: la pobreza alcanzar\u00eda al 43,3% de la poblaci\u00f3n, casi nueve puntos porcentuales por encima de las cifras oficiales (34,7%).<\/p>\n<p>El an\u00e1lisis basa su metodolog\u00eda en dos premisas: la actualizaci\u00f3n de la Canasta B\u00e1sica Total (CBT) y la correcci\u00f3n por subdeclaraci\u00f3n de ingresos en la Encuesta Permanente de Hogares (EPH).<\/p>\n<p>\u201cLa metodolog\u00eda oficial contin\u00faa utilizando los ponderadores de la Encuesta Nacional de Gastos de los Hogares (Engho) 2004\/05 para el c\u00e1lculo de la CBT, lo que genera una subestimaci\u00f3n de la l\u00ednea de pobreza en un contexto de cambios significativos en los precios relativos y mayor exigencia en los patrones de consumo\u201d, explican los autores del informe. \u201cA su vez, en los \u00faltimos trimestres se evidenci\u00f3 una mejor\u00eda en la captaci\u00f3n de ingresos de la EPH, lo que mostr\u00f3 una fuerte relaci\u00f3n entre los movimientos de la pobreza y la subdeclaraci\u00f3n de ingresos\u201d.<\/p>\n<div class=\"subscription\" readability=\"6.683257918552\">\n<p> Esto no les gusta a los autoritarios <\/p>\n<div class=\"subscription__container\" readability=\"6.1467391304348\">\n<div class=\"subscription__text-wrapper\" readability=\"31.20652173913\">\n<p> El ejercicio del periodismo profesional y cr\u00edtico es un pilar fundamental de la democracia. Por eso molesta a quienes creen ser los due\u00f1os de la verdad. <\/p>\n<\/p><\/div><\/div><\/div>\n<p>Para superar estas limitaciones, contin\u00faan, actualizaron la canasta b\u00e1sica en base a la Engho 2017\/18 e introdujeron coeficientes de correcci\u00f3n por subdeclaraci\u00f3n de ingresos. El resultado es que, si bien la tendencia se mantiene a la baja, no es tan profunda. La pobreza \u201ca\u00fan se ubica en l\u00ednea con los \u00faltimos meses de la administraci\u00f3n de Alberto Fern\u00e1ndez (43,5%)\u201d. <\/p>\n<p>El Observatorio de la Deuda Social de la UCA tambi\u00e9n hab\u00eda relativizado los resultados oficiales: la pobreza multidimensional (la que no solamente se mide por ingresos, sino tambi\u00e9n por capacidad de acceder a la salud, servicios p\u00fablicos y h\u00e1bitat saludable)creci\u00f3: del 39,8% al 41,6% entre 2023 y 2024.<\/p>\n<p>La diferencia entre pobreza por ingresos y pobreza multidimensional es que la primera mide la capacidad de los salarios para cubrir el valor de una canasta. Pero puede suceder que un hogar con sus ingresos supere el umbral de la l\u00ednea de pobreza o indigencia y que aun as\u00ed sus miembros no puedan alimentarse adecuadamente (inseguridad alimentaria) o cubrir sus necesidades de salud.<\/p>\n<p>Desde la UCA insistieron en que la canasta b\u00e1sica sobre la que se mide la pobreza deber\u00eda reflejar el mayor peso relativo de otras necesidades: desde diciembre de 2023 hasta agosto de 2025 los servicios p\u00fablicos del AMBA aumentaron un 578%, 420 puntos porcentuales por encima de la inflaci\u00f3n.<\/p>\n","protected":false},"excerpt":{"rendered":"<p>Investigadores y economistas de consultoras privadas se\u00f1alan desde hace algunos meses que si se ajustaran los par\u00e1metros bajo los cuales se mide la pobreza en Argentina, el porcentaje ser\u00eda mayor. Un estudio de la consultora Equilibra y el Observatorio Universitario de Econom\u00eda de la Universidad Nacional de La Pampa arroj\u00f3 datos concretos: la pobreza alcanzar\u00eda [&hellip;]<\/p>\n","protected":false},"author":1,"featured_media":166571,"comment_status":"closed","ping_status":"closed","sticky":false,"template":"","format":"standard","meta":[],"categories":[2],"tags":[],"_links":{"self":[{"href":"http:\/\/cordobainforma.info\/index.php\/wp-json\/wp\/v2\/posts\/166570"}],"collection":[{"href":"http:\/\/cordobainforma.info\/index.php\/wp-json\/wp\/v2\/posts"}],"about":[{"href":"http:\/\/cordobainforma.info\/index.php\/wp-json\/wp\/v2\/types\/post"}],"author":[{"embeddable":true,"href":"http:\/\/cordobainforma.info\/index.php\/wp-json\/wp\/v2\/users\/1"}],"replies":[{"embeddable":true,"href":"http:\/\/cordobainforma.info\/index.php\/wp-json\/wp\/v2\/comments?post=166570"}],"version-history":[{"count":0,"href":"http:\/\/cordobainforma.info\/index.php\/wp-json\/wp\/v2\/posts\/166570\/revisions"}],"wp:featuredmedia":[{"embeddable":true,"href":"http:\/\/cordobainforma.info\/index.php\/wp-json\/wp\/v2\/media\/166571"}],"wp:attachment":[{"href":"http:\/\/cordobainforma.info\/index.php\/wp-json\/wp\/v2\/media?parent=166570"}],"wp:term":[{"taxonomy":"category","embeddable":true,"href":"http:\/\/cordobainforma.info\/index.php\/wp-json\/wp\/v2\/categories?post=166570"},{"taxonomy":"post_tag","embeddable":true,"href":"http:\/\/cordobainforma.info\/index.php\/wp-json\/wp\/v2\/tags?post=166570"}],"curies":[{"name":"wp","href":"https:\/\/api.w.org\/{rel}","templated":true}]}}