{"id":166568,"date":"2025-08-30T13:22:06","date_gmt":"2025-08-30T13:22:06","guid":{"rendered":"https:\/\/cordoba.gob.ar\/?p=80630"},"modified":"2025-08-30T13:22:06","modified_gmt":"2025-08-30T13:22:06","slug":"talleres-vs-deportivo-riestra-operativos-municipales-este-domingo-en-el-estado-mario-alberto-kempes","status":"publish","type":"post","link":"http:\/\/cordobainforma.info\/index.php\/2025\/08\/30\/talleres-vs-deportivo-riestra-operativos-municipales-este-domingo-en-el-estado-mario-alberto-kempes\/","title":{"rendered":"Talleres vs. Deportivo Riestra: operativos municipales este domingo en el Estado Mario Alberto Kempes"},"content":{"rendered":"<div><img src=\"http:\/\/cordobainforma.info\/wp-content\/uploads\/2025\/08\/talleres-vs-deportivo-riestra-operativos-municipales-este-domingo-en-el-estado-mario-alberto-kempes.jpg\" class=\"ff-og-image-inserted\"><\/div>\n<ul>\n<li data-prosemirror-content-type=\"node\" data-prosemirror-node-name=\"paragraph\" data-prosemirror-node-block=\"true\"><strong><strong>Los colectivos saldr\u00e1n a partir de las 14:30 desde la Plaza de la Intendencia \u2013 H\u00e9roes de Malvinas.<\/strong><\/strong><br \/>\n<hr>\n<\/li>\n<\/ul>\n<p data-prosemirror-content-type=\"node\" data-prosemirror-node-name=\"paragraph\" data-prosemirror-node-block=\"true\">Para garantizar la seguridad y normal desarrollo del espect\u00e1culo deportivo, la Municipalidad de C\u00f3rdoba junto a distintos organismos provinciales, dise\u00f1aron operativos integrales para el partido que disputar\u00e1n este domingo Talleres y Deportivo Riestra.<\/p>\n<p data-prosemirror-content-type=\"node\" data-prosemirror-node-name=\"paragraph\" data-prosemirror-node-block=\"true\">Polic\u00eda Municipal de Tr\u00e1nsito implementar\u00e1 un operativo de ordenamiento de la circulaci\u00f3n vehicular en los alrededores del Estadio Mario Alberto Kempes. Se orientar\u00e1 el tr\u00e1nsito del p\u00fablico asistente hacia los espacios previstos para el estacionamiento, de modo tal de garantizar el acceso permanente y fluido al Estadio.<\/p>\n<p data-prosemirror-content-type=\"node\" data-prosemirror-node-name=\"paragraph\" data-prosemirror-node-block=\"true\">Habr\u00e1 servicios especiales de transporte para la hinchada albiazul a cargo de coches de FAM y TAMSAU, que saldr\u00e1n a partir de las 14:30 desde la Plaza de la Intendencia-H\u00e9roes de Malvinas. El pago del servicio podr\u00e1 realizarse con todos los medios habilitados.<\/p>\n<p data-prosemirror-content-type=\"node\" data-prosemirror-node-name=\"paragraph\" data-prosemirror-node-block=\"true\">Polic\u00eda Municipal dispuso un operativo de ordenamiento del tr\u00e1nsito en la zona del estadio,&nbsp;coordinado por 80 agentes, antes y despu\u00e9s del espect\u00e1culo. Se distribuir\u00e1n entre la rotonda de la Mujer Urbana, la avenida Gauss, del Piamonte y otros accesos a las playas de estacionamiento en el Parque del Kempes, la playa norte, subterr\u00e1nea, central, sur y ferial. Se utilizar\u00e1n once m\u00f3viles, cinco gr\u00faas, cuatro motos y un minibus.<\/p>\n<p data-prosemirror-content-type=\"node\" data-prosemirror-node-name=\"paragraph\" data-prosemirror-node-block=\"true\">El operativo adem\u00e1s contempla la actuaci\u00f3n del \u00e1rea de Fiscalizaci\u00f3n y Control Municipal, que tendr\u00e1 48 personas para el control del espect\u00e1culo en general y la venta ambulante hasta el postpartido. Adem\u00e1s, funcionarios del \u00e1rea se unir\u00e1n a las tareas, trabajando junto a las fuerzas policiales en las inmediaciones del estadio Kempes.<\/p>\n<p data-prosemirror-content-type=\"node\" data-prosemirror-node-name=\"paragraph\" data-prosemirror-node-block=\"true\">La Guardia Urbana y la Polic\u00eda cuidar\u00e1n de la integridad de los asistentes y vecinos del lugar. La fuerza municipal patrullar\u00e1 con cuatro m\u00f3viles y ocho agentes las inmediaciones del estadio, controlando adem\u00e1s el accionar de cuidacoches ilegales.<\/p>\n<p data-prosemirror-content-type=\"node\" data-prosemirror-node-name=\"paragraph\" data-prosemirror-node-block=\"true\">A su vez, personal de Defensa Civil y de la Unidad Ejecutora de Riesgo El\u00e9ctrico prestar\u00e1 apoyo en el interior del estadio.<\/p>\n<p data-prosemirror-content-type=\"node\" data-prosemirror-node-name=\"paragraph\" data-prosemirror-node-block=\"true\">Por su parte, el Ente C\u00f3rdoba Obras y Servicios (COyS) se encargar\u00e1 de la limpieza de las inmediaciones del Kempes y colocar\u00e1 campanas para la recolecci\u00f3n de residuos secos.<\/p>\n","protected":false},"excerpt":{"rendered":"<p>Los colectivos saldr\u00e1n a partir de las 14:30 desde la Plaza de la Intendencia \u2013 H\u00e9roes de Malvinas. Para garantizar la seguridad y normal desarrollo del espect\u00e1culo deportivo, la Municipalidad de C\u00f3rdoba junto a distintos organismos provinciales, dise\u00f1aron operativos integrales para el partido que disputar\u00e1n este domingo Talleres y Deportivo Riestra. Polic\u00eda Municipal de Tr\u00e1nsito [&hellip;]<\/p>\n","protected":false},"author":1,"featured_media":166569,"comment_status":"closed","ping_status":"closed","sticky":false,"template":"","format":"standard","meta":[],"categories":[2],"tags":[],"_links":{"self":[{"href":"http:\/\/cordobainforma.info\/index.php\/wp-json\/wp\/v2\/posts\/166568"}],"collection":[{"href":"http:\/\/cordobainforma.info\/index.php\/wp-json\/wp\/v2\/posts"}],"about":[{"href":"http:\/\/cordobainforma.info\/index.php\/wp-json\/wp\/v2\/types\/post"}],"author":[{"embeddable":true,"href":"http:\/\/cordobainforma.info\/index.php\/wp-json\/wp\/v2\/users\/1"}],"replies":[{"embeddable":true,"href":"http:\/\/cordobainforma.info\/index.php\/wp-json\/wp\/v2\/comments?post=166568"}],"version-history":[{"count":0,"href":"http:\/\/cordobainforma.info\/index.php\/wp-json\/wp\/v2\/posts\/166568\/revisions"}],"wp:featuredmedia":[{"embeddable":true,"href":"http:\/\/cordobainforma.info\/index.php\/wp-json\/wp\/v2\/media\/166569"}],"wp:attachment":[{"href":"http:\/\/cordobainforma.info\/index.php\/wp-json\/wp\/v2\/media?parent=166568"}],"wp:term":[{"taxonomy":"category","embeddable":true,"href":"http:\/\/cordobainforma.info\/index.php\/wp-json\/wp\/v2\/categories?post=166568"},{"taxonomy":"post_tag","embeddable":true,"href":"http:\/\/cordobainforma.info\/index.php\/wp-json\/wp\/v2\/tags?post=166568"}],"curies":[{"name":"wp","href":"https:\/\/api.w.org\/{rel}","templated":true}]}}