{"id":166566,"date":"2025-08-30T20:36:08","date_gmt":"2025-08-30T20:36:08","guid":{"rendered":"https:\/\/cordoba.gob.ar\/?p=80639"},"modified":"2025-08-30T20:36:08","modified_gmt":"2025-08-30T20:36:08","slug":"se-replicara-en-rio-cuarto-la-formacion-gratuita-sobre-salud-mental-y-consumos-problematicos-que-se-lleva-a-cabo-en-la-ciudad-de-cordoba","status":"publish","type":"post","link":"http:\/\/cordobainforma.info\/index.php\/2025\/08\/30\/se-replicara-en-rio-cuarto-la-formacion-gratuita-sobre-salud-mental-y-consumos-problematicos-que-se-lleva-a-cabo-en-la-ciudad-de-cordoba\/","title":{"rendered":"Se replicar\u00e1 en R\u00edo Cuarto la formaci\u00f3n gratuita sobre Salud Mental y Consumos Problem\u00e1ticos que se lleva a cabo en la ciudad de C\u00f3rdoba"},"content":{"rendered":"<div><img src=\"http:\/\/cordobainforma.info\/wp-content\/uploads\/2025\/08\/se-replicara-en-rio-cuarto-la-formacion-gratuita-sobre-salud-mental-y-consumos-problematicos-que-se-lleva-a-cabo-en-la-ciudad-de-cordoba.jpg\" class=\"ff-og-image-inserted\"><\/div>\n<ul class=\"ak-ul\" data-prosemirror-content-type=\"node\" data-prosemirror-node-name=\"bulletList\" data-prosemirror-node-block=\"true\" data-pm-slice=\"3 1 []\" readability=\"0\">\n<li data-prosemirror-content-type=\"node\" data-prosemirror-node-name=\"listItem\" data-prosemirror-node-block=\"true\" readability=\"0\">\n<p data-prosemirror-content-type=\"node\" data-prosemirror-node-name=\"paragraph\" data-prosemirror-node-block=\"true\"><strong>Se firm\u00f3 un convenio entre la Municipalidad de C\u00f3rdoba y la Municipalidad y Universidad Nacional de la capital alterna.<\/strong><\/p>\n<\/li>\n<li data-prosemirror-content-type=\"node\" data-prosemirror-node-name=\"listItem\" data-prosemirror-node-block=\"true\" readability=\"0\">\n<p data-prosemirror-content-type=\"node\" data-prosemirror-node-name=\"paragraph\" data-prosemirror-node-block=\"true\"><strong>A trav\u00e9s de esta alianza institucional se busca unificar esfuerzos y atender el impacto que la salud mental tiene en toda la sociedad.<\/strong><\/p>\n<\/li>\n<\/ul>\n<hr>\n<p data-prosemirror-content-type=\"node\" data-prosemirror-node-name=\"paragraph\" data-prosemirror-node-block=\"true\">Los Municipios de C\u00f3rdoba y el de R\u00edo Cuarto firmaron un convenio con la Universidad Nacional de R\u00edo Cuarto con el objetivo de promover la formaci\u00f3n acad\u00e9mica gratuita, interdisciplinaria e intersectorial a trav\u00e9s de la Diplomatura Universitaria \u00abSalud Mental y Consumos Problem\u00e1ticos: Abordajes desde la perspectiva del cuidado integral y el trabajo en red\u201d, impulsada por la Subsecretar\u00eda de Salud Mental y Adicciones de la Secretar\u00eda de Salud.<\/p>\n<p data-prosemirror-content-type=\"node\" data-prosemirror-node-name=\"paragraph\" data-prosemirror-node-block=\"true\">A trav\u00e9s de la r\u00fabrica encabezada por el subsecretario de Salud Mental y Adicciones, Lucas Torrice, el intendente Guillermo De Rivas y la rectora de la UNRC, Marisa Rovera se replicar\u00e1 en la ciudad riocuartense la diplomatura que hace dos a\u00f1os se dicta en la ciudad capital.<\/p>\n<p data-prosemirror-content-type=\"node\" data-prosemirror-node-name=\"paragraph\" data-prosemirror-node-block=\"true\">\u201c<em>La idea es replicar la experiencia de formaci\u00f3n universitaria que estamos realizando en la ciudad, que es mucho m\u00e1s que un espacio de formaci\u00f3n, es un lugar de encuentro para hablar, para abordar dudas, capacitarse y compartir herramientas en todo lo relacionado a la salud mental y los consumos problem\u00e1ticos<\/em>\u201d, manifest\u00f3 Torrice.<\/p>\n<p data-prosemirror-content-type=\"node\" data-prosemirror-node-name=\"paragraph\" data-prosemirror-node-block=\"true\">\u201c<em>Desde la ciudad, y junto a Daniel Passerini, hace tiempo decimos que estamos viviendo en una emergencia en el campo de la salud mental y de las adicciones, agudizado despu\u00e9s de la pandemia. Por eso estos espacios de formaci\u00f3n no son una actividad m\u00e1s, sino que tienen que ver con ocuparnos de aquello que le pasa a nuestra sociedad, aquello que atraviesa el malestar de la \u00e9poca y poder ponerlo en palabras y construir entre todos las herramientas que necesitamos para abordar estos temas<\/em>\u201d, concluy\u00f3.<\/p>\n<p data-prosemirror-content-type=\"node\" data-prosemirror-node-name=\"paragraph\" data-prosemirror-node-block=\"true\">La propuesta educativa estar\u00e1 dirigida a trabajadores de la salud, organizaciones que abordan problem\u00e1ticas de salud mental y consumo problem\u00e1tico, al personal de instituciones afines, a vecinos interesados en la problem\u00e1tica, referentes territoriales. La intenci\u00f3n es que sea un espacio de encuentro que agrupe a personas de diferentes espacios sociales, teniendo como premisa que en la diversidad y a trav\u00e9s de una mirada integral es donde se encuentran las mejores respuestas a la problem\u00e1tica.<\/p>\n<p data-prosemirror-content-type=\"node\" data-prosemirror-node-name=\"paragraph\" data-prosemirror-node-block=\"true\">La formaci\u00f3n tendr\u00e1 car\u00e1cter acad\u00e9mica, con modalidad de cursado presencial en siete m\u00f3dulos quincenales durante el segundo semestre de 2025, combinando clases grabadas e instancias te\u00f3rico-pr\u00e1ctico en conjunto con equipo de la UNRC y de ambos municipios.<\/p>\n<p data-prosemirror-content-type=\"node\" data-prosemirror-node-name=\"paragraph\" data-prosemirror-node-block=\"true\">A tal fin, la Municipalidad de C\u00f3rdoba designar\u00e1 referentes y aportar\u00e1 recursos humanos mientras que el Municipio de R\u00edo Cuarto se ocupar\u00e1 de coordinar y poner en funcionamiento la diplomatura, designar referentes y facilitar espacios f\u00edsicos y recursos necesarios. Por su parte, la UNRC ofrecer\u00e1 su infraestructura y garantizar\u00e1 condiciones de trabajo, seguridad e higiene, adem\u00e1s de conformar el equipo docente para la diplomatura.<\/p>\n","protected":false},"excerpt":{"rendered":"<p>Se firm\u00f3 un convenio entre la Municipalidad de C\u00f3rdoba y la Municipalidad y Universidad Nacional de la capital alterna. A trav\u00e9s de esta alianza institucional se busca unificar esfuerzos y atender el impacto que la salud mental tiene en toda la sociedad. Los Municipios de C\u00f3rdoba y el de R\u00edo Cuarto firmaron un convenio con [&hellip;]<\/p>\n","protected":false},"author":1,"featured_media":166567,"comment_status":"closed","ping_status":"closed","sticky":false,"template":"","format":"standard","meta":[],"categories":[2],"tags":[],"_links":{"self":[{"href":"http:\/\/cordobainforma.info\/index.php\/wp-json\/wp\/v2\/posts\/166566"}],"collection":[{"href":"http:\/\/cordobainforma.info\/index.php\/wp-json\/wp\/v2\/posts"}],"about":[{"href":"http:\/\/cordobainforma.info\/index.php\/wp-json\/wp\/v2\/types\/post"}],"author":[{"embeddable":true,"href":"http:\/\/cordobainforma.info\/index.php\/wp-json\/wp\/v2\/users\/1"}],"replies":[{"embeddable":true,"href":"http:\/\/cordobainforma.info\/index.php\/wp-json\/wp\/v2\/comments?post=166566"}],"version-history":[{"count":0,"href":"http:\/\/cordobainforma.info\/index.php\/wp-json\/wp\/v2\/posts\/166566\/revisions"}],"wp:featuredmedia":[{"embeddable":true,"href":"http:\/\/cordobainforma.info\/index.php\/wp-json\/wp\/v2\/media\/166567"}],"wp:attachment":[{"href":"http:\/\/cordobainforma.info\/index.php\/wp-json\/wp\/v2\/media?parent=166566"}],"wp:term":[{"taxonomy":"category","embeddable":true,"href":"http:\/\/cordobainforma.info\/index.php\/wp-json\/wp\/v2\/categories?post=166566"},{"taxonomy":"post_tag","embeddable":true,"href":"http:\/\/cordobainforma.info\/index.php\/wp-json\/wp\/v2\/tags?post=166566"}],"curies":[{"name":"wp","href":"https:\/\/api.w.org\/{rel}","templated":true}]}}