{"id":166555,"date":"2025-08-31T02:27:03","date_gmt":"2025-08-31T02:27:03","guid":{"rendered":"http:\/\/cordobainforma.info\/index.php\/2025\/08\/31\/una-mala-el-dolar-y-la-economia-atados-al-voto-bonaerense-revista-container\/"},"modified":"2025-08-31T02:27:03","modified_gmt":"2025-08-31T02:27:03","slug":"una-mala-el-dolar-y-la-economia-atados-al-voto-bonaerense-revista-container","status":"publish","type":"post","link":"http:\/\/cordobainforma.info\/index.php\/2025\/08\/31\/una-mala-el-dolar-y-la-economia-atados-al-voto-bonaerense-revista-container\/","title":{"rendered":"Una mala: El d\u00f3lar y la <b>econom\u00eda<\/b>, atados al voto bonaerense &#8211; Revista CONTAINER"},"content":{"rendered":"<p>Las elecciones de medio t\u00e9rmino que, en una democracia com\u00fan y corriente, s\u00f3lo definen la <b>nueva<\/b> conformaci\u00f3n del Poder Legislativo, en nuestro&nbsp;&#8230; <\/p>\n","protected":false},"excerpt":{"rendered":"<p>Las elecciones de medio t\u00e9rmino que, en una democracia com\u00fan y corriente, s\u00f3lo definen la nueva conformaci\u00f3n del Poder Legislativo, en nuestro&nbsp;&#8230;<\/p>\n","protected":false},"author":1,"featured_media":0,"comment_status":"closed","ping_status":"closed","sticky":false,"template":"","format":"standard","meta":[],"categories":[23],"tags":[],"_links":{"self":[{"href":"http:\/\/cordobainforma.info\/index.php\/wp-json\/wp\/v2\/posts\/166555"}],"collection":[{"href":"http:\/\/cordobainforma.info\/index.php\/wp-json\/wp\/v2\/posts"}],"about":[{"href":"http:\/\/cordobainforma.info\/index.php\/wp-json\/wp\/v2\/types\/post"}],"author":[{"embeddable":true,"href":"http:\/\/cordobainforma.info\/index.php\/wp-json\/wp\/v2\/users\/1"}],"replies":[{"embeddable":true,"href":"http:\/\/cordobainforma.info\/index.php\/wp-json\/wp\/v2\/comments?post=166555"}],"version-history":[{"count":0,"href":"http:\/\/cordobainforma.info\/index.php\/wp-json\/wp\/v2\/posts\/166555\/revisions"}],"wp:attachment":[{"href":"http:\/\/cordobainforma.info\/index.php\/wp-json\/wp\/v2\/media?parent=166555"}],"wp:term":[{"taxonomy":"category","embeddable":true,"href":"http:\/\/cordobainforma.info\/index.php\/wp-json\/wp\/v2\/categories?post=166555"},{"taxonomy":"post_tag","embeddable":true,"href":"http:\/\/cordobainforma.info\/index.php\/wp-json\/wp\/v2\/tags?post=166555"}],"curies":[{"name":"wp","href":"https:\/\/api.w.org\/{rel}","templated":true}]}}