{"id":166525,"date":"2025-08-31T08:24:05","date_gmt":"2025-08-31T08:24:05","guid":{"rendered":"https:\/\/somoscordobeses.com\/2025\/08\/31\/el-gobierno-vendio-dolares-y-activo-la-inquietud-del-mercado\/"},"modified":"2025-08-31T08:24:05","modified_gmt":"2025-08-31T08:24:05","slug":"el-gobierno-vendio-dolares-y-activo-la-inquietud-del-mercado","status":"publish","type":"post","link":"http:\/\/cordobainforma.info\/index.php\/2025\/08\/31\/el-gobierno-vendio-dolares-y-activo-la-inquietud-del-mercado\/","title":{"rendered":"El Gobierno vendi\u00f3 d\u00f3lares y activ\u00f3 la inquietud del mercado"},"content":{"rendered":"<div><img src=\"http:\/\/cordobainforma.info\/wp-content\/uploads\/2025\/08\/el-gobierno-vendio-dolares-y-activo-la-inquietud-del-mercado.jpg\" class=\"ff-og-image-inserted\"><\/div>\n<p>En medio de una creciente tensi\u00f3n pol\u00edtica y de una fuerte volatilidad financiera, <strong>el Gobierno vendi\u00f3 d\u00f3lares que el Tesoro ten\u00eda depositados en su cuenta en el Banco Central (BCRA)<\/strong> y despert\u00f3 preocupaci\u00f3n entre los actores del mercado.<\/p>\n<p>Los movimientos fueron detectados por analistas que siguen a diario las cuentas de la entidad monetaria y confirmados a <strong>LA NACION<\/strong> por el Ministerio de Econom\u00eda.<\/p>\n<p><strong>En la cartera que dirige Luis Caputo negaron que esos d\u00f3lares hubieran sido usados por el Gobierno para intervenir directamente en la cotizaci\u00f3n de la divisa norteamericana<\/strong>, que, antes de la fuerte suba de encajes bancarios y tras el desarme de las LEFI, hab\u00eda mostrado un avance que amenazaba con trasladarse a la inflaci\u00f3n de agosto. <strong>La desaceleraci\u00f3n de los precios es el principal argumento de campa\u00f1a de La Libertad Avanza.<\/strong><\/p>\n<section role=\"button\">\n<figure role=\"button\"><figcaption><span>La ca\u00edda de dep\u00f3sitos en d\u00f3lares llam\u00f3 la atenci\u00f3n de los economistas de la consultora 1816<\/span><\/figcaption><\/figure>\n<\/section>\n<p>En el quinto piso del Palacio de Hacienda dieron, por el contrario, otra explicaci\u00f3n ante la consulta de este medio por las sugerentes operaciones: <strong>\u201cSolo hicimos peque\u00f1as ventas intra sector p\u00fablico, pero por montos chicos, y calzados contra compras futuras que ya tenemos programadas, mucho m\u00e1s grandes que esas ventas\u201d. <\/strong>Entre l\u00edneas, esa justificaci\u00f3n implica que esos d\u00f3lares no habr\u00edan ido al Mercado \u00danico de Cambios en momentos de alta demanda de la divisa norteamericana. No hubo m\u00e1s precisiones cuando <strong>LA NACION <\/strong>pregunt\u00f3 por qu\u00e9 se hicieron esas ventas.<\/p>\n<section role=\"button\">\n<figure role=\"button\"><figcaption><span>El ministro de Econom\u00eda, Luis Caputo<\/span><span>Captura<\/span><\/figcaption><\/figure>\n<\/section>\n<p>Los movimientos de Econom\u00eda despertaron la curiosidad de los analistas del mercado. <strong>\u201c\u00bfEl Tesoro vende d\u00f3lares?\u201d,<\/strong> fue el t\u00edtulo que eligi\u00f3 la consultora 1816 en su \u00faltimo informe.<\/p>\n<p>\u201cEn las once ruedas que pasaron entre el 11 de agosto y el 27 de agosto, <strong>los dep\u00f3sitos en d\u00f3lares del Tesoro en el BCRA bajaron US$354 millones<\/strong>. Hasta hace un par de ruedas pens\u00e1bamos que el descenso sostenido quiz\u00e1s se explicaba por el pago de obligaciones con organismos internacionales (considerando que el Tesoro enfrentaba pagos con el BID, el BIRF, la CAF y otros organismos por un total de US$208 millones entre el 12 y el 21 de agosto), pero las \u00faltimas cifras ya son <strong>un fuerte indicio de otra cosa\u201d,<\/strong> indicaron los especialistas Adri\u00e1n Rozanski, Mart\u00edn Defilippo, Mariano Skladnik y Gustavo Cerezo, autores del documento.<\/p>\n<p>Los especialistas remarcaron que en las \u00faltimas cuatro de once ruedas detectaron un movimiento \u201cpeculiar\u201d. <strong>La ca\u00edda de dep\u00f3sitos en d\u00f3lares del Tesoro en el Central coincide de manera \u201cexacta\u201d con el aumento de los dep\u00f3sitos en pesos del Tesoro en el BCRA.<\/strong><\/p>\n<p>\u201cLas operaciones de esas cuatro ruedas que mencionamos suman US$133 millones, pero no podemos descartar que las ventas hayan sido superiores, dada la <strong>ca\u00edda de dep\u00f3sitos que alcanz\u00f3 los mencionados US$354 millones<\/strong> entre el 11 de agosto y el 27 de agosto\u201d, precisaron. <\/p>\n<p>Luego recordaron que, hasta el momento, <strong>el Gobierno ven\u00eda interviniendo indirectamente sobre el precio del d\u00f3lar v\u00eda una pol\u00edtica monetaria contractiva<\/strong> (\u201ccon tasas reales no vistas en d\u00e9cadas\u201d), <strong>v\u00eda el mercado de futuros<\/strong> (\u201cvencido el contrato de agosto, suponemos que al cierre de hoy -29 de agosto- el BCRA qued\u00f3 <em>short<\/em> en unos US$5200 millones\u201d) <strong>y v\u00eda regulaciones <\/strong>(encajes y cambios en posici\u00f3n de bancos).<\/p>\n<p>\u201cLas aparentes ventas del Mecon en el <em>spot <\/em>no son m\u00e1s que otro hito que refleja que <strong>la prioridad absoluta del Gobierno<\/strong> es llegar a la elecci\u00f3n con un FX [d\u00f3lar] tranquilo\u201d, cerraron.<\/p>\n<p>\u201cLejos de las compras en bloques de divisas o colocaci\u00f3n de t\u00edtulos a suscribir en USD (d\u00f3lares) de los meses de junio y julio, <strong>el <\/strong><em><strong>stock <\/strong><\/em><strong>de dep\u00f3sitos del Tesoro en moneda extranjera en el BCRA ha ido degrad\u00e1ndose con el correr del mes de agosto\u201d,<\/strong> se\u00f1alaron en Aurum.<\/p>\n<p>\u201cLa preocupaci\u00f3n de los inversores internacionales podr\u00eda ser m\u00e1s material (que la suba del riesgo pa\u00eds)\u201d, se\u00f1al\u00f3 un documento de Vectorial, que dirige Haroldo Montagu. \u201cEn enero hay que pagar US$4200 millones por los Bonares y Globales, y el Gobierno cuenta con apenas 1700 millones, y no solo ha dejado de lado las compras en bloque, <strong>sino que la reducci\u00f3n de US$200 millones en la \u00faltima semana da indicios de que podr\u00edan estar vendiendo\u201d,<\/strong> explic\u00f3 el informe del exviceministro de Econom\u00eda de Mart\u00edn Guzm\u00e1n.<\/p>\n<p><strong>\u201cEst\u00e1n bajando los dep\u00f3sitos del Tesoro en d\u00f3lares\u201d, afirm\u00f3 el economista Am\u00edlcar Collante.<\/strong> Seg\u00fan la OPC, por fuera del pago al FMI solo hab\u00eda obligaciones por US$218 millones en agosto. Y cayeron US$354 millones desde el 11 de agosto\u201d, subray\u00f3 el especialista.<\/p>\n<p>La noticia se conoce en un contexto financiero vol\u00e1til, con suba del riesgo pa\u00eds y el <strong>cimbronazo pol\u00edtico<\/strong> que estall\u00f3 en plena campa\u00f1a electoral: la difusi\u00f3n de audios del exdirector de Andis, Diego Spagnuolo, en los que menciona un supuesto entramado de coimas que llegar\u00eda hasta \u201clos Menem\u201d (Lule y Mart\u00edn) e inclusive a Karina Milei. Pero adem\u00e1s, luego de la violencia pol\u00edtica que comenzara con los piedrazos que le tiraron al presidente Javier Milei en Lomas de Zamora y los incidentes que vivi\u00f3 su hermana en Corrientes.<\/p>\n<p>En la econom\u00eda hay <strong>volatilidad<\/strong>. El BCRA volvi\u00f3 a aspirar pesos con una suba de encajes (llegaron al 53,3%) previa a una licitaci\u00f3n en la que se pagaron <strong>tasas de m\u00e1s de 70%.<\/strong> Con esas medidas, el d\u00f3lar, que mostr\u00f3 una disparada en la \u00faltima semana de julio y primera de agosto, cerr\u00f3 al alza en $1360 el viernes. En el mes termin\u00f3 bajando unos $20.<\/p>\n<p><strong>Al final de la semana se conoci\u00f3 adem\u00e1s que la demanda privada de d\u00f3lares fue de US$5432 millones en julio.<\/strong> La cifra incluye la salida de capitales y la compra de d\u00f3lar billete por US$3408 millones que efectuaron 1,3 millones de individuos, un monto un 40% superior al de junio. La compra de d\u00f3lar billete fue la m\u00e1s elevada desde las PASO de 2019.<\/p>\n<p>El Gobierno espera que un buen resultado electoral, tanto el 7 de septiembre en la provincia de Buenos Aires como el 26 de octubre en las legislativas nacionales, gracias a la baja de la inflaci\u00f3n y la estabilizaci\u00f3n de la econom\u00eda, le <strong>permita descomprimir la tensi\u00f3n cambiaria y financiera. <\/strong><\/p>\n<p>Busca que ese resultado incida no solo en un recambio en el Congreso que le permita avanzar en reformas estructurales, blindar vetos y forzar una baja del riesgo pa\u00eds (en 850 puntos). Es un camino <strong>clave para enfrentar los vencimientos de deuda de 2026, que llegan a US$19.000 millones.<\/strong><\/p>\n","protected":false},"excerpt":{"rendered":"<p>En medio de una creciente tensi\u00f3n pol\u00edtica y de una fuerte volatilidad financiera, el Gobierno vendi\u00f3 d\u00f3lares que el Tesoro ten\u00eda depositados en su cuenta en el Banco Central (BCRA) y despert\u00f3 preocupaci\u00f3n entre los actores del mercado. Los movimientos fueron detectados por analistas que siguen a diario las cuentas de la entidad monetaria y [&hellip;]<\/p>\n","protected":false},"author":1,"featured_media":166526,"comment_status":"closed","ping_status":"closed","sticky":false,"template":"","format":"standard","meta":[],"categories":[20,2],"tags":[],"_links":{"self":[{"href":"http:\/\/cordobainforma.info\/index.php\/wp-json\/wp\/v2\/posts\/166525"}],"collection":[{"href":"http:\/\/cordobainforma.info\/index.php\/wp-json\/wp\/v2\/posts"}],"about":[{"href":"http:\/\/cordobainforma.info\/index.php\/wp-json\/wp\/v2\/types\/post"}],"author":[{"embeddable":true,"href":"http:\/\/cordobainforma.info\/index.php\/wp-json\/wp\/v2\/users\/1"}],"replies":[{"embeddable":true,"href":"http:\/\/cordobainforma.info\/index.php\/wp-json\/wp\/v2\/comments?post=166525"}],"version-history":[{"count":0,"href":"http:\/\/cordobainforma.info\/index.php\/wp-json\/wp\/v2\/posts\/166525\/revisions"}],"wp:featuredmedia":[{"embeddable":true,"href":"http:\/\/cordobainforma.info\/index.php\/wp-json\/wp\/v2\/media\/166526"}],"wp:attachment":[{"href":"http:\/\/cordobainforma.info\/index.php\/wp-json\/wp\/v2\/media?parent=166525"}],"wp:term":[{"taxonomy":"category","embeddable":true,"href":"http:\/\/cordobainforma.info\/index.php\/wp-json\/wp\/v2\/categories?post=166525"},{"taxonomy":"post_tag","embeddable":true,"href":"http:\/\/cordobainforma.info\/index.php\/wp-json\/wp\/v2\/tags?post=166525"}],"curies":[{"name":"wp","href":"https:\/\/api.w.org\/{rel}","templated":true}]}}