{"id":166482,"date":"2025-08-29T17:45:57","date_gmt":"2025-08-29T17:45:57","guid":{"rendered":"https:\/\/www.escribiendocine.com\/noticias\/2025\/08\/29\/20327-cultura-geek-en-merlo-charlas-sobre-el-eternauta-y-los-superheroes"},"modified":"2025-08-29T17:45:57","modified_gmt":"2025-08-29T17:45:57","slug":"cultura-geek-en-merlo-charlas-sobre-el-eternauta-y-los-superheroes","status":"publish","type":"post","link":"http:\/\/cordobainforma.info\/index.php\/2025\/08\/29\/cultura-geek-en-merlo-charlas-sobre-el-eternauta-y-los-superheroes\/","title":{"rendered":"Cultura Geek en Merlo: charlas sobre \u00abEl Eternauta\u00bb y los superh\u00e9roes"},"content":{"rendered":"<div class=\"media_block\"><\/div>\n<div><img src=\"http:\/\/cordobainforma.info\/wp-content\/uploads\/2025\/08\/cultura-geek-en-merlo-charlas-sobre-el-eternauta-y-los-superheroes.jpg\" class=\"ff-og-image-inserted\"><\/div>\n<div readability=\"25.685714285714\">\n<div class=\"col-xs-12 col-sm-6 col-md-12 col-lg-3 no-padding col-der\" readability=\"7\">\n<p> <span class=\"fecha\">viernes 29 de agosto de 2025 <\/span> <\/p>\n<\/p><\/div><\/div>\n<div readability=\"44\">\n<p>La Casa de la Cultura de Merlo (Av. Calle Real 298) se prepara para recibir un fin de semana dedicado al mundo de los c\u00f3mics, los videojuegos, el anime y el cine, con la primera edici\u00f3n del ciclo Cultura Geek. La propuesta, organizada por el Gobierno del Pueblo de Merlo junto a la Subsecretar\u00eda de Cultura, tendr\u00e1 entrada libre y gratuita.<\/p>\n<p>El evento incluye la feria Zona Fandom Merlo, un espacio para descubrir historietas, coleccionables, stands tem\u00e1ticos, talleres y actividades para toda la comunidad geek.<\/p>\n<p>&nbsp;El ciclo tendr\u00e1 como eje central dos charlas a cargo de la Escuela de Espectadores de Cine, integrada por Juan Pablo Russo, Emiliano Basile y Federico Picasso.<\/p>\n<p>S\u00e1bado 30 de agosto \u2013 17:30 hs<br \/><strong>&nbsp;Superh\u00e9roes, Mitolog\u00eda y Pol\u00edtica<\/strong>: un recorrido por el v\u00ednculo entre la historieta, las narrativas mitol\u00f3gicas y los discursos pol\u00edticos que atraviesan el g\u00e9nero.<\/p>\n<p>Domingo 31 de agosto \u2013 17 hs<br \/><strong>El Eternauta: del papel a la pantalla<\/strong>: an\u00e1lisis de la historieta de H\u00e9ctor Germ\u00e1n Oesterheld y su impacto en las adaptaciones audiovisuales.<\/p>\n<p>&nbsp;La programaci\u00f3n de Cultura Geek en Merlo se completa con la feria Zona Fandom, que reunir\u00e1 a editoriales de c\u00f3mics, expositores de videojuegos retro, proyecciones de anime, charlas y propuestas interactivas.<\/p>\n<\/p><\/div>\n","protected":false},"excerpt":{"rendered":"<p>viernes 29 de agosto de 2025 La Casa de la Cultura de Merlo (Av. Calle Real 298) se prepara para recibir un fin de semana dedicado al mundo de los c\u00f3mics, los videojuegos, el anime y el cine, con la primera edici\u00f3n del ciclo Cultura Geek. La propuesta, organizada por el Gobierno del Pueblo de [&hellip;]<\/p>\n","protected":false},"author":1,"featured_media":166483,"comment_status":"open","ping_status":"closed","sticky":false,"template":"","format":"standard","meta":[],"categories":[21],"tags":[],"_links":{"self":[{"href":"http:\/\/cordobainforma.info\/index.php\/wp-json\/wp\/v2\/posts\/166482"}],"collection":[{"href":"http:\/\/cordobainforma.info\/index.php\/wp-json\/wp\/v2\/posts"}],"about":[{"href":"http:\/\/cordobainforma.info\/index.php\/wp-json\/wp\/v2\/types\/post"}],"author":[{"embeddable":true,"href":"http:\/\/cordobainforma.info\/index.php\/wp-json\/wp\/v2\/users\/1"}],"replies":[{"embeddable":true,"href":"http:\/\/cordobainforma.info\/index.php\/wp-json\/wp\/v2\/comments?post=166482"}],"version-history":[{"count":0,"href":"http:\/\/cordobainforma.info\/index.php\/wp-json\/wp\/v2\/posts\/166482\/revisions"}],"wp:featuredmedia":[{"embeddable":true,"href":"http:\/\/cordobainforma.info\/index.php\/wp-json\/wp\/v2\/media\/166483"}],"wp:attachment":[{"href":"http:\/\/cordobainforma.info\/index.php\/wp-json\/wp\/v2\/media?parent=166482"}],"wp:term":[{"taxonomy":"category","embeddable":true,"href":"http:\/\/cordobainforma.info\/index.php\/wp-json\/wp\/v2\/categories?post=166482"},{"taxonomy":"post_tag","embeddable":true,"href":"http:\/\/cordobainforma.info\/index.php\/wp-json\/wp\/v2\/tags?post=166482"}],"curies":[{"name":"wp","href":"https:\/\/api.w.org\/{rel}","templated":true}]}}