{"id":166472,"date":"2025-08-30T12:01:14","date_gmt":"2025-08-30T12:01:14","guid":{"rendered":"https:\/\/www.mujerhoy.com\/moda\/no-te-pierdas\/zara-rebaja-blusa-llevaran-madrilenas-trabajo-septiembre-20250830095033-nt.html"},"modified":"2025-08-30T12:01:14","modified_gmt":"2025-08-30T12:01:14","slug":"zara-rebaja-la-blusa-que-llevaran-las-madrilenas-al-trabajo-en-septiembre","status":"publish","type":"post","link":"http:\/\/cordobainforma.info\/index.php\/2025\/08\/30\/zara-rebaja-la-blusa-que-llevaran-las-madrilenas-al-trabajo-en-septiembre\/","title":{"rendered":"Zara rebaja la blusa que llevar\u00e1n las madrile\u00f1as al trabajo en septiembre"},"content":{"rendered":"<div class=\"media_block\"><\/div>\n<p><!-- AUTHOR --><\/p>\n<div class=\"voc-author-timesocial \">\n<!-- AUTHOR --><\/p>\n<div class=\"voc-author-timesocial__signature \">\n<!-- INFO AUTHOR --><\/p>\n<div class=\"voc-author-timesocial__info\" data-mrf-recirculation=\"Autor\">\n<div class=\"voc-author-info\">\n<author><br \/>\n<span class=\"voc-author\">Carla Dom\u00ednguez<\/span><br \/>\n<\/author><br \/>\n<!-- TIME --><br \/>\n<time datetime=\"2025-08-30T12:01:14Z\" data-timestamp><br \/>\nPublicado \u00b7 <span data-voc-date-modified-short> 30 de agosto de 2025, 14:01 h <\/span><br \/>\n<\/time>\n<\/div>\n<\/div>\n<\/div><\/div>\n<p><!-- COMPONENTS --><\/p>\n<p class=\"voc-paragraph\">Con septiembre a la vuelta de la esquina, toca pensar en <a href=\"https:\/\/www.mujerhoy.com\/moda\/no-te-pierdas\/conjuntos-oficina-otono-elegantes-comodos-20250825120410-nt.html\" data-voc-vtm-id=\"in-text-traffic\" title=\"los looks de oficina\" data-mrf-link=\"www.mujerhoy.com\">los looks de oficina<\/a>. El regreso a la rutina siempre viene acompa\u00f1ado de nuevas tendencias, y este a\u00f1o las protagonistas son <strong>las blusas vers\u00e1tiles y sofisticadas<\/strong> que permiten crear estilismos impecables con el m\u00ednimo esfuerzo.<\/p>\n<p class=\"voc-paragraph\">Entre todas las opciones, hay una que destaca y que ya se perfila como la favorita de las madrile\u00f1as para volver al trabajo. Se trata de <a href=\"https:\/\/www.mujerhoy.com\/moda\/no-te-pierdas\/novedades-zara-looks-invitada-entretiempo-tendencias-proxima-temporada-20250728074430-nt.html\" data-voc-vtm-id=\"in-text-traffic\" title=\"una blusa de Zara\" data-mrf-link=\"www.mujerhoy.com\">una blusa de Zara<\/a>, ahora rebajada, que combina dise\u00f1o elegante, comodidad y ese punto chic que encaja tanto en una reuni\u00f3n formal como en un afterwork.<\/p>\n<div class=\"v-c-cmp v-c-cmp--t1 \">\n<div class=\"v-cmp-rld v-cmp-rld--2 \">\n<div class=\"v-cnt-m v-cnt-m--m\">\n<div class=\"v-cnt-m__c\">\n<div class=\"v-cnt-m__w v-cnt-m__w--1\">\n<p class=\"v-cnt-m__t\">\nTAMBI\u00c9N TE INTERESA\n<\/p>\n<\/div>\n<\/div>\n<\/div>\n<div class=\"v-g v-g--2-c v-g--bdr-min-xs\">\n<div class=\"v-g__c \">\n<article class=\"v-a v-a--cmp-rld v-a--cmp-rld-2 v-a--p-l\">\n<div class=\"v-a-img-c\">\n<figure class=\"v-a-fig\">\n<a href=\"https:\/\/www.mujerhoy.com\/moda\/no-te-pierdas\/ficha-bien-shorts-zara-deseados-special-prices-20250608103520-nt.html#vtm_modulosEngag=mod-rel:moda:noticia:1:cmp:2-not\" class=\"v-a-link\" title=\"Ficha bien estos shorts de Zara porque ser\u00e1n los m\u00e1s deseados del verano\"><br \/>\n<img loading=\"lazy\" class=\"v-a-img\" src=\"http:\/\/cordobainforma.info\/wp-content\/uploads\/2025\/08\/zara-rebaja-la-blusa-que-llevaran-las-madrilenas-al-trabajo-en-septiembre.jpg\" alt=\"Ficha bien estos shorts de Zara porque ser\u00e1n los m\u00e1s deseados del verano\"><br \/>\n<\/a><br \/>\n<\/figure>\n<\/div>\n<\/article>\n<\/div>\n<div class=\"v-g__c \">\n<article class=\"v-a v-a--cmp-rld v-a--cmp-rld-2 v-a--p-l\">\n<div class=\"v-a-img-c\">\n<figure class=\"v-a-fig\">\n<a href=\"https:\/\/www.mujerhoy.com\/vivir\/decoracion\/rebajas-zara-home-verano-favoritos-decoracion-muebles-baratos-bonitos-20250626142133-nt.html#vtm_modulosEngag=mod-rel:moda:noticia:2:cmp:2-not\" class=\"v-a-link\" title=\"Nuestros favoritos de las rebajas de verano de Zara Home: los muebles m\u00e1s bonitos para tu casa\"><br \/>\n<img loading=\"lazy\" class=\"v-a-img\" src=\"http:\/\/cordobainforma.info\/wp-content\/uploads\/2025\/08\/zara-rebaja-la-blusa-que-llevaran-las-madrilenas-al-trabajo-en-septiembre-1.jpg\" alt=\"Nuestros favoritos de las rebajas de verano de Zara Home: los muebles m\u00e1s bonitos para tu casa\"><br \/>\n<\/a><br \/>\n<\/figure>\n<\/div>\n<\/article>\n<\/div>\n<\/div>\n<\/div>\n<\/div>\n<p><h3 class=\"v-cmp-suh\">\nPor qu\u00e9 es la blusa perfecta para septiembre<br \/>\n<\/h3>\n<\/p>\n<p class=\"voc-paragraph\">La vuelta al trabajo siempre pide piezas que cumplan con tres premisas: versatilidad, comodidad y estilo. Y <strong>esta blusa de Zara<\/strong> re\u00fane todas. Su tejido fluido resulta ideal para los \u00faltimos d\u00edas de calor madrile\u00f1o, mientras que su dise\u00f1o sofisticado hace que funcione igual de bien bajo una americana cuando refresque.<\/p>\n<p class=\"voc-paragraph\">Adem\u00e1s, tiene ese equilibrio entre atemporalidad y tendencia que tanto se valora en un fondo de armario: es sencilla, pero no b\u00e1sica; elegante, pero <strong>f\u00e1cil de llevar a diario.<\/strong> El tipo de prenda que puedes repetir varias veces a la semana sin que nadie lo note porque cada vez parecer\u00e1 distinta seg\u00fan c\u00f3mo la combines.<\/p>\n<p class=\"voc-paragraph\">La rebaja es el detalle definitivo: convierte una prenda de calidad en una inversi\u00f3n inteligente para afrontar septiembre con estilo, sin gastar demasiado. Por eso es <strong>la blusa que las madrile\u00f1as<\/strong> \u2014pr\u00e1cticas, urbanas y con ojo para las compras vers\u00e1tiles\u2014 llevar\u00e1n sin parar este oto\u00f1o.<\/p>\n<p><h3 class=\"v-cmp-suh\">\nLa blusa de Zara con descuento especial que lucir\u00e1n todas las madrile\u00f1as<br \/>\n<\/h3>\n<\/p>\n<p class=\"voc-paragraph\">La protagonista es <strong>una blusa en tono amarillo pastel,<\/strong> con un dise\u00f1o fluido y ligero que la convierte en la prenda ideal para septiembre. Su detalle diferencial est\u00e1 en <strong>los lazos frontales con ribete en contraste<\/strong>, que sustituyen a los botones cl\u00e1sicos y aportan un aire rom\u00e1ntico y sofisticado a la vez. Las mangas largas con pu\u00f1o fruncido equilibran el volumen y le dan un acabado pulido, mientras que el corte recto favorece a todas las siluetas.<\/p>\n<div class=\"v-c-cmp \">\n<div class=\"v-cmp-m v-cmp-m--t1\">\n<article class=\"v-a v-a--cmp-m v-c-cmp--m-p\">\n<div class=\"v-a-img-c v-a-img-c--fw-xs\">\n<div class=\"v-a-fig\">\n<div class=\"v-a-link\">\n<img loading=\"lazy\" src=\"http:\/\/cordobainforma.info\/wp-content\/uploads\/2025\/08\/zara-rebaja-la-blusa-que-llevaran-las-madrilenas-al-trabajo-en-septiembre-2.jpg\" class=\"v-a-img\" width=\"650\" height=\"975\" alt=\"Blusa de Zara con detalle de lazos rebajada en Special Prices\" data-voc-vtm-id=\"in-text-traffic\">\n<\/div><figcaption class=\"v-fc\">\n<span class=\"v-fc__t\"><br \/>\nBlusa de Zara con detalle de lazos rebajada en Special Prices<br \/>\n<\/span><br \/>\n<span class=\"v-fc__p\"><br \/>\nzara<br \/>\n<\/span><br \/>\n<\/figcaption><\/div>\n<\/div>\n<\/article>\n<\/div>\n<\/div>\n<p class=\"voc-paragraph\">Es una de esas piezas que parecen sencillas a primera vista pero que, gracias a los detalles, elevan cualquier look de oficina. Perfecta para llevar con pantalones sastre y mocasines si buscas un estilismo m\u00e1s formal, o <strong>con vaqueros blancos<\/strong> y blazer oversize para un aire urbano y desenfadado.<\/p>\n<div class=\"v-c-cmp \">\n<div class=\"v-cmp-m v-cmp-m--t1\">\n<article class=\"v-a v-a--cmp-m v-c-cmp--m-p\">\n<div class=\"v-a-img-c v-a-img-c--fw-xs\">\n<div class=\"v-a-fig\">\n<div class=\"v-a-link\">\n<img loading=\"lazy\" src=\"http:\/\/cordobainforma.info\/wp-content\/uploads\/2025\/08\/zara-rebaja-la-blusa-que-llevaran-las-madrilenas-al-trabajo-en-septiembre-3.jpg\" class=\"v-a-img\" width=\"650\" height=\"975\" alt=\"Blusa on detalle de lazos d Zara.\" data-voc-vtm-id=\"in-text-traffic\">\n<\/div><figcaption class=\"v-fc\">\n<span class=\"v-fc__t\"><br \/>\nBlusa on detalle de lazos d Zara.<br \/>\n<\/span><br \/>\n<span class=\"v-fc__p\"><br \/>\nzara<br \/>\n<\/span><br \/>\n<\/figcaption><\/div>\n<\/div>\n<\/article>\n<\/div>\n<\/div>\n<p class=\"voc-paragraph\">Adem\u00e1s, al estar rebajada, se convierte en una compra inteligente para renovar el armario de entretiempo sin renunciar a estilo. Ahora mismo tiene un precio de unos <strong>15,99 euros.<\/strong> Antes costaba nos 25,95 euros. Tambi\u00e9n est\u00e1 disponible en color azul, por si quieres hacerte con el mismo dise\u00f1o en otro tono.<\/p>\n<p><h3 class=\"v-cmp-suh\">\nC\u00f3mo combinar esta blusa rebajada de Zara<br \/>\n<\/h3>\n<\/p>\n<p class=\"voc-paragraph\">La magia de esta blusa est\u00e1 en que se adapta a distintos registros sin perder sofisticaci\u00f3n. Si quieres <strong>un look impecable de reuni\u00f3n<\/strong>, comb\u00ednala con un pantal\u00f3n de pinzas a juego y un blazer oversize. Los mocasines con suela track o unos zapatos de tac\u00f3n bajito completan el conjunto.<\/p>\n<p class=\"voc-paragraph\">Tambi\u00e9n puedes lucir esta blusa con pantalones anchos fluidos. Es una de las combinaciones <strong>m\u00e1s modernas del momento.<\/strong> Ll\u00e9vala con sandalias minimalistas a principios de septiembre y c\u00e1mbialas por botas cuando avance el oto\u00f1o.<\/p>\n<div class=\"v-c-cmp v-c-cmp--t1 \">\n<div class=\"v-cmp-rld v-cmp-rld--2 \">\n<div class=\"v-cnt-m v-cnt-m--m\">\n<div class=\"v-cnt-m__c\">\n<div class=\"v-cnt-m__w v-cnt-m__w--1\">\n<p class=\"v-cnt-m__t\">\nTAMBI\u00c9N TE INTERESA\n<\/p>\n<\/div>\n<\/div>\n<\/div>\n<div class=\"v-g v-g--2-c v-g--bdr-min-xs\">\n<div class=\"v-g__c \">\n<article class=\"v-a v-a--cmp-rld v-a--cmp-rld-2 v-a--p-l\">\n<div class=\"v-a-img-c\">\n<figure class=\"v-a-fig\">\n<a href=\"https:\/\/www.mujerhoy.com\/moda\/no-te-pierdas\/rebajas-zara-verano-ropa-merece-pena-comprar-descuentos-20250625110955-nt.html#vtm_modulosEngag=mod-rel:moda:noticia:1:cmp:2-not\" class=\"v-a-link\" title=\"Empiezan las rebajas de Zara y estas son las prendas que merece la pena comprar seg\u00fan las expertas de moda\"><br \/>\n<img loading=\"lazy\" class=\"v-a-img\" src=\"http:\/\/cordobainforma.info\/wp-content\/uploads\/2025\/08\/zara-rebaja-la-blusa-que-llevaran-las-madrilenas-al-trabajo-en-septiembre-4.jpg\" alt=\"Empiezan las rebajas de Zara y estas son las prendas que merece la pena comprar seg\u00fan las expertas de moda\"><br \/>\n<\/a><br \/>\n<\/figure>\n<\/div>\n<\/article>\n<\/div>\n<div class=\"v-g__c \">\n<article class=\"v-a v-a--cmp-rld v-a--cmp-rld-2 v-a--p-l\">\n<div class=\"v-a-img-c\">\n<figure class=\"v-a-fig\">\n<a href=\"https:\/\/www.mujerhoy.com\/moda\/no-te-pierdas\/conjunto-zara-ideal-oficina-fichado-comprar-barato-rebajas-20250620120929-nt.html#vtm_modulosEngag=mod-rel:moda:noticia:2:cmp:2-not\" class=\"v-a-link\" title=\"El conjunto de Zara ideal para ir a la oficina que he fichado para comprar m\u00e1s barato en rebajas\"><br \/>\n<img loading=\"lazy\" class=\"v-a-img\" src=\"http:\/\/cordobainforma.info\/wp-content\/uploads\/2025\/08\/zara-rebaja-la-blusa-que-llevaran-las-madrilenas-al-trabajo-en-septiembre-5.jpg\" alt=\"El conjunto de Zara ideal para ir a la oficina que he fichado para comprar m\u00e1s barato en rebajas\"><br \/>\n<\/a><br \/>\n<\/figure>\n<\/div>\n<\/article>\n<\/div>\n<\/div>\n<\/div>\n<\/div>\n","protected":false},"excerpt":{"rendered":"<p>Carla Dom\u00ednguez Publicado \u00b7 30 de agosto de 2025, 14:01 h Con septiembre a la vuelta de la esquina, toca pensar en los looks de oficina. El regreso a la rutina siempre viene acompa\u00f1ado de nuevas tendencias, y este a\u00f1o las protagonistas son las blusas vers\u00e1tiles y sofisticadas que permiten crear estilismos impecables con el [&hellip;]<\/p>\n","protected":false},"author":1,"featured_media":166473,"comment_status":"closed","ping_status":"closed","sticky":false,"template":"","format":"standard","meta":[],"categories":[24],"tags":[],"_links":{"self":[{"href":"http:\/\/cordobainforma.info\/index.php\/wp-json\/wp\/v2\/posts\/166472"}],"collection":[{"href":"http:\/\/cordobainforma.info\/index.php\/wp-json\/wp\/v2\/posts"}],"about":[{"href":"http:\/\/cordobainforma.info\/index.php\/wp-json\/wp\/v2\/types\/post"}],"author":[{"embeddable":true,"href":"http:\/\/cordobainforma.info\/index.php\/wp-json\/wp\/v2\/users\/1"}],"replies":[{"embeddable":true,"href":"http:\/\/cordobainforma.info\/index.php\/wp-json\/wp\/v2\/comments?post=166472"}],"version-history":[{"count":0,"href":"http:\/\/cordobainforma.info\/index.php\/wp-json\/wp\/v2\/posts\/166472\/revisions"}],"wp:featuredmedia":[{"embeddable":true,"href":"http:\/\/cordobainforma.info\/index.php\/wp-json\/wp\/v2\/media\/166473"}],"wp:attachment":[{"href":"http:\/\/cordobainforma.info\/index.php\/wp-json\/wp\/v2\/media?parent=166472"}],"wp:term":[{"taxonomy":"category","embeddable":true,"href":"http:\/\/cordobainforma.info\/index.php\/wp-json\/wp\/v2\/categories?post=166472"},{"taxonomy":"post_tag","embeddable":true,"href":"http:\/\/cordobainforma.info\/index.php\/wp-json\/wp\/v2\/tags?post=166472"}],"curies":[{"name":"wp","href":"https:\/\/api.w.org\/{rel}","templated":true}]}}