{"id":166460,"date":"2025-08-30T11:51:00","date_gmt":"2025-08-30T11:51:00","guid":{"rendered":"http:\/\/cordobainforma.info\/index.php\/2025\/08\/30\/cachanosky-tasas-disparatadas-y-una-dura-advertencia-para-el-futuro-de-la-economia\/"},"modified":"2025-08-30T11:51:00","modified_gmt":"2025-08-30T11:51:00","slug":"cachanosky-tasas-disparatadas-y-una-dura-advertencia-para-el-futuro-de-la-economia","status":"publish","type":"post","link":"http:\/\/cordobainforma.info\/index.php\/2025\/08\/30\/cachanosky-tasas-disparatadas-y-una-dura-advertencia-para-el-futuro-de-la-economia\/","title":{"rendered":"Cachanosky: \u00abTasas disparatadas\u00bb y una dura advertencia para el futuro de la econom\u00eda"},"content":{"rendered":"<div class=\"media_block\"><\/div>\n<div><img src=\"http:\/\/cordobainforma.info\/wp-content\/uploads\/2025\/08\/cachanosky-tasas-disparatadas-y-una-dura-advertencia-para-el-futuro-de-la-economia.jpg\" class=\"ff-og-image-inserted\"><\/div>\n<p>El candidato a diputado nacional por <strong>Uni\u00f3n Liberal<\/strong>, <strong>Roberto Cachanosky<\/strong>, dio un duro pron\u00f3stico sobre el futuro de la <strong>econom\u00eda argentina<\/strong>. <\/p>\n<p class=\"destacadoNota\"><a target=\"_blank\" href=\"https:\/\/www.perfil.com\/noticias\/nea\/rubistein-terminaron-haciendo-un-zafarrancho-el-desarme-de-las-lefis-fue-innecesario.phtml\" rel=\"noopener noreferrer\">Rubinstein: \u00abTerminaron haciendo un zafarrancho, el desarme de las LEFI fue innecesario\u00bb<\/a><\/p>\n<h2>An\u00e1lisis econ\u00f3mico<\/h2>\n<p>\u00abDijo (Winston) <strong>Churchill<\/strong>: \u00b4<strong>Entre la guerra y el deshonor, hab\u00e9is elegido el deshonor, y tendr\u00e9is la guerra<\/strong>\u00b4\u00bb, comenz\u00f3 su an\u00e1lisis en una publicaci\u00f3n de la red social \u00ab<strong>X<\/strong>\u00ab.<\/p>\n<p>\u00abEl gobierno quiere frenar el <strong>d\u00f3lar<\/strong> y el<strong> IPC<\/strong> en base a <strong>tasas disparatadas<\/strong> a costa del nivel de actividad econ\u00f3mica\u00bb, cuestion\u00f3 el economista.<\/p>\n<p class=\"destacadoNota\"><a target=\"_blank\" href=\"https:\/\/www.perfil.com\/noticias\/nea\/inaki-gutierrez-y-un-pronostico-preocupante-hay-varios-rubros-que-no-van-a-sobrevivir-la-estabilizacion.phtml\" rel=\"noopener noreferrer\">I\u00f1aki Guti\u00e9rrez y un pron\u00f3stico preocupante: \u00abHay varios rubros que no van a sobrevivir la estabilizaci\u00f3n\u00bb<\/a><\/p>\n<p>\u00ab<strong>Cuando tengan que corregir el atraso cambiario bajando las tasas, van a tener el salto cambiario, el salto inflacionario y la recesi\u00f3n<\/strong>\u00ab, advirti\u00f3 Cachanosky.<\/p>\n<p>\u00abEso es por poner la pol\u00edtica econ\u00f3mica al servicio de las necesidades electorales del gobierno, en vez de poner la pol\u00edtica econ\u00f3mica al servicio de la gente\u00bb, concluy\u00f3 el candidato a legislador por la<strong> Provincia de Buenos Aires<\/strong> en las elecciones 2025.<\/p>\n<h2>\u00abTasas disparatadas\u00bb<\/h2>\n<p> \u201c<strong>Subir la tasa de inter\u00e9s para contener el tipo de cambio lo vi mil veces en 44 a\u00f1os de profesi\u00f3n, y nunca result\u00f3<\/strong>\u201d, expres\u00f3 en declaraciones a <a target=\"_blank\" href=\"https:\/\/www.perfil.com\/noticias\/canal-e\/roberto-cachanosky-subir-la-tasa-para-frenar-el-dolar-nunca-funciono-y-no-va-a-funcionar-ahora.phtml\" rel=\"noopener noreferrer\"><em>Canal E<\/em><\/a>.<\/p>\n<p>\u201cLa recesi\u00f3n ya est\u00e1 en marcha. Desde diciembre el estimador mensual de actividad econ\u00f3mica viene cayendo. Julio y agosto ser\u00e1n peores con estas tasas\u201d, anticip\u00f3 <strong>Cachanosky<\/strong>.<\/p>\n<div class=\"article__tags\">\n<p>En esta Nota<\/p>\n<\/p><\/div>\n","protected":false},"excerpt":{"rendered":"<p>El candidato a diputado nacional por Uni\u00f3n Liberal, Roberto Cachanosky, dio un duro pron\u00f3stico sobre el futuro de la econom\u00eda argentina. Rubinstein: \u00abTerminaron haciendo un zafarrancho, el desarme de las LEFI fue innecesario\u00bb An\u00e1lisis econ\u00f3mico \u00abDijo (Winston) Churchill: \u00b4Entre la guerra y el deshonor, hab\u00e9is elegido el deshonor, y tendr\u00e9is la guerra\u00b4\u00bb, comenz\u00f3 su an\u00e1lisis [&hellip;]<\/p>\n","protected":false},"author":1,"featured_media":166461,"comment_status":"closed","ping_status":"closed","sticky":false,"template":"","format":"standard","meta":[],"categories":[2],"tags":[],"_links":{"self":[{"href":"http:\/\/cordobainforma.info\/index.php\/wp-json\/wp\/v2\/posts\/166460"}],"collection":[{"href":"http:\/\/cordobainforma.info\/index.php\/wp-json\/wp\/v2\/posts"}],"about":[{"href":"http:\/\/cordobainforma.info\/index.php\/wp-json\/wp\/v2\/types\/post"}],"author":[{"embeddable":true,"href":"http:\/\/cordobainforma.info\/index.php\/wp-json\/wp\/v2\/users\/1"}],"replies":[{"embeddable":true,"href":"http:\/\/cordobainforma.info\/index.php\/wp-json\/wp\/v2\/comments?post=166460"}],"version-history":[{"count":0,"href":"http:\/\/cordobainforma.info\/index.php\/wp-json\/wp\/v2\/posts\/166460\/revisions"}],"wp:featuredmedia":[{"embeddable":true,"href":"http:\/\/cordobainforma.info\/index.php\/wp-json\/wp\/v2\/media\/166461"}],"wp:attachment":[{"href":"http:\/\/cordobainforma.info\/index.php\/wp-json\/wp\/v2\/media?parent=166460"}],"wp:term":[{"taxonomy":"category","embeddable":true,"href":"http:\/\/cordobainforma.info\/index.php\/wp-json\/wp\/v2\/categories?post=166460"},{"taxonomy":"post_tag","embeddable":true,"href":"http:\/\/cordobainforma.info\/index.php\/wp-json\/wp\/v2\/tags?post=166460"}],"curies":[{"name":"wp","href":"https:\/\/api.w.org\/{rel}","templated":true}]}}