{"id":166458,"date":"2025-08-29T20:32:39","date_gmt":"2025-08-29T20:32:39","guid":{"rendered":"https:\/\/cordoba.gob.ar\/?p=80635"},"modified":"2025-08-29T20:32:39","modified_gmt":"2025-08-29T20:32:39","slug":"una-pelicula-sorpresa-para-terminar-el-ciclo-de-las-infancias","status":"publish","type":"post","link":"http:\/\/cordobainforma.info\/index.php\/2025\/08\/29\/una-pelicula-sorpresa-para-terminar-el-ciclo-de-las-infancias\/","title":{"rendered":"Una pel\u00edcula sorpresa para terminar el ciclo de las Infancias"},"content":{"rendered":"<div><img src=\"http:\/\/cordobainforma.info\/wp-content\/uploads\/2025\/08\/una-pelicula-sorpresa-para-terminar-el-ciclo-de-las-infancias.jpg\" class=\"ff-og-image-inserted\"><\/div>\n<hr>\n<p data-prosemirror-content-type=\"node\" data-prosemirror-node-name=\"paragraph\" data-prosemirror-node-block=\"true\">Este s\u00e1bado, a las 16:00 horas, en el Cineclub Municipal (Bv. San Juan 49) se proyecta la \u00faltima pel\u00edcula del \u201cCiclo de las Infancias\u201d, pero todav\u00eda no se sabe el nombre de la obra.<\/p>\n<p data-prosemirror-content-type=\"node\" data-prosemirror-node-name=\"paragraph\" data-prosemirror-node-block=\"true\">Es que se trata de una sorpresa preparada especialmente para el p\u00fablico que asisti\u00f3 durante cada fin de semana a ver las exhibiciones de t\u00edtulos animados, de aventura y mucha emoci\u00f3n.<\/p>\n<p data-prosemirror-content-type=\"node\" data-prosemirror-node-name=\"paragraph\" data-prosemirror-node-block=\"true\">La idea es generar intriga en los espectadores apelando a esa magia que hab\u00eda antes, cuando a uno lo llevaban al cine y no sab\u00eda qu\u00e9 iba a ver.<\/p>\n<p data-prosemirror-content-type=\"node\" data-prosemirror-node-name=\"paragraph\" data-prosemirror-node-block=\"true\">Las entradas pueden adquirirse minutos antes en la boleter\u00eda de la sala de bulevar San Juan 49.<\/p>\n","protected":false},"excerpt":{"rendered":"<p>Este s\u00e1bado, a las 16:00 horas, en el Cineclub Municipal (Bv. San Juan 49) se proyecta la \u00faltima pel\u00edcula del \u201cCiclo de las Infancias\u201d, pero todav\u00eda no se sabe el nombre de la obra. Es que se trata de una sorpresa preparada especialmente para el p\u00fablico que asisti\u00f3 durante cada fin de semana a ver [&hellip;]<\/p>\n","protected":false},"author":1,"featured_media":166459,"comment_status":"closed","ping_status":"closed","sticky":false,"template":"","format":"standard","meta":[],"categories":[2],"tags":[],"_links":{"self":[{"href":"http:\/\/cordobainforma.info\/index.php\/wp-json\/wp\/v2\/posts\/166458"}],"collection":[{"href":"http:\/\/cordobainforma.info\/index.php\/wp-json\/wp\/v2\/posts"}],"about":[{"href":"http:\/\/cordobainforma.info\/index.php\/wp-json\/wp\/v2\/types\/post"}],"author":[{"embeddable":true,"href":"http:\/\/cordobainforma.info\/index.php\/wp-json\/wp\/v2\/users\/1"}],"replies":[{"embeddable":true,"href":"http:\/\/cordobainforma.info\/index.php\/wp-json\/wp\/v2\/comments?post=166458"}],"version-history":[{"count":0,"href":"http:\/\/cordobainforma.info\/index.php\/wp-json\/wp\/v2\/posts\/166458\/revisions"}],"wp:featuredmedia":[{"embeddable":true,"href":"http:\/\/cordobainforma.info\/index.php\/wp-json\/wp\/v2\/media\/166459"}],"wp:attachment":[{"href":"http:\/\/cordobainforma.info\/index.php\/wp-json\/wp\/v2\/media?parent=166458"}],"wp:term":[{"taxonomy":"category","embeddable":true,"href":"http:\/\/cordobainforma.info\/index.php\/wp-json\/wp\/v2\/categories?post=166458"},{"taxonomy":"post_tag","embeddable":true,"href":"http:\/\/cordobainforma.info\/index.php\/wp-json\/wp\/v2\/tags?post=166458"}],"curies":[{"name":"wp","href":"https:\/\/api.w.org\/{rel}","templated":true}]}}