{"id":166456,"date":"2025-08-29T21:33:29","date_gmt":"2025-08-29T21:33:29","guid":{"rendered":"https:\/\/cordoba.gob.ar\/?p=80643"},"modified":"2025-08-29T21:33:29","modified_gmt":"2025-08-29T21:33:29","slug":"cordoba-presento-mercado-de-arte-contemporaneo-2025-en-la-semana-del-arte-de-buenos-aires","status":"publish","type":"post","link":"http:\/\/cordobainforma.info\/index.php\/2025\/08\/29\/cordoba-presento-mercado-de-arte-contemporaneo-2025-en-la-semana-del-arte-de-buenos-aires\/","title":{"rendered":"C\u00f3rdoba present\u00f3 Mercado de Arte Contempor\u00e1neo 2025 en la Semana del Arte de Buenos Aires"},"content":{"rendered":"<div><img src=\"http:\/\/cordobainforma.info\/wp-content\/uploads\/2025\/08\/cordoba-presento-mercado-de-arte-contemporaneo-2025-en-la-semana-del-arte-de-buenos-aires.png\" class=\"ff-og-image-inserted\"><\/div>\n<ul>\n<li data-prosemirror-content-type=\"node\" data-prosemirror-node-name=\"paragraph\" data-prosemirror-node-block=\"true\"><strong>El lanzamiento oficial de MAC tuvo lugar en la Casa de C\u00f3rdoba de Buenos Aires. La edici\u00f3n 2025 tendr\u00e1 lugar del 4 al 7 de diciembre en el Centro de Convenciones C\u00f3rdoba y la convocatoria para galer\u00edas estar\u00e1 vigente del 1 al 30 de septiembre.<\/strong><\/li>\n<\/ul>\n<hr>\n<p data-prosemirror-content-type=\"node\" data-prosemirror-node-name=\"paragraph\" data-prosemirror-node-block=\"true\">La Secretar\u00eda de Fortalecimiento Vecinal, Cultura y Deporte de la Municipalidad de C\u00f3rdoba y la Agencia C\u00f3rdoba Cultura del gobierno de la Provincia, presentaron esta tarde en la Casa de C\u00f3rdoba en la ciudad de Buenos Aires, el Mercado de Arte Contempor\u00e1neo C\u00f3rdoba 2025, que se realizar\u00e1 del 4 al 7 de diciembre en el Centro de Convenciones C\u00f3rdoba.<\/p>\n<p data-prosemirror-content-type=\"node\" data-prosemirror-node-name=\"paragraph\" data-prosemirror-node-block=\"true\">Adem\u00e1s, en el lugar qued\u00f3 inaugurada la muestra \u201cEsp\u00edritu Bonino\u201d, en homenaje al artista cordob\u00e9s Jorge Bonino y se realiz\u00f3 el anuncio de la 18\u00b0 edici\u00f3n del Premio de Pintura Bancor.<\/p>\n<p data-prosemirror-content-type=\"node\" data-prosemirror-node-name=\"paragraph\" data-prosemirror-node-block=\"true\">Durante el encuentro, H\u00e9ctor Campana, secretario de Fortalecimiento Vecinal, Cultura y Deporte municipal destac\u00f3: \u201cSi hay algo que define a esta feria, es la pasi\u00f3n y el esfuerzo de cada una de las personas que la hacen posible. MAC representa un gran encuentro para la escena art\u00edstica de C\u00f3rdoba, Argentina y la regi\u00f3n. Es un espacio de di\u00e1logo y de fortalecimiento para el sector de las artes visuales en un lugar tan importante como es el Centro de Convenciones C\u00f3rdoba\u201d.<\/p>\n<p data-prosemirror-content-type=\"node\" data-prosemirror-node-name=\"paragraph\" data-prosemirror-node-block=\"true\">Por su parte, Ra\u00fal Sansica, presidente de la Agencia C\u00f3rdoba Cultura, se\u00f1al\u00f3 \u201cLas ediciones de MAC fueron creciendo con un sentido federal. Por eso era tan importante para nosotros poder presentarlos dentro del mundo de ArteBA\u201d. Y agreg\u00f3:&nbsp;\u201cEso nos llena de orgullo y de honor, saber que estamos en un camino que produce, la cadena de valor en los artistas, en los que aman, en los que tienen la pasi\u00f3n, en los coleccionistas, en los galeristas, en los que invierten, y eso genera trabajo. Eso en la industria creativa, en la industria cultural, genera empleo y por eso nos necesitamos todos\u201d.<\/p>\n<p data-prosemirror-content-type=\"node\" data-prosemirror-node-name=\"paragraph\" data-prosemirror-node-block=\"true\">Bajo el lema \u201cSobre lo Mercurial\u201d, la curadur\u00eda de MAC 2025 estar\u00e1 a cargo de Sof\u00eda Torres Kosiba y Manuel Coll. La propuesta pondr\u00e1 en el centro la versatilidad, la agilidad y los desplazamientos de las pr\u00e1cticas art\u00edsticas en un tiempo de grandes transformaciones.<\/p>\n<p data-prosemirror-content-type=\"node\" data-prosemirror-node-name=\"paragraph\" data-prosemirror-node-block=\"true\">Esta edici\u00f3n abandona el esquema tradicional de \u201czonas\u201d para organizarse en constelaciones: \u201cConstelaci\u00f3n Crespo\u201d, \u201cConstelaci\u00f3n Bonino\u201d, \u201cConstelaci\u00f3n Myriam Stefford\u201d, \u201cConstelaci\u00f3n de ediciones\u201d y \u201cOrbital\u201d, como una forma de propiciar di\u00e1logos transversales entre artistas, obras y contextos. Entre las novedades m\u00e1s destacadas figuran la Red de Premios y Adquisiciones, que articular\u00e1 reconocimientos desde el \u00e1mbito p\u00fablico y privado; y la Ruta Periferia, un recorrido que conectar\u00e1 al p\u00fablico con las sierras de C\u00f3rdoba, galer\u00edas del interior y actividades al aire libre.<\/p>\n<p data-prosemirror-content-type=\"node\" data-prosemirror-node-name=\"paragraph\" data-prosemirror-node-block=\"true\">La Feria tendr\u00e1 lugar en el Centro de Convenciones C\u00f3rdoba, el complejo de su tipo m\u00e1s importante del pa\u00eds, con m\u00e1s de 18.900 metros cuadrados cubiertos destinados exclusivamente a la realizaci\u00f3n de eventos de gran escala. Este espacio, equipado con tecnolog\u00eda de \u00faltima generaci\u00f3n, refuerza la capacidad de C\u00f3rdoba para recibir propuestas culturales de alcance nacional e internacional.<\/p>\n<p data-prosemirror-content-type=\"node\" data-prosemirror-node-name=\"paragraph\" data-prosemirror-node-block=\"true\">La convocatoria tendr\u00e1 lugar del 1 al 30 de septiembre, y estar\u00e1 dirigida a galer\u00edas con trayectoria, galer\u00edas nuevas y proyectos art\u00edsticos. La aplicaci\u00f3n ser\u00e1 mediante un formulario online, siguiendo las bases y condiciones, que estar\u00e1n publicadas en el sitio web oficial del evento: <a href=\"https:\/\/mercadodearte.cordoba.gob.ar\/\" data-prosemirror-content-type=\"mark\" data-prosemirror-mark-name=\"link\">https:\/\/mercadodearte.cordoba.gob.ar\/<\/a><\/p>\n<p data-prosemirror-content-type=\"node\" data-prosemirror-node-name=\"paragraph\" data-prosemirror-node-block=\"true\">Con el lanzamiento de #MAC2025, C\u00f3rdoba contin\u00faa consolid\u00e1ndose como un verdadero polo de la industria creativa, generando trabajo, oportunidades y movimiento econ\u00f3mico para la provincia. MAC es estrat\u00e9gico: una alternativa real para galeristas y coleccionistas, y un paso m\u00e1s en la afirmaci\u00f3n de C\u00f3rdoba como referente de la cultura federal y regional.<\/p>\n<p data-prosemirror-content-type=\"node\" data-prosemirror-node-name=\"paragraph\" data-prosemirror-node-block=\"true\">El evento se realiz\u00f3 en el marco de la Semana del Arte en la Capital Federal y cont\u00f3 con la presencia de Guillermo Acosta, Ministro de Econom\u00eda y Gesti\u00f3n P\u00fablica de la Provincia de C\u00f3rdoba; H\u00e9ctor Campana, secretario de Fortalecimiento Vecinal, Cultura y Deporte de la Municipalidad de C\u00f3rdoba; Ra\u00fal Sansica, Presidente de la Agencia C\u00f3rdoba Cultura; Ra\u00fal Paolasso presidente de Bancor; junto a representantes de FARO; Fundaci\u00f3n Pro Arte C\u00f3rdoba y referentes de instituciones culturales, galeristas y coleccionistas de todo el pa\u00eds.<\/p>\n<p data-prosemirror-content-type=\"node\" data-prosemirror-node-name=\"paragraph\" data-prosemirror-node-block=\"true\"><strong data-prosemirror-content-type=\"mark\" data-prosemirror-mark-name=\"strong\">Sobre MAC<\/strong><\/p>\n<p data-prosemirror-content-type=\"node\" data-prosemirror-node-name=\"paragraph\" data-prosemirror-node-block=\"true\">Mercado de Arte Contempor\u00e1neo re\u00fane a galeristas, artistas, coleccionistas, curadoras\/es, montajistas, gestoras\/es, referentes de las artes visuales y p\u00fablico general, consolidando a C\u00f3rdoba como referente de la cultura federal y regional. La Feria se sabe parte de un flujo de industrias culturales que impulsan el desarrollo social y econ\u00f3mico de la comunidad.<\/p>\n<p data-prosemirror-content-type=\"node\" data-prosemirror-node-name=\"paragraph\" data-prosemirror-node-block=\"true\">A lo largo de sus ediciones, MAC se ha convertido en una feria reconocida por toda la escena art\u00edstica, un punto de encuentro que ha inspirado a otras provincias a desarrollar sus propios mercados y ferias de arte generando un verdadero movimiento cultural federal.<\/p>\n<p data-prosemirror-content-type=\"node\" data-prosemirror-node-name=\"paragraph\" data-prosemirror-node-block=\"true\">En este sentido, MAC 2025 no solo exhibe arte: crea v\u00ednculos, abre caminos y propicia nuevos mercados, posicionando a C\u00f3rdoba como un polo cultural de alcance nacional.<\/p>\n<p data-prosemirror-content-type=\"node\" data-prosemirror-node-name=\"paragraph\" data-prosemirror-node-block=\"true\"><strong data-prosemirror-content-type=\"mark\" data-prosemirror-mark-name=\"strong\">Premio de Pintura Bancor<\/strong><\/p>\n<p data-prosemirror-content-type=\"node\" data-prosemirror-node-name=\"paragraph\" data-prosemirror-node-block=\"true\">En el mismo acto tambi\u00e9n se anunci\u00f3 la decimoctava edici\u00f3n del Premio de Pintura Bancor, uno de los concursos m\u00e1s importantes a nivel federal, que abre su convocatoria a artistas de todo el territorio argentino. Con 18 ediciones consecutivas, este premio se ha consolidado como el \u00fanico sal\u00f3n con alcance nacional que se realiza en C\u00f3rdoba y que, adem\u00e1s, promueve el desarrollo del arte urbano en la ciudad, declarada \u201cCapital Provincial del Arte Urbano\u201d.<\/p>\n<p data-prosemirror-content-type=\"node\" data-prosemirror-node-name=\"paragraph\" data-prosemirror-node-block=\"true\"><strong data-prosemirror-content-type=\"mark\" data-prosemirror-mark-name=\"strong\">Esp\u00edritu Bonino<\/strong><\/p>\n<p data-prosemirror-content-type=\"node\" data-prosemirror-node-name=\"paragraph\" data-prosemirror-node-block=\"true\">Por su parte, en el marco de las presentaciones se inaugur\u00f3 \u201cEsp\u00edritu Bonino\u201d, una exposici\u00f3n tambi\u00e9n curada por Sof\u00eda Torres Kosiba que abre un nuevo ciclo dedicado a rescatar y proyectar la obra del legendario artista cordob\u00e9s Jorge Bonino. La propuesta reuni\u00f3 archivos in\u00e9ditos, pinturas, fotograf\u00edas, performances e instalaciones audiovisuales, en di\u00e1logo con producciones de amigos y contempor\u00e1neos de Bonino, as\u00ed como con creadores actuales que mantienen vivo el esp\u00edritu experimental, tierno y humor\u00edstico de una de las figuras m\u00e1s inclasificables de la vanguardia argentina de los a\u00f1os sesenta y setenta.<\/p>\n<p data-prosemirror-content-type=\"node\" data-prosemirror-node-name=\"paragraph\" data-prosemirror-node-block=\"true\">Jorge Bonino naci\u00f3 en Villa Mar\u00eda en 1935, fue arquitecto, actor, performer, amigo, payaso, mimo, artesano, inventor, pedagogo, ling\u00fcista, viajero, artista y genio. Su obra reafirma el rol de C\u00f3rdoba como semillero de innovaci\u00f3n cultural.<\/p>\n","protected":false},"excerpt":{"rendered":"<p>El lanzamiento oficial de MAC tuvo lugar en la Casa de C\u00f3rdoba de Buenos Aires. La edici\u00f3n 2025 tendr\u00e1 lugar del 4 al 7 de diciembre en el Centro de Convenciones C\u00f3rdoba y la convocatoria para galer\u00edas estar\u00e1 vigente del 1 al 30 de septiembre. La Secretar\u00eda de Fortalecimiento Vecinal, Cultura y Deporte de la [&hellip;]<\/p>\n","protected":false},"author":1,"featured_media":166457,"comment_status":"closed","ping_status":"closed","sticky":false,"template":"","format":"standard","meta":[],"categories":[2],"tags":[],"_links":{"self":[{"href":"http:\/\/cordobainforma.info\/index.php\/wp-json\/wp\/v2\/posts\/166456"}],"collection":[{"href":"http:\/\/cordobainforma.info\/index.php\/wp-json\/wp\/v2\/posts"}],"about":[{"href":"http:\/\/cordobainforma.info\/index.php\/wp-json\/wp\/v2\/types\/post"}],"author":[{"embeddable":true,"href":"http:\/\/cordobainforma.info\/index.php\/wp-json\/wp\/v2\/users\/1"}],"replies":[{"embeddable":true,"href":"http:\/\/cordobainforma.info\/index.php\/wp-json\/wp\/v2\/comments?post=166456"}],"version-history":[{"count":0,"href":"http:\/\/cordobainforma.info\/index.php\/wp-json\/wp\/v2\/posts\/166456\/revisions"}],"wp:featuredmedia":[{"embeddable":true,"href":"http:\/\/cordobainforma.info\/index.php\/wp-json\/wp\/v2\/media\/166457"}],"wp:attachment":[{"href":"http:\/\/cordobainforma.info\/index.php\/wp-json\/wp\/v2\/media?parent=166456"}],"wp:term":[{"taxonomy":"category","embeddable":true,"href":"http:\/\/cordobainforma.info\/index.php\/wp-json\/wp\/v2\/categories?post=166456"},{"taxonomy":"post_tag","embeddable":true,"href":"http:\/\/cordobainforma.info\/index.php\/wp-json\/wp\/v2\/tags?post=166456"}],"curies":[{"name":"wp","href":"https:\/\/api.w.org\/{rel}","templated":true}]}}