{"id":166444,"date":"2025-08-30T09:27:09","date_gmt":"2025-08-30T09:27:09","guid":{"rendered":"http:\/\/cordobainforma.info\/index.php\/2025\/08\/30\/en-nuevos-audios-spagnuolo-apunto-a-pettovello-karina-y-lule-menem-hoy-dia-cordoba\/"},"modified":"2025-08-30T09:27:09","modified_gmt":"2025-08-30T09:27:09","slug":"en-nuevos-audios-spagnuolo-apunto-a-pettovello-karina-y-lule-menem-hoy-dia-cordoba","status":"publish","type":"post","link":"http:\/\/cordobainforma.info\/index.php\/2025\/08\/30\/en-nuevos-audios-spagnuolo-apunto-a-pettovello-karina-y-lule-menem-hoy-dia-cordoba\/","title":{"rendered":"En nuevos audios, Spagnuolo apunt\u00f3 a Pettovello, Karina y &quot;Lule&quot; Menem &#8211; Hoy D\u00eda C\u00f3rdoba"},"content":{"rendered":"<p>En nuevos audios, Spagnuolo apunt\u00f3 a Pettovello, Karina y \u00abLule\u00bb Menem &#8230; <b>Econom\u00eda<\/b> y Negocios &middot; Salida de d\u00f3lares en julio, el nivel m\u00e1s alto desde&nbsp;&#8230; <\/p>\n","protected":false},"excerpt":{"rendered":"<p>En nuevos audios, Spagnuolo apunt\u00f3 a Pettovello, Karina y \u00abLule\u00bb Menem &#8230; Econom\u00eda y Negocios &middot; Salida de d\u00f3lares en julio, el nivel m\u00e1s alto desde&nbsp;&#8230;<\/p>\n","protected":false},"author":1,"featured_media":0,"comment_status":"closed","ping_status":"closed","sticky":false,"template":"","format":"standard","meta":[],"categories":[23],"tags":[],"_links":{"self":[{"href":"http:\/\/cordobainforma.info\/index.php\/wp-json\/wp\/v2\/posts\/166444"}],"collection":[{"href":"http:\/\/cordobainforma.info\/index.php\/wp-json\/wp\/v2\/posts"}],"about":[{"href":"http:\/\/cordobainforma.info\/index.php\/wp-json\/wp\/v2\/types\/post"}],"author":[{"embeddable":true,"href":"http:\/\/cordobainforma.info\/index.php\/wp-json\/wp\/v2\/users\/1"}],"replies":[{"embeddable":true,"href":"http:\/\/cordobainforma.info\/index.php\/wp-json\/wp\/v2\/comments?post=166444"}],"version-history":[{"count":0,"href":"http:\/\/cordobainforma.info\/index.php\/wp-json\/wp\/v2\/posts\/166444\/revisions"}],"wp:attachment":[{"href":"http:\/\/cordobainforma.info\/index.php\/wp-json\/wp\/v2\/media?parent=166444"}],"wp:term":[{"taxonomy":"category","embeddable":true,"href":"http:\/\/cordobainforma.info\/index.php\/wp-json\/wp\/v2\/categories?post=166444"},{"taxonomy":"post_tag","embeddable":true,"href":"http:\/\/cordobainforma.info\/index.php\/wp-json\/wp\/v2\/tags?post=166444"}],"curies":[{"name":"wp","href":"https:\/\/api.w.org\/{rel}","templated":true}]}}