{"id":166414,"date":"2025-08-30T05:53:48","date_gmt":"2025-08-30T05:53:48","guid":{"rendered":"https:\/\/www.clarin.com\/deportes\/vaccari-rey-hablaron-escandalo-universidad-chile-cuestiones-futbolisticas-resuelven-dentro-campo_0_gZ8UFaOF4L.html"},"modified":"2025-08-30T05:53:48","modified_gmt":"2025-08-30T05:53:48","slug":"vaccari-y-rey-hablaron-del-escandalo-con-universidad-de-chile-las-cuestiones-futbolisticas-se-resuelven-dentro-del-campo","status":"publish","type":"post","link":"http:\/\/cordobainforma.info\/index.php\/2025\/08\/30\/vaccari-y-rey-hablaron-del-escandalo-con-universidad-de-chile-las-cuestiones-futbolisticas-se-resuelven-dentro-del-campo\/","title":{"rendered":"Vaccari y Rey hablaron del esc\u00e1ndalo con Universidad de Chile: \u00abLas cuestiones futbol\u00edsticas se resuelven dentro del campo\u00bb"},"content":{"rendered":"<p><img src=\"http:\/\/cordobainforma.info\/wp-content\/uploads\/2025\/08\/vaccari-y-rey-hablaron-del-escandalo-con-universidad-de-chile-las-cuestiones-futbolisticas-se-resuelven-dentro-del-campo.jpg\"><\/p>\n<div><img src=\"http:\/\/cordobainforma.info\/wp-content\/uploads\/2025\/08\/vaccari-y-rey-hablaron-del-escandalo-con-universidad-de-chile-las-cuestiones-futbolisticas-se-resuelven-dentro-del-campo-2.jpg\" class=\"ff-og-image-inserted\"><\/div>\n<div id=\"element-body-0\" readability=\"58.135064935065\">\n<p><strong>Independiente volvi\u00f3 a la cancha este viernes<\/strong> tras el esc\u00e1ndalo ocurrido en la Copa Sudamericana con Universidad de Chile. Despu\u00e9s del <a href=\"https:\/\/www.clarin.com\/deportes\/instituto-cordoba-vs-independiente-torneo-clausura-2025-minuto-minuto-directo_0_kJD7XfkRzt.html\" target=\"_blank\" title=\"empate 0-0 con Instituto\" alt=\"empate 0-0 con Instituto\" rel=\"noopener noreferrer\">empate 0-0 con Instituto<\/a> por el Clausura local, y a la espera de una resoluci\u00f3n de Conmebol por el partido cancelado en el torneo internacional, tanto el t\u00e9cnico <strong>Julio Vaccari<\/strong> como el capit\u00e1n <strong>Rodrigo Rey<\/strong> expresaron su postura sobre lo sucedido.<\/p>\n<\/div>\n<div id=\"element-body-1\" readability=\"63\">\n<p>\u00abEs una tristeza enorme. El f\u00fatbol tiene que sentir esa tristeza por lo que pas\u00f3.<strong> Uno desea que las cuestiones futbol\u00edsticas se resuelvan dentro del campo. <\/strong>Esto no es solo un problema deportivo, sino cultural y social<strong>, <\/strong>ligado a una falta de educaci\u00f3n grave. El f\u00fatbol refleja eso. Todos los hermanos sudamericanos debemos trabajar para que no se repita. <strong>Es un tema cultural y social que atraviesa al deporte<\/strong>\u00ab, afirm\u00f3 el entrenador del Rojo.<\/p>\n<\/div>\n<div id=\"element-body-2\" readability=\"60\">\n<p>En relaci\u00f3n a las gestiones que est\u00e1n llevando a cabo los dirigentes del Rey de Copas, Vaccari opin\u00f3: \u00abS\u00e9 que la gente de Independiente est\u00e1 haciendo todo lo posible y nosotros estamos encolumnados detr\u00e1s de ese esfuerzo. Nuestra contribuci\u00f3n es concentrarnos en lo futbol\u00edstico\u00bb.<\/p>\n<\/div>\n<div id=\"element-body-3\" readability=\"66\">\n<p>Sobre el impacto en el plantel, el DT detall\u00f3: \u00ab<strong>Fueron d\u00edas complicados<\/strong>, no solo porque tenemos futbolistas chilenos (por Loyola, Galdames y Cabral), sino porque, en mayor o menor medida, todos ten\u00edamos familiares en el estadio. <strong>En un momento un jugador me dijo que estaban tirando su familia.<\/strong> Fue una situaci\u00f3n muy delicada y nada agradable\u00bb.<\/p>\n<\/div>\n<div id=\"element-body-5\" readability=\"61\">\n<p>El t\u00e9cnico tambi\u00e9n reconoci\u00f3 la dificultad de sobrellevar el episodio: \u00ab<strong>Es muy dif\u00edcil sacar de la cabeza <\/strong>este tipo de situaciones. Las llevamos al trabajo y debemos resolverlas. Es algo que genera mucha tristeza. Queremos hablar de f\u00fatbol, no de este tema. <strong>La palabra que define todo esto es tristeza<\/strong>\u00ab.<\/p>\n<\/div>\n<div id=\"element-body-6\" readability=\"61\">\n<p>Vaccari explic\u00f3 que empezaron a abordar lo sucedido el segundo d\u00eda posterior al incidente para poder dejarlo atr\u00e1s: \u00abM\u00e1s all\u00e1 de intentar que todo siga con normalidad, no es normal. Muchos chicos ten\u00edan familiares que asistieron al estadio y hubo que evacuar a algunos para protegerlos. Con el correr de los d\u00edas nos propusimos dejar atr\u00e1s esta situaci\u00f3n para poder representar a este escudo de la mejor manera\u00bb.<\/p>\n<\/div>\n<div id=\"element-body-8\" readability=\"62\">\n<p>Y concluy\u00f3: \u00ab<strong>Esto es un problema cultural y social, ligado a la educaci\u00f3n. <\/strong>El f\u00fatbol refleja esa realidad. Todos los hermanos sudamericanos debemos trabajar para que no ocurra nuevamente. No estoy preparado para dar soluciones, pero ser\u00eda bueno que quienes pueden actuar, lo hagan\u00bb.<\/p>\n<\/div>\n<div id=\"element-body-9\" readability=\"60\">\n<p>Por su parte, el capit\u00e1n y arquero <strong>Rodrigo Rey<\/strong> manifest\u00f3: \u00abLo que pas\u00f3 en la Sudamericana fue realmente muy triste. <strong>Tuvimos mucho miedo<\/strong> por nuestras familias. Vimos que nuestros seres queridos estaban cerca del c\u00f3rner. Son situaciones que uno nunca quiere vivir. No son aceptables\u00bb.<\/p>\n<\/div>\n<div id=\"element-body-10\" readability=\"62\">\n<p>Y admiti\u00f3 que no fue f\u00e1cil abstraerse del contexto, que afect\u00f3 a todo el plantel: \u00abDebemos mantener la mente en lo futbol\u00edstico, en poder volver a la senda del triunfo. Pero queremos que lo que pas\u00f3 no se repita jam\u00e1s. Ojal\u00e1 sirva como un llamado de atenci\u00f3n para que algo as\u00ed no vuelva a ocurrir en una cancha de f\u00fatbol\u00bb.<\/p>\n<\/div>\n<div id=\"element-body-11\" readability=\"55.653543307087\">\n<p>Con su presidente N\u00e9stor Grindetti a la cabeza, <a href=\"https:\/\/www.clarin.com\/deportes\/videos-presento-independiente-conmebol-demostrar-conexion-barras-chile-dirigencia_0_LCA6sC9tEj.html\" target=\"_blank\" title=\"Independiente ya dej\u00f3 clara su postura\" alt=\"Independiente ya dej\u00f3 clara su postura\" rel=\"noopener noreferrer\">Independiente ya dej\u00f3 clara su postura<\/a>: considera que la Universidad de Chile tiene la mayor cuota de responsabilidad en los violentos disturbios que se generaron en Avellaneda el mi\u00e9rcoles 20 por la noche, cuando se enfrentaron en el estadio Libertadores de Am\u00e9rica por la vuelta de los octavos de final de la Copa Sudamericana.<\/p>\n<\/div>\n<div id=\"element-body-12\" readability=\"60\">\n<p>Lo que m\u00e1s remarc\u00f3 Grindetti en su exposici\u00f3n fue que el origen de los disturbios se debi\u00f3 a<strong> la violencia que llev\u00f3 adelante la barra de la U. de Chile, que tendr\u00eda conexiones con la directiva <\/strong>del club trasandino.<\/p>\n<\/div>\n<div id=\"element-body-13\" readability=\"60\">\n<p>Seg\u00fan la versi\u00f3n que impulsan desde Avellaneda, la U. de Chile atraviesa una interna entre las autoridades que manejan el gerenciamiento de la instituci\u00f3n y los movimientos de la hinchada trasandina en el Libertadores de Am\u00e9rica tienen que ver con ese conflicto.<\/p>\n<\/div>\n<div id=\"element-body-14\" readability=\"66\">\n<p>Para hacer m\u00e1s visible este v\u00ednculo entre barras y directivos,<strong> trascendi\u00f3 un video en el que se los ve almorzando en el mismo restaurante<\/strong>, ubicado en la calle Lavalle al 900, a pocos metros del Obelisco porte\u00f1o. La mayor\u00eda de las escenas fueron captadas por la c\u00e1mara de seguridad del establecimiento gastron\u00f3mico, pero en otra se los observa m\u00e1s de cerca, cantando y desplegando una bandera con los colores de la U y la leyenda \u00abVilla Francia\u00bb, un barrio tradicional de Santiago de Chile.<\/p>\n<\/div>\n<div id=\"element-body-15\" readability=\"31\">\n<div class=\"sc-c2c2a3c6-1 kQhBlc videoText videoText\" readability=\"32\">\n<h2>Video<\/h2>\n<p>Los videos que present\u00f3 Independiente<\/p>\n<\/div>\n<\/div>\n<div id=\"element-body-16\" readability=\"60\">\n<p>Este material audiovisual ser\u00eda la carta fuerte por la que apuesta Independiente en la Conmebol, a la espera de que en la casa madre del f\u00fatbol sudamericano<strong> eval\u00faen los descargos y decidan qu\u00e9 pasar\u00e1 <\/strong>con ambos clubes en la competencia.<\/p>\n<\/div>\n<div id=\"element-body-17\" readability=\"60\">\n<p>Desde Asunci\u00f3n se decidir\u00e1 si pesa m\u00e1s la responsabilidad de Independiente como club organizador o se toma en cuenta que la violencia germin\u00f3 a partir de la beligerante actitud de los ultras de la U, m\u00e1s all\u00e1 de la posterior invasi\u00f3n de la barra local.<\/p>\n<\/div>\n<div id=\"element-body-18\" readability=\"61\">\n<p><strong>\u00bfQu\u00e9 har\u00e1 Conmebol? Hay tres posibilidades:<\/strong> clasificar a los chilenos a los cuartos de final, muy a pesar de que sus barras estuvieron cuatro horas rompiendo todo en la Tribuna Pavoni alta, repetir el partido en un pa\u00eds neutral o aceptar que Independiente no es responsable.<\/p>\n<\/div>\n","protected":false},"excerpt":{"rendered":"<p>Independiente volvi\u00f3 a la cancha este viernes tras el esc\u00e1ndalo ocurrido en la Copa Sudamericana con Universidad de Chile. Despu\u00e9s del empate 0-0 con Instituto por el Clausura local, y a la espera de una resoluci\u00f3n de Conmebol por el partido cancelado en el torneo internacional, tanto el t\u00e9cnico Julio Vaccari como el capit\u00e1n Rodrigo [&hellip;]<\/p>\n","protected":false},"author":1,"featured_media":166415,"comment_status":"closed","ping_status":"closed","sticky":false,"template":"","format":"standard","meta":[],"categories":[20],"tags":[],"_links":{"self":[{"href":"http:\/\/cordobainforma.info\/index.php\/wp-json\/wp\/v2\/posts\/166414"}],"collection":[{"href":"http:\/\/cordobainforma.info\/index.php\/wp-json\/wp\/v2\/posts"}],"about":[{"href":"http:\/\/cordobainforma.info\/index.php\/wp-json\/wp\/v2\/types\/post"}],"author":[{"embeddable":true,"href":"http:\/\/cordobainforma.info\/index.php\/wp-json\/wp\/v2\/users\/1"}],"replies":[{"embeddable":true,"href":"http:\/\/cordobainforma.info\/index.php\/wp-json\/wp\/v2\/comments?post=166414"}],"version-history":[{"count":0,"href":"http:\/\/cordobainforma.info\/index.php\/wp-json\/wp\/v2\/posts\/166414\/revisions"}],"wp:featuredmedia":[{"embeddable":true,"href":"http:\/\/cordobainforma.info\/index.php\/wp-json\/wp\/v2\/media\/166415"}],"wp:attachment":[{"href":"http:\/\/cordobainforma.info\/index.php\/wp-json\/wp\/v2\/media?parent=166414"}],"wp:term":[{"taxonomy":"category","embeddable":true,"href":"http:\/\/cordobainforma.info\/index.php\/wp-json\/wp\/v2\/categories?post=166414"},{"taxonomy":"post_tag","embeddable":true,"href":"http:\/\/cordobainforma.info\/index.php\/wp-json\/wp\/v2\/tags?post=166414"}],"curies":[{"name":"wp","href":"https:\/\/api.w.org\/{rel}","templated":true}]}}