{"id":166410,"date":"2025-08-29T21:39:12","date_gmt":"2025-08-29T21:39:12","guid":{"rendered":"https:\/\/somoscordobeses.com\/2025\/08\/29\/cordoba-pese-a-la-tormenta-de-santa-rosa-ratifican-cortes-programados-para-el-sabado\/"},"modified":"2025-08-29T21:39:12","modified_gmt":"2025-08-29T21:39:12","slug":"cordoba-pese-a-la-tormenta-de-santa-rosa-ratifican-cortes-programados-para-el-sabado","status":"publish","type":"post","link":"http:\/\/cordobainforma.info\/index.php\/2025\/08\/29\/cordoba-pese-a-la-tormenta-de-santa-rosa-ratifican-cortes-programados-para-el-sabado\/","title":{"rendered":"C\u00f3rdoba: pese a la tormenta de Santa Rosa, ratifican cortes programados para el s\u00e1bado"},"content":{"rendered":"<div><img src=\"http:\/\/cordobainforma.info\/wp-content\/uploads\/2025\/08\/cordoba-pese-a-la-tormenta-de-santa-rosa-ratifican-cortes-programados-para-el-sabado.jpg\" class=\"ff-og-image-inserted\"><\/div>\n<p><strong>C\u00f3rdoba<\/strong><\/p>\n<p>De 07:30 a 12:30. Motivo: Mantenimiento En Red A\u00e9rea. Zona afectada: barrio Alberdi en forma parcial.<\/p>\n<p>De 08:00 a 12:00. Motivo: Mantenimiento En Red A\u00e9rea. Zona afectada: Camino a Tres Acequias, Tres Acequias y Bomba de Emos.<\/p>\n<p>De 08:00 a 11:30. Motivo: Poda Sobre Red A\u00e9rea De Media Tensi\u00f3n. Zona afectada: barrios Villa Belgrano, Granja de Funes, Arg\u00fcello y Silvano Funes, en forma parcial.<\/p>\n<p>De 09:30 a 12:30. Motivo: Ampliaci\u00f3n De Redes De Distribuci\u00f3n Primaria Zona afectada: barrio Villa 9 de julio en forma parcial.<\/p>\n<p>De 13:30 a 17:30. Motivo: Poda Sobre Red A\u00e9rea De Media Tensi\u00f3n. Zona afectada: barrios Mariano Balcarce, Parque Capital, Avenida y ATE, en forma parcial.<\/p>\n<p><strong>Villa Valeria, Del Campillo, N. Bruzone, Mattaldi y Jovita<\/strong><\/p>\n<p>De 18:00 a 18:10. Motivo: Mantenimiento Correctivo.<\/p>\n<p><strong>Colaz, James Craik y Las Junturas<\/strong><\/p>\n<p>De 08:00 a 12:00. Motivo: Mantenimiento En Estaci\u00f3n Transformadora.<\/p>\n","protected":false},"excerpt":{"rendered":"<p>C\u00f3rdoba De 07:30 a 12:30. Motivo: Mantenimiento En Red A\u00e9rea. Zona afectada: barrio Alberdi en forma parcial. De 08:00 a 12:00. Motivo: Mantenimiento En Red A\u00e9rea. Zona afectada: Camino a Tres Acequias, Tres Acequias y Bomba de Emos. De 08:00 a 11:30. Motivo: Poda Sobre Red A\u00e9rea De Media Tensi\u00f3n. Zona afectada: barrios Villa Belgrano, [&hellip;]<\/p>\n","protected":false},"author":1,"featured_media":166411,"comment_status":"closed","ping_status":"closed","sticky":false,"template":"","format":"standard","meta":[],"categories":[2],"tags":[],"_links":{"self":[{"href":"http:\/\/cordobainforma.info\/index.php\/wp-json\/wp\/v2\/posts\/166410"}],"collection":[{"href":"http:\/\/cordobainforma.info\/index.php\/wp-json\/wp\/v2\/posts"}],"about":[{"href":"http:\/\/cordobainforma.info\/index.php\/wp-json\/wp\/v2\/types\/post"}],"author":[{"embeddable":true,"href":"http:\/\/cordobainforma.info\/index.php\/wp-json\/wp\/v2\/users\/1"}],"replies":[{"embeddable":true,"href":"http:\/\/cordobainforma.info\/index.php\/wp-json\/wp\/v2\/comments?post=166410"}],"version-history":[{"count":0,"href":"http:\/\/cordobainforma.info\/index.php\/wp-json\/wp\/v2\/posts\/166410\/revisions"}],"wp:featuredmedia":[{"embeddable":true,"href":"http:\/\/cordobainforma.info\/index.php\/wp-json\/wp\/v2\/media\/166411"}],"wp:attachment":[{"href":"http:\/\/cordobainforma.info\/index.php\/wp-json\/wp\/v2\/media?parent=166410"}],"wp:term":[{"taxonomy":"category","embeddable":true,"href":"http:\/\/cordobainforma.info\/index.php\/wp-json\/wp\/v2\/categories?post=166410"},{"taxonomy":"post_tag","embeddable":true,"href":"http:\/\/cordobainforma.info\/index.php\/wp-json\/wp\/v2\/tags?post=166410"}],"curies":[{"name":"wp","href":"https:\/\/api.w.org\/{rel}","templated":true}]}}