{"id":166408,"date":"2025-08-29T21:44:15","date_gmt":"2025-08-29T21:44:15","guid":{"rendered":"https:\/\/somoscordobeses.com\/2025\/08\/29\/reconocido-disenador-de-moda-sobre-el-fenomeno-shein-es-una-estafa-la-calidad-es-fatal\/"},"modified":"2025-08-29T21:44:15","modified_gmt":"2025-08-29T21:44:15","slug":"reconocido-disenador-de-moda-sobre-el-fenomeno-shein-es-una-estafa-la-calidad-es-fatal","status":"publish","type":"post","link":"http:\/\/cordobainforma.info\/index.php\/2025\/08\/29\/reconocido-disenador-de-moda-sobre-el-fenomeno-shein-es-una-estafa-la-calidad-es-fatal\/","title":{"rendered":"Reconocido dise\u00f1ador de moda sobre el fen\u00f3meno Shein: Es una estafa, la calidad es fatal"},"content":{"rendered":"<div><img src=\"http:\/\/cordobainforma.info\/wp-content\/uploads\/2025\/08\/reconocido-disenador-de-moda-sobre-el-fenomeno-shein-es-una-estafa-la-calidad-es-fatal.jpg\" class=\"ff-og-image-inserted\"><\/div>\n<p><strong>El reconocido<strong><strong> <\/strong><\/strong>dise\u00f1ador de moda C\u00e9sar Juricich<strong><strong> <\/strong><\/strong><\/strong>critic\u00f3 con dureza el fen\u00f3meno de las <strong>plataformas de moda r\u00e1pida <\/strong>como <strong>Shein<\/strong> al afirmar que es \u201c<strong>una estafa<\/strong>\u201d y que \u201c<strong>la calidad es fatal<\/strong>\u201d.<\/p>\n<p>Adem\u00e1s se\u00f1al\u00f3 que la llegada de este tipo de aplicaciones \u201c<strong>a<\/strong><strong>fect\u00f3 much\u00edsimo y que se ve todo perjudicado\u201d<\/strong>.<\/p>\n<p>\u201cSi bien estamos pasando por un momento bastante \u00e1lgido en lo que es la <strong>econom\u00eda argentina<\/strong> y se ha como intensificado much\u00edsimo, en lo que es el consumo de indumentaria y de accesorios en todo lo que es <strong>ropa, calzado, marroquiner\u00eda, accesorios<\/strong>, esto perjudica m\u00e1s todav\u00eda\u201d, agreg\u00f3 en declaraciones a <em>Splendid AM 990<\/em>.<\/p>\n<p>Rubinstein: \u00abTerminaron haciendo un zafarrancho, el desarme de las LEFI fue innecesario\u00bb<\/p>\n<h2>\u201cLa calidad es muy mala\u201d<\/h2>\n<p>\u201cUno tiene acceso directo y muy r\u00e1pido con una entrega superr\u00e1pida y puerta a puerta. Ni siquiera la ten\u00e9s que pasar a retirar por alg\u00fan lado. Si bien <strong>la calidad es muy mala, porque es mal\u00edsima<\/strong>, porque te proponen algo que parece divino en la imagen con una calidad espectacular, y cuando lo recib\u00eds, realmente es malo\u201d, explic\u00f3.<\/p>\n<p>Y luego precis\u00f3 que \u201c<strong>lo peor de todo es que la tabla de talles <\/strong><strong>no <\/strong><strong>la respetan<\/strong>\u201d. \u201cEntonces vos compr\u00e1s una prenda pensando que las medidas que ellos te pasan, vos te tom\u00e1s con 1 cent\u00edmetro en tu casa, separaci\u00f3n de busto, altura de busto, cintura, espalda, largo de brazo, y cuando lo recib\u00eds, no te entra o es enorme\u201d, cuestion\u00f3.<\/p>\n<p>Una encuesta revela que la imagen de Milei cay\u00f3 casi 10 puntos en las \u00faltimas semanas<\/p>\n<h2>\u201cEs una estafa\u201d<\/h2>\n<p><strong>Juricich <\/strong>la calific\u00f3 como <strong>\u201cuna estafa\u201d<\/strong><strong><strong> <\/strong><\/strong>y luego ejemplific\u00f3: \u201cSab\u00e9s la cantidad de gente que yo conozco de mi entorno, amigos, familiares que han comprado y han recibido cualquier cosa\u201d.<\/p>\n<p>El dise\u00f1ador asegur\u00f3 que \u201c<strong>la calidad es fatal<\/strong>\u201d y que \u201clo peor de todo esto\u201d adem\u00e1s \u201cde que perjudica comercialmente a la industria nacional\u201d es \u201cel hecho de lo que es la toxicidad ambiental\u201d.<\/p>\n<p>\u201c<strong>L<\/strong><strong>os materiales que est\u00e1n usando son totalmente t\u00f3xicos<\/strong>, porque no est\u00e1s hablando de fibras naturales, es todo sint\u00e9tico, pero sint\u00e9tico ni siquiera con control de calidad\u201d, advirti\u00f3.<\/p>\n<p>Por \u00faltimo consider\u00f3 que <strong>\u201c<\/strong><strong>es delirante la diferencia de precios\u201d<\/strong> y \u201ce<strong>s imposible\u201d competir con esa empresas \u201cporque un metro de tela a m\u00ed me cuesta m\u00e1s caro que una prenda terminada comprada afuera en una plataforma de estas\u201d.<\/strong><\/p>\n","protected":false},"excerpt":{"rendered":"<p>El reconocido dise\u00f1ador de moda C\u00e9sar Juricich critic\u00f3 con dureza el fen\u00f3meno de las plataformas de moda r\u00e1pida como Shein al afirmar que es \u201cuna estafa\u201d y que \u201cla calidad es fatal\u201d. Adem\u00e1s se\u00f1al\u00f3 que la llegada de este tipo de aplicaciones \u201cafect\u00f3 much\u00edsimo y que se ve todo perjudicado\u201d. \u201cSi bien estamos pasando por [&hellip;]<\/p>\n","protected":false},"author":1,"featured_media":166409,"comment_status":"closed","ping_status":"closed","sticky":false,"template":"","format":"standard","meta":[],"categories":[2],"tags":[],"_links":{"self":[{"href":"http:\/\/cordobainforma.info\/index.php\/wp-json\/wp\/v2\/posts\/166408"}],"collection":[{"href":"http:\/\/cordobainforma.info\/index.php\/wp-json\/wp\/v2\/posts"}],"about":[{"href":"http:\/\/cordobainforma.info\/index.php\/wp-json\/wp\/v2\/types\/post"}],"author":[{"embeddable":true,"href":"http:\/\/cordobainforma.info\/index.php\/wp-json\/wp\/v2\/users\/1"}],"replies":[{"embeddable":true,"href":"http:\/\/cordobainforma.info\/index.php\/wp-json\/wp\/v2\/comments?post=166408"}],"version-history":[{"count":0,"href":"http:\/\/cordobainforma.info\/index.php\/wp-json\/wp\/v2\/posts\/166408\/revisions"}],"wp:featuredmedia":[{"embeddable":true,"href":"http:\/\/cordobainforma.info\/index.php\/wp-json\/wp\/v2\/media\/166409"}],"wp:attachment":[{"href":"http:\/\/cordobainforma.info\/index.php\/wp-json\/wp\/v2\/media?parent=166408"}],"wp:term":[{"taxonomy":"category","embeddable":true,"href":"http:\/\/cordobainforma.info\/index.php\/wp-json\/wp\/v2\/categories?post=166408"},{"taxonomy":"post_tag","embeddable":true,"href":"http:\/\/cordobainforma.info\/index.php\/wp-json\/wp\/v2\/tags?post=166408"}],"curies":[{"name":"wp","href":"https:\/\/api.w.org\/{rel}","templated":true}]}}