{"id":166371,"date":"2025-08-29T13:20:20","date_gmt":"2025-08-29T13:20:20","guid":{"rendered":"https:\/\/cordobainforma.info\/index.php\/2025\/08\/29\/agresion-insana-politico-frances-responde-a-las-amenazas-de-von-der-leyen-a-rusia\/"},"modified":"2025-08-29T13:20:20","modified_gmt":"2025-08-29T13:20:20","slug":"agresion-insana-politico-frances-responde-a-las-amenazas-de-von-der-leyen-a-rusia","status":"publish","type":"post","link":"http:\/\/cordobainforma.info\/index.php\/2025\/08\/29\/agresion-insana-politico-frances-responde-a-las-amenazas-de-von-der-leyen-a-rusia\/","title":{"rendered":"\u00abAgresi\u00f3n insana\u00bb: Pol\u00edtico franc\u00e9s responde a las amenazas de Von der Leyen a Rusia"},"content":{"rendered":"<p><img src=\"http:\/\/cordobainforma.info\/wp-content\/uploads\/2025\/08\/agresion-insana-politico-frances-responde-a-las-amenazas-de-von-der-leyen-a-rusia.jpg\"><\/p>\n<p>El presidente del partido franc\u00e9s Les Patriotes,&nbsp;Florian Philippot, <a href=\"https:\/\/x.com\/f_philippot\/status\/1961319451543978482?s=52\" target=\"_blank\" rel=\"nofollow noopener noreferrer\">afirm\u00f3<\/a>&nbsp;este viernes que las sanciones que adopta la Uni\u00f3n Europea contra Rusia imposibilitan \u00abtotalmente\u00bb la paz con Ucrania.<\/p>\n<p>As\u00ed reaccion\u00f3 el pol\u00edtico a las <a href=\"https:\/\/ec.europa.eu\/commission\/presscorner\/detail\/es\/statement_25_1995\" target=\"_blank\" rel=\"nofollow noopener noreferrer\">declaraciones<\/a>&nbsp;de la presidenta de la Comisi\u00f3n Europea, <strong>Ursula von der Leyen<\/strong>, que la v\u00edspera anunci\u00f3 que el bloque comunitario presentar\u00e1 \u00abpr\u00f3ximamente\u00bb el 19.\u00b0 paquete de medidas coercitivas antirrusas. La alta funcionaria tambi\u00e9n dijo que la UE \u00abavanza en la tarea de <strong>usar los activos rusos congelados en la defensa y reconstrucci\u00f3n de Ucrania<\/strong>\u00ab.<\/p>\n<div class=\"ReadMore-root Section-root Section-is1to3-xs_is1to1\" data-widgets=\"ReadMore\">\n<div class=\"Section-container Section-isRow-isTop-isWrap\">\n<article class=\"Card-root Card-is1to1 Card-default \">\n<div class=\"Card-imageWrap\">\n<div class=\"Card-picture\"> <picture class=\"Picture-root Picture-default\"><!--[if IE 9]><video style=\"display: none;\"><![endif]--><source media=\"(-webkit-min-device-pixel-ratio: 2) and (min-resolution: 120dpi)\" srcset=\"http:\/\/cordobainforma.info\/wp-content\/uploads\/2025\/08\/agresion-insana-politico-frances-responde-a-las-amenazas-de-von-der-leyen-a-rusia-2.jpg 850w, http:\/\/cordobainforma.info\/wp-content\/uploads\/2025\/08\/agresion-insana-politico-frances-responde-a-las-amenazas-de-von-der-leyen-a-rusia-3.jpg 1960w\"><source srcset=\"http:\/\/cordobainforma.info\/wp-content\/uploads\/2025\/08\/agresion-insana-politico-frances-responde-a-las-amenazas-de-von-der-leyen-a-rusia-2.jpg, https:\/\/actualidad.rt.com\/actualidad\/460, http:\/\/cordobainforma.info\/wp-content\/uploads\/2025\/08\/agresion-insana-politico-frances-responde-a-las-amenazas-de-von-der-leyen-a-rusia-3.jpg 980w\"><!--[if IE 9]><\/video><![endif]--><img data-sizes=\"auto\" src=\"http:\/\/cordobainforma.info\/wp-content\/uploads\/2025\/08\/agresion-insana-politico-frances-responde-a-las-amenazas-de-von-der-leyen-a-rusia-2.jpg\" class=\"Picture-root Picture-default lazyload\" alt=\"Zaj\u00e1rova comenta las garant\u00edas de seguridad que Occidente ofrece para Ucrania\"><\/picture><!-- noscript pattern --><noscript><img src=\"http:\/\/cordobainforma.info\/wp-content\/uploads\/2025\/08\/agresion-insana-politico-frances-responde-a-las-amenazas-de-von-der-leyen-a-rusia-3.jpg\" alt=\"Zaj\u00e1rova comenta las garant\u00edas de seguridad que Occidente ofrece para Ucrania\"><\/noscript> <\/div><\/div>\n<\/article><\/div><\/div>\n<p>\u00abAgresi\u00f3n insana y medidas ilegales para hacer absolutamente imposible la paz\u00bb, escribi\u00f3 Philippot en su cuenta de X. Seg\u00fan enfatiz\u00f3, \u00abla UE quiere una guerra perpetua para&nbsp;obtener experiencia militar, tener su &#8216;ej\u00e9rcito europeo&#8217; y <strong>arrastrar al continente al caos total<\/strong> del que surgir\u00e1 el Estado olig\u00e1rquico europeo\u00bb.<\/p>\n<p>Von der Leyen <a href=\"https:\/\/www.politico.eu\/article\/eu-ursula-von-der-leyen-new-19-sanction-package-russia-putin-early-september-zelenskyy-war-ukraine\/\" target=\"_blank\" rel=\"nofollow noopener noreferrer\">hab\u00eda adelantado<\/a>&nbsp;previamente que el bloque planea aplicar el nuevo paquete para septiembre.<\/p>\n","protected":false},"excerpt":{"rendered":"<p>El presidente del partido franc\u00e9s Les Patriotes,&nbsp;Florian Philippot, afirm\u00f3&nbsp;este viernes que las sanciones que adopta la Uni\u00f3n Europea contra Rusia imposibilitan \u00abtotalmente\u00bb la paz con Ucrania. As\u00ed reaccion\u00f3 el pol\u00edtico a las declaraciones&nbsp;de la presidenta de la Comisi\u00f3n Europea, Ursula von der Leyen, que la v\u00edspera anunci\u00f3 que el bloque comunitario presentar\u00e1 \u00abpr\u00f3ximamente\u00bb el 19.\u00b0 [&hellip;]<\/p>\n","protected":false},"author":1,"featured_media":166372,"comment_status":"closed","ping_status":"closed","sticky":false,"template":"","format":"standard","meta":[],"categories":[22],"tags":[],"_links":{"self":[{"href":"http:\/\/cordobainforma.info\/index.php\/wp-json\/wp\/v2\/posts\/166371"}],"collection":[{"href":"http:\/\/cordobainforma.info\/index.php\/wp-json\/wp\/v2\/posts"}],"about":[{"href":"http:\/\/cordobainforma.info\/index.php\/wp-json\/wp\/v2\/types\/post"}],"author":[{"embeddable":true,"href":"http:\/\/cordobainforma.info\/index.php\/wp-json\/wp\/v2\/users\/1"}],"replies":[{"embeddable":true,"href":"http:\/\/cordobainforma.info\/index.php\/wp-json\/wp\/v2\/comments?post=166371"}],"version-history":[{"count":0,"href":"http:\/\/cordobainforma.info\/index.php\/wp-json\/wp\/v2\/posts\/166371\/revisions"}],"wp:featuredmedia":[{"embeddable":true,"href":"http:\/\/cordobainforma.info\/index.php\/wp-json\/wp\/v2\/media\/166372"}],"wp:attachment":[{"href":"http:\/\/cordobainforma.info\/index.php\/wp-json\/wp\/v2\/media?parent=166371"}],"wp:term":[{"taxonomy":"category","embeddable":true,"href":"http:\/\/cordobainforma.info\/index.php\/wp-json\/wp\/v2\/categories?post=166371"},{"taxonomy":"post_tag","embeddable":true,"href":"http:\/\/cordobainforma.info\/index.php\/wp-json\/wp\/v2\/tags?post=166371"}],"curies":[{"name":"wp","href":"https:\/\/api.w.org\/{rel}","templated":true}]}}