{"id":166365,"date":"2025-08-29T11:55:07","date_gmt":"2025-08-29T11:55:07","guid":{"rendered":"https:\/\/www.mujerhoy.com\/moda\/no-te-pierdas\/isabel-diaz-ayuso-agota-vestido-barato-rebajas-20250829135506-nt.html"},"modified":"2025-08-29T11:55:07","modified_gmt":"2025-08-29T11:55:07","slug":"isabel-diaz-ayuso-agota-el-vestido-mas-barato-de-las-rebajas-de-zara","status":"publish","type":"post","link":"http:\/\/cordobainforma.info\/index.php\/2025\/08\/29\/isabel-diaz-ayuso-agota-el-vestido-mas-barato-de-las-rebajas-de-zara\/","title":{"rendered":"Isabel D\u00edaz Ayuso agota el vestido m\u00e1s barato de las rebajas de Zara"},"content":{"rendered":"<div class=\"media_block\"><\/div>\n<p><!-- AUTHOR --><\/p>\n<div class=\"voc-author-timesocial \">\n<!-- AUTHOR --><\/p>\n<div class=\"voc-author-timesocial__signature \">\n<!-- IMAGE AUTHOR -->\n<picture class=\"voc-image-signature\">\n<img class=\"voc-image-signature__img\" src=\"http:\/\/cordobainforma.info\/wp-content\/uploads\/2025\/08\/isabel-diaz-ayuso-agota-el-vestido-mas-barato-de-las-rebajas-de-zara.jpg\" alt=\"Carla Dom\u00ednguez\">\n<\/picture>\n<!-- INFO AUTHOR --> <\/div><\/div>\n<p><!-- COMPONENTS --><\/p>\n<p class=\"voc-paragraph\"><a href=\"https:\/\/www.mujerhoy.com\/temas\/personajes\/isabel-diaz-ayuso.html\" data-voc-vtm-id=\"in-text-traffic\" title=\"Isabel D\u00edaz Ayuso\" data-mrf-link=\"www.mujerhoy.com\">Isabel D\u00edaz Ayuso<\/a> ya est\u00e1 de vuelta en el trabajo. La presidenta de la Comunidad de Madrid tuvo que regresar antes de sus vacaciones de verano debido a los incendios. Esto ha hecho que Ayuso retome ya el resto de sus funciones y tambi\u00e9n nos deje con algunos nuevos looks.<\/p>\n<p class=\"voc-paragraph\">Todav\u00eda hace calor, tanto en Madrid como en otras ciudades. Por eso, <strong>la presidenta de la Comunidad de Madrid<\/strong> sigue recurriendo a piezas algo m\u00e1s veraniegas como su \u00faltimo dise\u00f1o con <a href=\"https:\/\/www.mujerhoy.com\/moda\/no-te-pierdas\/novedades-zara-vestidos-basicos-entretiempo-20250811080626-nt.html\" data-voc-vtm-id=\"in-text-traffic\" title=\"un vestido de Zara\" data-mrf-link=\"www.mujerhoy.com\">un vestido de Zara<\/a> de los \u00faltimos descuentos del verano.<\/p>\n<div class=\"v-c-cmp v-c-cmp--t1 \">\n<div class=\"v-cmp-rld v-cmp-rld--2 \">\n<div class=\"v-cnt-m v-cnt-m--m\">\n<div class=\"v-cnt-m__c\">\n<div class=\"v-cnt-m__w v-cnt-m__w--1\">\n<p class=\"v-cnt-m__t\">\nTAMBI\u00c9N TE INTERESA\n<\/p>\n<\/div>\n<\/div>\n<\/div>\n<div class=\"v-g v-g--2-c v-g--bdr-min-xs\">\n<div class=\"v-g__c \">\n<article class=\"v-a v-a--cmp-rld v-a--cmp-rld-2 v-a--p-l\">\n<div class=\"v-a-img-c\">\n<figure class=\"v-a-fig\">\n<a href=\"https:\/\/www.mujerhoy.com\/celebrities\/isabel-diaz-ayuso-vacaciones-novio-ibiza-miami-20250808122621-nt.html#vtm_modulosEngag=mod-rel:moda:noticia:1:cmp:2-not\" class=\"v-a-link\" title=\"Isabel D\u00edaz Ayuso busca refugio en Miami, un viaje de vacaciones con parada en Ibiza: \u00abMi sitio en el mundo\u00bb\"><br \/>\n<img loading=\"lazy\" class=\"v-a-img\" src=\"http:\/\/cordobainforma.info\/wp-content\/uploads\/2025\/08\/isabel-diaz-ayuso-agota-el-vestido-mas-barato-de-las-rebajas-de-zara-1.jpg\" alt=\"Isabel D\u00edaz Ayuso busca refugio en Miami, un viaje de vacaciones con parada en Ibiza: \u00abMi sitio en el mundo\u00bb\"><br \/>\n<\/a><br \/>\n<\/figure>\n<\/div>\n<\/article>\n<\/div>\n<div class=\"v-g__c \">\n<article class=\"v-a v-a--cmp-rld v-a--cmp-rld-2 v-a--p-l\">\n<div class=\"v-a-img-c\">\n<figure class=\"v-a-fig\">\n<a href=\"https:\/\/www.mujerhoy.com\/moda\/no-te-pierdas\/isabel-diaz-ayuso-look-made-in-spain-victoria-collection-falda-midi-premios-mariano-cavia-20250708202750-nt.html#vtm_modulosEngag=mod-rel:moda:noticia:2:cmp:2-not\" class=\"v-a-link\" title=\"Isabel D\u00edaz Ayuso, espectacular en los Premios Mariano de Cavia: falda made in Spain y pendientes de Vicky Mart\u00edn Berrocal\"><br \/>\n<img loading=\"lazy\" class=\"v-a-img\" src=\"http:\/\/cordobainforma.info\/wp-content\/uploads\/2025\/08\/isabel-diaz-ayuso-agota-el-vestido-mas-barato-de-las-rebajas-de-zara-2.jpg\" alt=\"Isabel D\u00edaz Ayuso, espectacular en los Premios Mariano de Cavia: falda made in Spain y pendientes de Vicky Mart\u00edn Berrocal\"><br \/>\n<\/a><br \/>\n<\/figure>\n<\/div>\n<\/article>\n<\/div>\n<\/div>\n<\/div>\n<\/div>\n<p class=\"voc-paragraph\">Isabel D\u00edaz Ayuso acaba de dejar unos d\u00edas la Comunidad de Madrid para trasladarse a Comillas. Hasta all\u00ed ha viajado con el fin de entregar <strong>el Premio Cultura 2025 de la Comunidad de Madrid de Literatura<\/strong> al escritor y periodista madrile\u00f1o Alfonso Uss\u00ed.<\/p>\n<p class=\"voc-paragraph\"><strong>Alfonso Uss\u00eda (1948)<\/strong>es una figura relevante en el periodismo y la literatura espa\u00f1ola, caracterizado por su estilo sat\u00edrico, su humor afilado, su origen aristocr\u00e1tico y una producci\u00f3n literaria extensa. Es autor de m\u00e1s de 50 libros que combinan s\u00e1tira, cr\u00edtica social e ingenio literario. <\/p>\n<div class=\"v-c-cmp v-c-cmp--s\">\n<div class=\"v-cmp-m \">\n<article class=\"v-a v-a--cmp-m v-c-cmp--m-z\">\n<div class=\"v-a-img-c \">\n<div class=\"v-a-fig\">\n<button class=\"v-a-link\" popovertarget=\"photo-799\"><br \/>\n<img loading=\"lazy\" src=\"http:\/\/cordobainforma.info\/wp-content\/uploads\/2025\/08\/isabel-diaz-ayuso-agota-el-vestido-mas-barato-de-las-rebajas-de-zara-3.jpg\" class=\"v-a-img\" width=\"650\" height=\"650\" alt=\"Isabel D\u00edaz Ayuso en Comillas entregando el Premio Cultura 2025 de la Comunidad de Madrid de Literatura a Alfonso Uss\u00eda.\" data-voc-vtm-id=\"in-text-traffic\"> <\/button><figcaption class=\"v-fc\">\n<span class=\"v-fc__t\"><br \/>\nIsabel D\u00edaz Ayuso en Comillas entregando el Premio Cultura 2025 de la Comunidad de Madrid de Literatura a Alfonso Uss\u00eda.<br \/>\n<\/span><br \/>\n<span class=\"v-fc__p\"><br \/>\ngtres<br \/>\n<\/span><br \/>\n<\/figcaption><\/div>\n<\/div>\n<div id=\"photo-799\" popover class=\"v-mdl v-mdl--fw\">\n<button class=\"v-x\" popovertarget=\"photo-799\" popovertargetaction=\"hide\"><br \/>\n<span class=\"v-i\"><br \/>\n<svg width=\"24\" height=\"23.996\" viewBox=\"0 0 24 23.996\">\n<path data-name=\"Uni\u00f3n 29\" d=\"M12,14.03,2.031,24,0,21.963,9.968,12,0,2.033,2.031,0,12,9.966,21.969,0,24,2.033,14.032,12,24,21.963,21.969,24Z\" \/>\n<\/svg><br \/>\n<\/span><br \/>\n<\/button><\/p>\n<div class=\"v-mdl__c\">\n<div class=\"v-mdl__w\">\n<img loading=\"lazy\" src=\"http:\/\/cordobainforma.info\/wp-content\/uploads\/2025\/08\/isabel-diaz-ayuso-agota-el-vestido-mas-barato-de-las-rebajas-de-zara-3.jpg\" class=\"v-mdl__img-z\" width=\"650\" height=\"650\" alt>\n<\/div>\n<\/div>\n<\/div>\n<p><span class=\"v-bdp\"><\/span><br \/>\n<\/article>\n<\/div>\n<\/div>\n<p class=\"voc-paragraph\">El <strong>Premio de Cultura de la Comunidad de Madrid<\/strong> distingue la creaci\u00f3n y trayectoria de intelectuales y artistas como el periodista espa\u00f1ol. Para este encuentro tan especial, la presidenta regional quiso optar por un dise\u00f1o c\u00f3modo, elegante y veraniego.<\/p>\n<p class=\"voc-paragraph\">En concreto, Ayuso sorprendi\u00f3 con <strong>un dise\u00f1o rebajad\u00edsimo de Zara<\/strong>. Todav\u00eda es posible encontrar ofertas en la web de una de las firmas m\u00e1s potentes de Inditex. Entre esos descuentos se encuentra el vestido que ha lucido la presidenta de la Comunidad de Madrid.<\/p>\n<div class=\"v-c-cmp \">\n<div class=\"v-cmp-m v-cmp-m--t1\">\n<article class=\"v-a v-a--cmp-m v-c-cmp--m-p\">\n<div class=\"v-a-img-c v-a-img-c--fw-xs\">\n<div class=\"v-a-fig\">\n<div class=\"v-a-link\">\n<img loading=\"lazy\" src=\"http:\/\/cordobainforma.info\/wp-content\/uploads\/2025\/08\/isabel-diaz-ayuso-agota-el-vestido-mas-barato-de-las-rebajas-de-zara-4.jpg\" class=\"v-a-img\" width=\"650\" height=\"975\" alt=\"Isabel D\u00edaz Ayuso con vestido de Zara junto a Alfonso Uss\u00eda.\" data-voc-vtm-id=\"in-text-traffic\">\n<\/div><figcaption class=\"v-fc\">\n<span class=\"v-fc__t\"><br \/>\nIsabel D\u00edaz Ayuso con vestido de Zara junto a Alfonso Uss\u00eda.<br \/>\n<\/span><br \/>\n<span class=\"v-fc__p\"><br \/>\ngtres<br \/>\n<\/span><br \/>\n<\/figcaption><\/div>\n<\/div>\n<\/article>\n<\/div>\n<\/div>\n<p class=\"voc-paragraph\">Se trata de <strong>un dise\u00f1o de Zara con tirantes anchos<\/strong>, escote redondeado y bajo. Un modelo que parece a simple vista un dos piezas debido al acabado, pero realmente es un solo vestido. Es un vestido de las rebajas de Zara en color rojo que cuesta <strong>6 euros<\/strong> y est\u00e1 agotad\u00edsimo.<\/p>\n<p class=\"voc-paragraph\">Es un dise\u00f1o muy favorecedor que gracias al <strong>detalle del fruncido<\/strong>, ayuda a estilizar la silueta. La presidenta regional combin\u00f3 este dise\u00f1o rebajado de Zara con unas sandalias de tac\u00f3n bajito en color nude. Un dise\u00f1o muy sofisticado y perfecto para lucir a juego con este vestido.<\/p>\n<div class=\"v-c-cmp \">\n<div class=\"v-cmp-m v-cmp-m--t1\">\n<article class=\"v-a v-a--cmp-m v-c-cmp--m-p\">\n<div class=\"v-a-img-c v-a-img-c--fw-xs\">\n<div class=\"v-a-fig\">\n<div class=\"v-a-link\">\n<img loading=\"lazy\" src=\"http:\/\/cordobainforma.info\/wp-content\/uploads\/2025\/08\/isabel-diaz-ayuso-agota-el-vestido-mas-barato-de-las-rebajas-de-zara-5.jpg\" class=\"v-a-img\" width=\"650\" height=\"975\" alt=\"Vestido con fruncido de Zara.\" data-voc-vtm-id=\"in-text-traffic\">\n<\/div><figcaption class=\"v-fc\">\n<span class=\"v-fc__t\"><br \/>\nVestido con fruncido de Zara.<br \/>\n<\/span><br \/>\n<span class=\"v-fc__p\"><br \/>\nzara<br \/>\n<\/span><br \/>\n<\/figcaption><\/div>\n<\/div>\n<\/article>\n<\/div>\n<\/div>\n<p class=\"voc-paragraph\">Puede que todav\u00eda encuentres este <strong>vestido de Zara en tiendas,<\/strong> pero no tanto online. Si buscas un dise\u00f1o parecido en la web de Inditex, puedes encontrar este modelo en rojo con escote cruzado. Un modelo plisado muy elegante de nueva colecci\u00f3n.<\/p>\n<div class=\"v-c-cmp \">\n<div class=\"v-cmp-m v-cmp-m--t1\">\n<article class=\"v-a v-a--cmp-m v-c-cmp--m-p\">\n<div class=\"v-a-img-c v-a-img-c--fw-xs\">\n<div class=\"v-a-fig\">\n<div class=\"v-a-link\">\n<img loading=\"lazy\" src=\"http:\/\/cordobainforma.info\/wp-content\/uploads\/2025\/08\/isabel-diaz-ayuso-agota-el-vestido-mas-barato-de-las-rebajas-de-zara-6.jpg\" class=\"v-a-img\" width=\"650\" height=\"975\" alt=\"Vestido midi plisado de Zara (39,95 euros)\" data-voc-vtm-id=\"in-text-traffic\">\n<\/div><figcaption class=\"v-fc\">\n<span class=\"v-fc__t\"><br \/>\nVestido midi plisado de Zara (39,95 euros)<br \/>\n<\/span><br \/>\n<span class=\"v-fc__p\"><br \/>\nzara<br \/>\n<\/span><br \/>\n<\/figcaption><\/div>\n<\/div>\n<\/article>\n<\/div>\n<\/div>\n<p class=\"voc-paragraph\">Se trata de un modelo que cuesta <strong>unos 39,95 euros.<\/strong> Un dise\u00f1o que tambi\u00e9n puedes combinar igual que lo ha hecho Ayuso con sandalias de tac\u00f3n en tonos claros y tac\u00f3n kitten.<\/p>\n<div class=\"v-c-cmp v-c-cmp--t1 \">\n<div class=\"v-cmp-rld v-cmp-rld--2 \">\n<div class=\"v-cnt-m v-cnt-m--m\">\n<div class=\"v-cnt-m__c\">\n<div class=\"v-cnt-m__w v-cnt-m__w--1\">\n<p class=\"v-cnt-m__t\">\nTAMBI\u00c9N TE INTERESA\n<\/p>\n<\/div>\n<\/div>\n<\/div>\n<div class=\"v-g v-g--2-c v-g--bdr-min-xs\">\n<div class=\"v-g__c \">\n<article class=\"v-a v-a--cmp-rld v-a--cmp-rld-2 v-a--p-l\">\n<div class=\"v-a-img-c\">\n<figure class=\"v-a-fig\">\n<a href=\"https:\/\/www.mujerhoy.com\/moda\/no-te-pierdas\/invitada-perfecta-look-sombrero-tendencia-canotier-parfois-20250622150816-nt.html#vtm_modulosEngag=mod-rel:moda:noticia:1:cmp:2-not\" class=\"v-a-link\" title=\"Si quieres ser la invitada m\u00e1s sofisticada, a\u00f1ade a tu look este sombrero tendencia\"><br \/>\n<img loading=\"lazy\" class=\"v-a-img\" src=\"http:\/\/cordobainforma.info\/wp-content\/uploads\/2025\/08\/isabel-diaz-ayuso-agota-el-vestido-mas-barato-de-las-rebajas-de-zara-7.jpg\" alt=\"Si quieres ser la invitada m\u00e1s sofisticada, a\u00f1ade a tu look este sombrero tendencia\"><br \/>\n<\/a><br \/>\n<\/figure>\n<\/div>\n<\/article>\n<\/div>\n<div class=\"v-g__c \">\n<article class=\"v-a v-a--cmp-rld v-a--cmp-rld-2 v-a--p-l\">\n<div class=\"v-a-img-c\">\n<figure class=\"v-a-fig\">\n<a href=\"https:\/\/www.mujerhoy.com\/moda\/no-te-pierdas\/tops-cuello-drapeado-opcion-favorita-elegantes-vestir-bien-cualquier-temporada-20250622134738-nt.html#vtm_modulosEngag=mod-rel:moda:noticia:2:cmp:2-not\" class=\"v-a-link\" title=\"Tops con cuello drapeado, la opci\u00f3n favorita de las m\u00e1s elegantes para vestir bien en cualquier temporada\"><br \/>\n<img loading=\"lazy\" class=\"v-a-img\" src=\"http:\/\/cordobainforma.info\/wp-content\/uploads\/2025\/08\/isabel-diaz-ayuso-agota-el-vestido-mas-barato-de-las-rebajas-de-zara-8.jpg\" alt=\"Tops con cuello drapeado, la opci\u00f3n favorita de las m\u00e1s elegantes para vestir bien en cualquier temporada\"><br \/>\n<\/a><br \/>\n<\/figure>\n<\/div>\n<\/article>\n<\/div>\n<\/div>\n<\/div>\n<\/div>\n","protected":false},"excerpt":{"rendered":"<p>Isabel D\u00edaz Ayuso ya est\u00e1 de vuelta en el trabajo. La presidenta de la Comunidad de Madrid tuvo que regresar antes de sus vacaciones de verano debido a los incendios. Esto ha hecho que Ayuso retome ya el resto de sus funciones y tambi\u00e9n nos deje con algunos nuevos looks. Todav\u00eda hace calor, tanto en [&hellip;]<\/p>\n","protected":false},"author":1,"featured_media":166366,"comment_status":"closed","ping_status":"closed","sticky":false,"template":"","format":"standard","meta":[],"categories":[24],"tags":[],"_links":{"self":[{"href":"http:\/\/cordobainforma.info\/index.php\/wp-json\/wp\/v2\/posts\/166365"}],"collection":[{"href":"http:\/\/cordobainforma.info\/index.php\/wp-json\/wp\/v2\/posts"}],"about":[{"href":"http:\/\/cordobainforma.info\/index.php\/wp-json\/wp\/v2\/types\/post"}],"author":[{"embeddable":true,"href":"http:\/\/cordobainforma.info\/index.php\/wp-json\/wp\/v2\/users\/1"}],"replies":[{"embeddable":true,"href":"http:\/\/cordobainforma.info\/index.php\/wp-json\/wp\/v2\/comments?post=166365"}],"version-history":[{"count":0,"href":"http:\/\/cordobainforma.info\/index.php\/wp-json\/wp\/v2\/posts\/166365\/revisions"}],"wp:featuredmedia":[{"embeddable":true,"href":"http:\/\/cordobainforma.info\/index.php\/wp-json\/wp\/v2\/media\/166366"}],"wp:attachment":[{"href":"http:\/\/cordobainforma.info\/index.php\/wp-json\/wp\/v2\/media?parent=166365"}],"wp:term":[{"taxonomy":"category","embeddable":true,"href":"http:\/\/cordobainforma.info\/index.php\/wp-json\/wp\/v2\/categories?post=166365"},{"taxonomy":"post_tag","embeddable":true,"href":"http:\/\/cordobainforma.info\/index.php\/wp-json\/wp\/v2\/tags?post=166365"}],"curies":[{"name":"wp","href":"https:\/\/api.w.org\/{rel}","templated":true}]}}