{"id":166353,"date":"2025-08-29T12:00:00","date_gmt":"2025-08-29T12:00:00","guid":{"rendered":"http:\/\/cordobainforma.info\/index.php\/2025\/08\/29\/multa-millonaria-al-gobierno-del-chaco-la-provincia-apelo-una-sancion-de-2-600-millones-mensuales\/"},"modified":"2025-08-29T12:00:00","modified_gmt":"2025-08-29T12:00:00","slug":"multa-millonaria-al-gobierno-del-chaco-la-provincia-apelo-una-sancion-de-2-600-millones-mensuales","status":"publish","type":"post","link":"http:\/\/cordobainforma.info\/index.php\/2025\/08\/29\/multa-millonaria-al-gobierno-del-chaco-la-provincia-apelo-una-sancion-de-2-600-millones-mensuales\/","title":{"rendered":"Multa millonaria al Gobierno del Chaco: la Provincia apel\u00f3 una sanci\u00f3n de $2.600 millones mensuales"},"content":{"rendered":"<div class=\"media_block\"><\/div>\n<div><img src=\"http:\/\/cordobainforma.info\/wp-content\/uploads\/2025\/08\/multa-millonaria-al-gobierno-del-chaco-la-provincia-apelo-una-sancion-de-2-600-millones-mensuales.jpg\" class=\"ff-og-image-inserted\"><\/div>\n<p>El Gobierno del Chaco enfrenta una sanci\u00f3n judicial in\u00e9dita: el juez <strong>Jorge Sinkovich<\/strong>, titular del Juzgado Civil y Comercial N\u00b0 6 de Resistencia, dispuso una <strong>multa diaria de $85,9 millones<\/strong> contra la Provincia, en concepto de astreintes, por el supuesto incumplimiento de una medida cautelar que ordenaba asistencia a comunidades originarias del interior.<\/p>\n<p>La cifra equivale a <strong>$2.577 millones al mes<\/strong>, monto que, seg\u00fan advirti\u00f3 la Fiscal\u00eda de Estado, representa un perjuicio directo para el presupuesto provincial y compromete la financiaci\u00f3n de pol\u00edticas sociales en distintos sectores.<\/p>\n<h2>La postura oficial<\/h2>\n<p>La <strong>Fiscal\u00eda de Estado<\/strong>, en representaci\u00f3n del Ejecutivo chaque\u00f1o, present\u00f3 un <strong>recurso de revocatoria con apelaci\u00f3n en subsidio<\/strong>, sosteniendo que la sanci\u00f3n es \u201cimprocedente y desproporcionada\u201d. Argument\u00f3 que no existi\u00f3 desobediencia ni reticencia por parte de la Provincia, y record\u00f3 que la resoluci\u00f3n que dio origen a la cautelar ya hab\u00eda sido oportunamente apelada.<\/p>\n<p>En el escrito, adem\u00e1s, se enumeraron las acciones que el Estado afirma haber implementado para cumplir con lo requerido: <strong>asistencia alimentaria y sanitaria, entrega de medicamentos y equipamiento, obras de provisi\u00f3n de agua potable, apoyo a comedores, proyectos educativos con enfoque intercultural y becas para j\u00f3venes de comunidades originarias<\/strong>.<\/p>\n<h2>Audiencia y reclamo de revisi\u00f3n<\/h2>\n<p>La Fiscal\u00eda pidi\u00f3 que se convoque a una <strong>audiencia con las partes y el Instituto del Aborigen Chaque\u00f1o (IDACH)<\/strong> para conformar una mesa de trabajo que permita mostrar las pol\u00edticas implementadas y debatir sobre los avances, siguiendo antecedentes de otros casos similares tratados en el mismo juzgado.<\/p>\n<p>Asimismo, advirti\u00f3 que la resoluci\u00f3n no tuvo en cuenta la documentaci\u00f3n presentada en el expediente que, seg\u00fan el Gobierno, demuestra un abordaje integral y sostenido de la problem\u00e1tica.<\/p>\n<p>Con la apelaci\u00f3n en marcha, ser\u00e1 la instancia superior la que defina si confirma o revoca la sanci\u00f3n. Desde la Provincia insisten en que la multa impuesta es <strong>\u201cexorbitante e injustificada\u201d<\/strong>, y remarcan que aplicar un castigo econ\u00f3mico de esa magnitud \u201cafecta de manera grave\u201d la capacidad de gesti\u00f3n del Estado chaque\u00f1o.<\/p>\n<div class=\"article__tags\">\n<p>En esta Nota<\/p>\n<\/p><\/div>\n","protected":false},"excerpt":{"rendered":"<p>El Gobierno del Chaco enfrenta una sanci\u00f3n judicial in\u00e9dita: el juez Jorge Sinkovich, titular del Juzgado Civil y Comercial N\u00b0 6 de Resistencia, dispuso una multa diaria de $85,9 millones contra la Provincia, en concepto de astreintes, por el supuesto incumplimiento de una medida cautelar que ordenaba asistencia a comunidades originarias del interior. La cifra [&hellip;]<\/p>\n","protected":false},"author":1,"featured_media":166354,"comment_status":"closed","ping_status":"closed","sticky":false,"template":"","format":"standard","meta":[],"categories":[2],"tags":[],"_links":{"self":[{"href":"http:\/\/cordobainforma.info\/index.php\/wp-json\/wp\/v2\/posts\/166353"}],"collection":[{"href":"http:\/\/cordobainforma.info\/index.php\/wp-json\/wp\/v2\/posts"}],"about":[{"href":"http:\/\/cordobainforma.info\/index.php\/wp-json\/wp\/v2\/types\/post"}],"author":[{"embeddable":true,"href":"http:\/\/cordobainforma.info\/index.php\/wp-json\/wp\/v2\/users\/1"}],"replies":[{"embeddable":true,"href":"http:\/\/cordobainforma.info\/index.php\/wp-json\/wp\/v2\/comments?post=166353"}],"version-history":[{"count":0,"href":"http:\/\/cordobainforma.info\/index.php\/wp-json\/wp\/v2\/posts\/166353\/revisions"}],"wp:featuredmedia":[{"embeddable":true,"href":"http:\/\/cordobainforma.info\/index.php\/wp-json\/wp\/v2\/media\/166354"}],"wp:attachment":[{"href":"http:\/\/cordobainforma.info\/index.php\/wp-json\/wp\/v2\/media?parent=166353"}],"wp:term":[{"taxonomy":"category","embeddable":true,"href":"http:\/\/cordobainforma.info\/index.php\/wp-json\/wp\/v2\/categories?post=166353"},{"taxonomy":"post_tag","embeddable":true,"href":"http:\/\/cordobainforma.info\/index.php\/wp-json\/wp\/v2\/tags?post=166353"}],"curies":[{"name":"wp","href":"https:\/\/api.w.org\/{rel}","templated":true}]}}