{"id":166351,"date":"2025-08-28T20:13:26","date_gmt":"2025-08-28T20:13:26","guid":{"rendered":"https:\/\/cordoba.gob.ar\/?p=80614"},"modified":"2025-08-28T20:13:26","modified_gmt":"2025-08-28T20:13:26","slug":"passerini-junto-a-otros-intendentes-compartieron-experiencias-y-dialogaron-sobre-infraestructura-productiva-en-la-expo-parques-industriales-2025","status":"publish","type":"post","link":"http:\/\/cordobainforma.info\/index.php\/2025\/08\/28\/passerini-junto-a-otros-intendentes-compartieron-experiencias-y-dialogaron-sobre-infraestructura-productiva-en-la-expo-parques-industriales-2025\/","title":{"rendered":"Passerini junto a otros intendentes compartieron experiencias y dialogaron sobre infraestructura productiva en la Expo Parques Industriales 2025"},"content":{"rendered":"<div><img src=\"http:\/\/cordobainforma.info\/wp-content\/uploads\/2025\/08\/passerini-junto-a-otros-intendentes-compartieron-experiencias-y-dialogaron-sobre-infraestructura-productiva-en-la-expo-parques-industriales-2025.jpg\" class=\"ff-og-image-inserted\"><\/div>\n<p>Con ejes en la eficiencia energ\u00e9tica, la econom\u00eda circular y la innovaci\u00f3n, este jueves continu\u00f3 la Expo Parques Industriales C\u00f3rdoba 2025, la segunda edici\u00f3n del evento federal que realiza en el Centro de Convenciones C\u00f3rdoba.<\/p>\n<p><em>\u201cUno de los grandes desaf\u00edos tiene que ver con la sustentabilidad ambiental y con la producci\u00f3n de energ\u00eda para sostener la industria. Por eso, en el a\u00f1o 2021, decidimos transformar un problema que era el predio de enterramiento, en una soluci\u00f3n ambiental\u201d<\/em>, fundament\u00f3 Passerini respecto a las transformaciones que llevaron a montar el primer Parque Industrial de Econom\u00eda Circular, gestionado por CORMECOR en el Complejo Ambiental Piedras Blancas.<\/p>\n<p>Passerini form\u00f3 parte de un foro de intendentes de distintas provincias, que expusieron sobre parques industriales e impacto territorial junto a Dami\u00e1n Bernarte (San Francisco), Eduardo Accastello (Villa Mar\u00eda), Marcos Fey (Malague\u00f1o) y Carlos Pighin (Alvear, Santa Fe).<\/p>\n<p><em>\u201cEn C\u00f3rdoba hay un ecosistema emprendedor y una enorme oportunidad porque tenemos un gobierno provincial y gobiernos municipales de todos los partidos pol\u00edticos que nos sentamos en la misma mesa y tiramos para el mismo lado\u201d<\/em>, explic\u00f3 el intendente y cont\u00f3 la las experiencias exitosas impulsadas desde la Agencia para el Desarrollo de C\u00f3rdoba y C\u00f3rdoba Acelera.<\/p>\n<p><em>\u201cYa hay cinco gobernadores en la Argentina, de distintos espacios pol\u00edticos y procedencias geogr\u00e1ficas, pero que coinciden en que producir y crear trabajo es la \u00fanica salida que tiene en la Argentina. Los parques industriales tienen que florecer en la Argentina para que, de una vez por todas, sea eso que todos so\u00f1amos\u201d<\/em>, cerr\u00f3 Passerini.<\/p>\n<p>La Expo Parques Industriales C\u00f3rdoba re\u00fane a los principales referentes del sector p\u00fablico y privado: gobiernos provinciales, empresas, polos industriales, startups y otros actores del sector log\u00edstico y tecnol\u00f3gico; organizado por el Ministerio de Producci\u00f3n, Ciencia e Innovaci\u00f3n Tecnol\u00f3gica de C\u00f3rdoba, la Asociaci\u00f3n de Parques Industriales Argentinos (APIA), La Voz y DEYC\u00c9.<\/p>\n<p><strong>El Parque Industrial de Econom\u00eda Circular<\/strong><\/p>\n<p>A trav\u00e9s de m\u00faltiples estrategias, la Municipalidad de C\u00f3rdoba tiene uno de los mayores puntos de recuperaci\u00f3n en el Parque de Econom\u00eda Circular, creado en 2021 a trav\u00e9s de la ordenanza 13.225, en el Complejo Ambiental Piedras Blancas. Es operado por la Corporaci\u00f3n Intercomunal para la Gesti\u00f3n Sustentable de los Residuos S\u00f3lidos Urbanos del \u00c1rea Metropolitana de C\u00f3rdoba (CORMECOR)<\/p>\n<p>Est\u00e1 ubicado en el sector sur de C\u00f3rdoba, en un predio de 100 hect\u00e1reas sobre la ruta 36, donde se gestionan los residuos s\u00f3lidos urbanos de C\u00f3rdoba capital y 40 municipios del \u00e1rea metropolitana. All\u00ed tambi\u00e9n se encuentra el predio de enterramiento, el primero en Latinoam\u00e9rica que comenz\u00f3 a medir su Huella de Carbono bajo est\u00e1ndares internacionales en 2023.<\/p>\n<p>En el Parque de Econom\u00eda Circular operan las firmas Geocycle y Contrini, que generan combustibles derivados de residuos (CDR), a partir de residuos secos no reciclables, restos de poda y neum\u00e1ticos fuera de uso (NFU).<\/p>\n<p>Geocycle es una firma que opera desde el inicio del parque, perteneciente al grupo Holcim. Est\u00e1 especializada en la gesti\u00f3n sustentable y el aprovechamiento energ\u00e9tico de los residuos. Por su parte, CONTRINI es una empresa familiar local que procesa neum\u00e1ticos convencionales y de gran tama\u00f1o desde diciembre de 2023.<\/p>\n<p>Ambas procesan residuos que sirven para alimentar hornos cementeros como los de la firma HOLCIM, en reemplazo de la energ\u00eda proveniente de materia f\u00f3sil. Adem\u00e1s, la maquinaria pesada y otros veh\u00edculos que operan a diario utilizan B20, un di\u00e9sel formado por 20% de biocombustible elaborado a partir de aceite de soja, reduciendo el gasto en combustibles f\u00f3siles.<\/p>\n<p>A finales de 2024 se puso en funcionamiento la primera de seis nuevas celdas de enterramiento. La compleja obra de ingenier\u00eda contempla la disposici\u00f3n final de los residuos s\u00f3lidos urbanos, as\u00ed como la recolecci\u00f3n separada de los l\u00edquidos lixiviados y del gas metano mediante ductos y chimeneas.<\/p>\n<p>Potencialmente, combustionar ese biog\u00e1s podr\u00eda reducir hasta un 80 por ciento tales emisiones, de gran impacto en el calentamiento global. Ser\u00e1 un nuevo proceso de Econom\u00eda Circular que, junto a otras iniciativas, contin\u00faa aprovechando recursos que antes eran considerados basura.<\/p>\n<p>En 2024, la Municipalidad de C\u00f3rdoba logr\u00f3 recuperar 41 mil toneladas de insumos que fueron valorizados e incorporados a la Econom\u00eda Circular, evitando su enterramiento.<\/p>\n","protected":false},"excerpt":{"rendered":"<p>Con ejes en la eficiencia energ\u00e9tica, la econom\u00eda circular y la innovaci\u00f3n, este jueves continu\u00f3 la Expo Parques Industriales C\u00f3rdoba 2025, la segunda edici\u00f3n del evento federal que realiza en el Centro de Convenciones C\u00f3rdoba. \u201cUno de los grandes desaf\u00edos tiene que ver con la sustentabilidad ambiental y con la producci\u00f3n de energ\u00eda para sostener [&hellip;]<\/p>\n","protected":false},"author":1,"featured_media":166352,"comment_status":"closed","ping_status":"closed","sticky":false,"template":"","format":"standard","meta":[],"categories":[2],"tags":[],"_links":{"self":[{"href":"http:\/\/cordobainforma.info\/index.php\/wp-json\/wp\/v2\/posts\/166351"}],"collection":[{"href":"http:\/\/cordobainforma.info\/index.php\/wp-json\/wp\/v2\/posts"}],"about":[{"href":"http:\/\/cordobainforma.info\/index.php\/wp-json\/wp\/v2\/types\/post"}],"author":[{"embeddable":true,"href":"http:\/\/cordobainforma.info\/index.php\/wp-json\/wp\/v2\/users\/1"}],"replies":[{"embeddable":true,"href":"http:\/\/cordobainforma.info\/index.php\/wp-json\/wp\/v2\/comments?post=166351"}],"version-history":[{"count":0,"href":"http:\/\/cordobainforma.info\/index.php\/wp-json\/wp\/v2\/posts\/166351\/revisions"}],"wp:featuredmedia":[{"embeddable":true,"href":"http:\/\/cordobainforma.info\/index.php\/wp-json\/wp\/v2\/media\/166352"}],"wp:attachment":[{"href":"http:\/\/cordobainforma.info\/index.php\/wp-json\/wp\/v2\/media?parent=166351"}],"wp:term":[{"taxonomy":"category","embeddable":true,"href":"http:\/\/cordobainforma.info\/index.php\/wp-json\/wp\/v2\/categories?post=166351"},{"taxonomy":"post_tag","embeddable":true,"href":"http:\/\/cordobainforma.info\/index.php\/wp-json\/wp\/v2\/tags?post=166351"}],"curies":[{"name":"wp","href":"https:\/\/api.w.org\/{rel}","templated":true}]}}