{"id":166338,"date":"2025-08-29T11:01:31","date_gmt":"2025-08-29T11:01:31","guid":{"rendered":"https:\/\/cordobainforma.info\/index.php\/2025\/08\/29\/detuvieron-al-secretario-general-de-ate-cordoba-por-reclamar-alimentos\/"},"modified":"2025-08-29T11:01:31","modified_gmt":"2025-08-29T11:01:31","slug":"detuvieron-al-secretario-general-de-ate-cordoba-por-reclamar-alimentos","status":"publish","type":"post","link":"http:\/\/cordobainforma.info\/index.php\/2025\/08\/29\/detuvieron-al-secretario-general-de-ate-cordoba-por-reclamar-alimentos\/","title":{"rendered":"Detuvieron al secretario general de ATE <b>C\u00f3rdoba<\/b> por reclamar alimentos"},"content":{"rendered":"<p>Se trata de un <b>nuevo<\/b> intento de criminalizaci\u00f3n de la protesta\u201d, se\u00f1al\u00f3 Aguiar. &#8230; Obras en el Sur: se conocieron las ofertas econ\u00f3micas para la&nbsp;&#8230; <\/p>\n","protected":false},"excerpt":{"rendered":"<p>Se trata de un nuevo intento de criminalizaci\u00f3n de la protesta\u201d, se\u00f1al\u00f3 Aguiar. &#8230; Obras en el Sur: se conocieron las ofertas econ\u00f3micas para la&nbsp;&#8230;<\/p>\n","protected":false},"author":1,"featured_media":0,"comment_status":"closed","ping_status":"closed","sticky":false,"template":"","format":"standard","meta":[],"categories":[23],"tags":[],"_links":{"self":[{"href":"http:\/\/cordobainforma.info\/index.php\/wp-json\/wp\/v2\/posts\/166338"}],"collection":[{"href":"http:\/\/cordobainforma.info\/index.php\/wp-json\/wp\/v2\/posts"}],"about":[{"href":"http:\/\/cordobainforma.info\/index.php\/wp-json\/wp\/v2\/types\/post"}],"author":[{"embeddable":true,"href":"http:\/\/cordobainforma.info\/index.php\/wp-json\/wp\/v2\/users\/1"}],"replies":[{"embeddable":true,"href":"http:\/\/cordobainforma.info\/index.php\/wp-json\/wp\/v2\/comments?post=166338"}],"version-history":[{"count":0,"href":"http:\/\/cordobainforma.info\/index.php\/wp-json\/wp\/v2\/posts\/166338\/revisions"}],"wp:attachment":[{"href":"http:\/\/cordobainforma.info\/index.php\/wp-json\/wp\/v2\/media?parent=166338"}],"wp:term":[{"taxonomy":"category","embeddable":true,"href":"http:\/\/cordobainforma.info\/index.php\/wp-json\/wp\/v2\/categories?post=166338"},{"taxonomy":"post_tag","embeddable":true,"href":"http:\/\/cordobainforma.info\/index.php\/wp-json\/wp\/v2\/tags?post=166338"}],"curies":[{"name":"wp","href":"https:\/\/api.w.org\/{rel}","templated":true}]}}