{"id":166306,"date":"2025-08-29T05:14:18","date_gmt":"2025-08-29T05:14:18","guid":{"rendered":"https:\/\/www.clarin.com\/deportes\/americup-argentina-sufrio-gano-puerto-rico-suplementario-semifinales_0_fKrkPApEPv.html"},"modified":"2025-08-29T05:14:18","modified_gmt":"2025-08-29T05:14:18","slug":"americup-argentina-sufrio-pero-le-gano-a-puerto-rico-en-el-suplementario-y-esta-en-semifinales","status":"publish","type":"post","link":"http:\/\/cordobainforma.info\/index.php\/2025\/08\/29\/americup-argentina-sufrio-pero-le-gano-a-puerto-rico-en-el-suplementario-y-esta-en-semifinales\/","title":{"rendered":"AmeriCup: Argentina sufri\u00f3, pero le gan\u00f3 a Puerto Rico en el suplementario y est\u00e1 en semifinales"},"content":{"rendered":"<p><img src=\"http:\/\/cordobainforma.info\/wp-content\/uploads\/2025\/08\/americup-argentina-sufrio-pero-le-gano-a-puerto-rico-en-el-suplementario-y-esta-en-semifinales.jpg\"><\/p>\n<div><img src=\"http:\/\/cordobainforma.info\/wp-content\/uploads\/2025\/08\/americup-argentina-sufrio-pero-le-gano-a-puerto-rico-en-el-suplementario-y-esta-en-semifinales-2.jpg\" class=\"ff-og-image-inserted\"><\/div>\n<div id=\"element-body-0\" readability=\"64\">\n<p><strong>La Selecci\u00f3n argentina de b\u00e1squet<\/strong> dio otro paso en la defensa del t\u00edtulo de la <strong>AmeriCup<\/strong>. En Managua, Nicaragua, el equipo de Pablo Prigioni logr\u00f3 un triunfazo en cuartos de final: <strong>le gan\u00f3 a Puerto Rico por 82-77 en suplementario<\/strong> y se clasific\u00f3 a semifinales, donde <strong>enfrentar\u00e1 al favorito Canad\u00e1<\/strong>, que apabull\u00f3 a Colombia en el cierre de la jornada<\/p>\n<\/div>\n<div id=\"element-body-1\" readability=\"62\">\n<p>Una vez m\u00e1s, <strong>Juan Fern\u00e1ndez fue figura central<\/strong>: aport\u00f3 18 puntos, 5 rebotes y nada menos que 8 tapones, una estad\u00edstica poco habitual con la que igual\u00f3 la m\u00e1xima hist\u00f3rica de bloqueos en un mismo partido del torneo.<\/p>\n<\/div>\n<div id=\"element-body-3\" readability=\"61\">\n<p><strong>A su lado se luci\u00f3 Jos\u00e9 Vildoza<\/strong>, MVP de la Liga Nacional con Boca, que termin\u00f3 con 18 tantos y 4 triples. Tambi\u00e9n fueron determinantes Gonzalo Corbal\u00e1n (14 puntos) y Nicol\u00e1s Brussino (11 y 12 rebotes).<\/p>\n<\/div>\n<div id=\"element-body-4\" readability=\"61\">\n<p>El rival tuvo como gran referente al NBA Jos\u00e9 Alvarado, que marc\u00f3 25 puntos pero termin\u00f3 retirado en camilla por una lesi\u00f3n en la cadera durante el suplementario. Sin \u00e9l, Puerto Rico perdi\u00f3 claridad y la Argentina termin\u00f3 de sellar la victoria.<\/p>\n<\/div>\n<div id=\"element-body-5\" readability=\"61\">\n<p><strong>El partido tuvo varios momentos cambiantes<\/strong>. Argentina arranc\u00f3 con solidez y un parcial de 10-0 le permiti\u00f3 sacar ventaja en el primer cuarto (18-11). Pero en el segundo parcial se apag\u00f3: Puerto Rico meti\u00f3 un 16-3 con triples de Plummer y pas\u00f3 al frente, aunque los ingresos de Brussino y Corbal\u00e1n devolvieron energ\u00eda y el equipo lleg\u00f3 al entretiempo arriba 36-30.<\/p>\n<\/div>\n<div id=\"element-body-6\" readability=\"66\">\n<p><strong>El tercer cuarto fue la peor cara argentina: <\/strong>Alvarado castig\u00f3 con tres triples, la defensa se desdibuj\u00f3 y Puerto Rico se fue al \u00faltimo cap\u00edtulo ganando 59-51. En el arranque del cierre la diferencia lleg\u00f3 a 11, pero all\u00ed apareci\u00f3 la reacci\u00f3n albiceleste. Con defensa dura y un ataque m\u00e1s fluido, llegaron los puntos de Corbal\u00e1n, Fern\u00e1ndez y Brussino para achicar. Dos libres de Corbal\u00e1n igualaron en 70 a falta de 20 segundos y, tras el error de Alvarado, <strong>el partido se fue a tiempo extra.<\/strong><\/p>\n<\/div>\n<div id=\"element-body-7\" readability=\"62\">\n<p>En el suplementario, Juani Marcos lider\u00f3 con dos bandejas y Fern\u00e1ndez sum\u00f3 abajo del aro. <strong>La lesi\u00f3n de Alvarado fue un golpe letal para Puerto Rico <\/strong>y Argentina lo aprovech\u00f3: Fern\u00e1ndez ampli\u00f3 desde la l\u00ednea y asegur\u00f3 un triunfo trabajado pero valioso, que lo mete entre los cuatro mejores del continente.<\/p>\n<\/div>\n<div id=\"element-body-8\" readability=\"21\">\n<blockquote class=\"twitter-tweet\" readability=\"4\">\n<p lang=\"es\" dir=\"ltr\">\u00a1A SEMIS, CARAJO! \ud83c\udde6\ud83c\uddf7\ud83c\udde6\ud83c\uddf7\ud83c\udde6\ud83c\uddf7 <a href=\"https:\/\/t.co\/NG4CUHsId0\">pic.twitter.com\/NG4CUHsId0<\/a><\/p>\n<p>\u2014 Argentina B\u00e1squet (@cabboficial) <a href=\"https:\/\/twitter.com\/cabboficial\/status\/1961266614709444944?ref_src=twsrc%5Etfw\">August 29, 2025<\/a><\/p><\/blockquote><\/div>\n<div id=\"element-body-9\" readability=\"60\">\n<p><strong>El s\u00e1bado a las 17.30, Argentina enfrentar\u00e1 a Canad\u00e1,<\/strong> que venci\u00f3 en la madrugada de este viernes a Colombia por 94-56.<\/p>\n<\/div>\n<div id=\"element-body-10\" readability=\"61\">\n<p><strong>Los otros semifinalistas son Brasil<\/strong>, que super\u00f3 94-82 a Rep\u00fablica Dom\u00ednica, <strong>y Estados Unidos<\/strong>, que se impuso 83-70 sobre Uruguay.<\/p>\n<\/div>\n","protected":false},"excerpt":{"rendered":"<p>La Selecci\u00f3n argentina de b\u00e1squet dio otro paso en la defensa del t\u00edtulo de la AmeriCup. En Managua, Nicaragua, el equipo de Pablo Prigioni logr\u00f3 un triunfazo en cuartos de final: le gan\u00f3 a Puerto Rico por 82-77 en suplementario y se clasific\u00f3 a semifinales, donde enfrentar\u00e1 al favorito Canad\u00e1, que apabull\u00f3 a Colombia en [&hellip;]<\/p>\n","protected":false},"author":1,"featured_media":166307,"comment_status":"closed","ping_status":"closed","sticky":false,"template":"","format":"standard","meta":[],"categories":[20],"tags":[],"_links":{"self":[{"href":"http:\/\/cordobainforma.info\/index.php\/wp-json\/wp\/v2\/posts\/166306"}],"collection":[{"href":"http:\/\/cordobainforma.info\/index.php\/wp-json\/wp\/v2\/posts"}],"about":[{"href":"http:\/\/cordobainforma.info\/index.php\/wp-json\/wp\/v2\/types\/post"}],"author":[{"embeddable":true,"href":"http:\/\/cordobainforma.info\/index.php\/wp-json\/wp\/v2\/users\/1"}],"replies":[{"embeddable":true,"href":"http:\/\/cordobainforma.info\/index.php\/wp-json\/wp\/v2\/comments?post=166306"}],"version-history":[{"count":0,"href":"http:\/\/cordobainforma.info\/index.php\/wp-json\/wp\/v2\/posts\/166306\/revisions"}],"wp:featuredmedia":[{"embeddable":true,"href":"http:\/\/cordobainforma.info\/index.php\/wp-json\/wp\/v2\/media\/166307"}],"wp:attachment":[{"href":"http:\/\/cordobainforma.info\/index.php\/wp-json\/wp\/v2\/media?parent=166306"}],"wp:term":[{"taxonomy":"category","embeddable":true,"href":"http:\/\/cordobainforma.info\/index.php\/wp-json\/wp\/v2\/categories?post=166306"},{"taxonomy":"post_tag","embeddable":true,"href":"http:\/\/cordobainforma.info\/index.php\/wp-json\/wp\/v2\/tags?post=166306"}],"curies":[{"name":"wp","href":"https:\/\/api.w.org\/{rel}","templated":true}]}}