{"id":166304,"date":"2025-08-29T04:51:38","date_gmt":"2025-08-29T04:51:38","guid":{"rendered":"https:\/\/somoscordobeses.com\/2025\/08\/29\/un-policia-se-enojo-con-un-conductor-se-bajo-del-auto-y-lo-amenazo-con-un-arma\/"},"modified":"2025-08-29T04:51:38","modified_gmt":"2025-08-29T04:51:38","slug":"un-policia-se-enojo-con-un-conductor-se-bajo-del-auto-y-lo-amenazo-con-un-arma","status":"publish","type":"post","link":"http:\/\/cordobainforma.info\/index.php\/2025\/08\/29\/un-policia-se-enojo-con-un-conductor-se-bajo-del-auto-y-lo-amenazo-con-un-arma\/","title":{"rendered":"Un polic\u00eda se enoj\u00f3 con un conductor, se baj\u00f3 del auto y lo amenaz\u00f3 con un arma"},"content":{"rendered":"<div><img src=\"http:\/\/cordobainforma.info\/wp-content\/uploads\/2025\/08\/un-policia-se-enojo-con-un-conductor-se-bajo-del-auto-y-lo-amenazo-con-un-arma.jpg\" class=\"ff-og-image-inserted\"><\/div>\n<p>La autopista General Paz de Buenos Aires fue la sede de un llamativo hecho ocurrido en la tarde de este jueves. Un hombre discuti\u00f3 con un conductor y lo amenaz\u00f3 con un arma.<\/p>\n<p>La escena, que fue filmada por un testigo, es ejemplo de la violencia urbana que se vive en distintos puntos del pa\u00eds. Al parecer, el hombre primero discuti\u00f3 con otro conductor y, tras esto, se baj\u00f3 del auto con un arma y lo amenaz\u00f3.<\/p>\n<p>Luego se confirm\u00f3 que el sujeto ten\u00eda un arma porque forma parte de la Polic\u00eda Federal. En ese momento, se encontraba fuerza de servicio. En el otro auto iban cuatro personas.<\/p>\n<figure data-html data-tadevel-template=\"web\/multimedia\" data-type=\"rich\" data-url=\"https:\/\/twitter.com\/mauroszeta\/status\/1961119975642427629\"><figcaption>\n<p>V\u00eda Szeta on Twitter \/ X<\/p>\n<\/figcaption><\/figure>\n<p>Cuando comenzaron a discutir, los dos autos quedaron detenidos en la v\u00eda y generaron un caos en la circulaci\u00f3n. Adem\u00e1s, la escena convoc\u00f3 a un grupo de vecinos que se acerc\u00f3 a ver qu\u00e9 ocurr\u00eda.&nbsp;<\/p>\n<p>Al lugar arribaron oficiales de la Comisar\u00eda Vecinal 9 B de la Polic\u00eda de la Ciudad e intervinieron en el hecho. En el procedimiento, identificaron a todos los involucrados y descartaron que alguno tuviera impedimento para transitar.<\/p>\n","protected":false},"excerpt":{"rendered":"<p>La autopista General Paz de Buenos Aires fue la sede de un llamativo hecho ocurrido en la tarde de este jueves. Un hombre discuti\u00f3 con un conductor y lo amenaz\u00f3 con un arma. La escena, que fue filmada por un testigo, es ejemplo de la violencia urbana que se vive en distintos puntos del pa\u00eds. [&hellip;]<\/p>\n","protected":false},"author":1,"featured_media":166305,"comment_status":"closed","ping_status":"closed","sticky":false,"template":"","format":"standard","meta":[],"categories":[2],"tags":[],"_links":{"self":[{"href":"http:\/\/cordobainforma.info\/index.php\/wp-json\/wp\/v2\/posts\/166304"}],"collection":[{"href":"http:\/\/cordobainforma.info\/index.php\/wp-json\/wp\/v2\/posts"}],"about":[{"href":"http:\/\/cordobainforma.info\/index.php\/wp-json\/wp\/v2\/types\/post"}],"author":[{"embeddable":true,"href":"http:\/\/cordobainforma.info\/index.php\/wp-json\/wp\/v2\/users\/1"}],"replies":[{"embeddable":true,"href":"http:\/\/cordobainforma.info\/index.php\/wp-json\/wp\/v2\/comments?post=166304"}],"version-history":[{"count":0,"href":"http:\/\/cordobainforma.info\/index.php\/wp-json\/wp\/v2\/posts\/166304\/revisions"}],"wp:featuredmedia":[{"embeddable":true,"href":"http:\/\/cordobainforma.info\/index.php\/wp-json\/wp\/v2\/media\/166305"}],"wp:attachment":[{"href":"http:\/\/cordobainforma.info\/index.php\/wp-json\/wp\/v2\/media?parent=166304"}],"wp:term":[{"taxonomy":"category","embeddable":true,"href":"http:\/\/cordobainforma.info\/index.php\/wp-json\/wp\/v2\/categories?post=166304"},{"taxonomy":"post_tag","embeddable":true,"href":"http:\/\/cordobainforma.info\/index.php\/wp-json\/wp\/v2\/tags?post=166304"}],"curies":[{"name":"wp","href":"https:\/\/api.w.org\/{rel}","templated":true}]}}