{"id":166302,"date":"2025-08-29T04:53:25","date_gmt":"2025-08-29T04:53:25","guid":{"rendered":"https:\/\/somoscordobeses.com\/2025\/08\/29\/por-incidentes-karina-milei-y-martin-menem-suspendieron-un-acto-de-lla-en-corrientes-2\/"},"modified":"2025-08-29T04:53:25","modified_gmt":"2025-08-29T04:53:25","slug":"por-incidentes-karina-milei-y-martin-menem-suspendieron-un-acto-de-lla-en-corrientes","status":"publish","type":"post","link":"http:\/\/cordobainforma.info\/index.php\/2025\/08\/29\/por-incidentes-karina-milei-y-martin-menem-suspendieron-un-acto-de-lla-en-corrientes\/","title":{"rendered":"Por incidentes, Karina Milei y Mart\u00edn Menem suspendieron un acto de LLA en Corrientes"},"content":{"rendered":"<div><img src=\"http:\/\/cordobainforma.info\/wp-content\/uploads\/2025\/08\/por-incidentes-karina-milei-y-martin-menem-suspendieron-un-acto-de-lla-en-corrientes.jpg\" class=\"ff-og-image-inserted\"><\/div>\n<p>Corrientes. Lo que deb\u00eda ser el cierre de campa\u00f1a de La Libertad Avanza (LLA) en la capital correntina termin\u00f3 en tensi\u00f3n y enfrentamientos que obligaron a suspender la actividad.<br \/>La secretaria General de la Presidencia, Karina Milei, y el presidente de la C\u00e1mara de Diputados, Mart\u00edn Menem, hab\u00edan llegado ayer a Corrientes para respaldar la candidatura a gobernador de Lisandro Almir\u00f3n y a la postulante a la intendencia capitalina, Any Pereyra. La caminata estaba programada para las 17 en la peatonal Jun\u00edn, en el marco de los \u00faltimos actos antes de las elecciones del pr\u00f3ximo domingo.<br \/>Desde temprano, un grupo reducido de manifestantes opositores \u2014unos 30, seg\u00fan medios locales\u2014 se apost\u00f3 en la intersecci\u00f3n de Jun\u00edn y C\u00f3rdoba con carteles y consignas contra Milei. Ante esta situaci\u00f3n, la Polic\u00eda Provincial sugiri\u00f3 modificar el recorrido y los referentes libertarios descendieron del veh\u00edculo una cuadra m\u00e1s adelante, en Jun\u00edn y Mendoza.<br \/>Con la marcha iniciada, opositores intentaron acercarse al sector donde estaban los dirigentes, lo que deriv\u00f3 en forcejeos con militantes libertarios y personal de custodia. Finalmente, la actividad se dio por suspendida y Milei y Menem debieron retirarse en una camioneta.<br \/>El Gobierno provincial inform\u00f3 que durante los incidentes dos personas fueron detenidas por agredir a personal policial y trasladadas a la Comisar\u00eda 4\u00aa. Tambi\u00e9n confirm\u00f3 que tres oficiales de la Polic\u00eda correntina resultaron lesionados y est\u00e1n siendo atendidos por la ART.<br \/>&nbsp;<\/p>\n<h2>Versiones cruzadas<\/h2>\n<p>Tras los disturbios, LLA responsabiliz\u00f3 al gobernador Gustavo Vald\u00e9s. En un comunicado oficial, se\u00f1alaron que \u201cmilitantes pol\u00edticos del gobernador radical irrumpieron violentamente en la caminata\u201d y que la movilizaci\u00f3n debi\u00f3 suspenderse \u201cpara resguardar a vecinos y comerciantes\u201d.<br \/>Desde el Gobierno de Corrientes negaron esas acusaciones y aseguraron que el operativo estaba a cargo de la Polic\u00eda Federal. \u201cNo fue nada. Fueron cinco contra cinco. Se infiltr\u00f3 un grupo de kirchneristas y lo que m\u00e1s se vio fue el empuje de la propia custodia de Karina Milei contra su gente\u201d, indic\u00f3 un funcionario cercano al gobernador.<br \/>Adem\u00e1s, desde la administraci\u00f3n provincial remarcaron que Vald\u00e9s estuvo concentrado en inauguraciones y en su propio cierre de campa\u00f1a: \u201cFue un problema entre libertarios y kirchneristas, que aqu\u00ed en Corrientes est\u00e1n lejos de competir en las elecciones\u201d.<\/p>\n","protected":false},"excerpt":{"rendered":"<p>Corrientes. Lo que deb\u00eda ser el cierre de campa\u00f1a de La Libertad Avanza (LLA) en la capital correntina termin\u00f3 en tensi\u00f3n y enfrentamientos que obligaron a suspender la actividad.La secretaria General de la Presidencia, Karina Milei, y el presidente de la C\u00e1mara de Diputados, Mart\u00edn Menem, hab\u00edan llegado ayer a Corrientes para respaldar la candidatura [&hellip;]<\/p>\n","protected":false},"author":1,"featured_media":166303,"comment_status":"closed","ping_status":"closed","sticky":false,"template":"","format":"standard","meta":[],"categories":[2],"tags":[],"_links":{"self":[{"href":"http:\/\/cordobainforma.info\/index.php\/wp-json\/wp\/v2\/posts\/166302"}],"collection":[{"href":"http:\/\/cordobainforma.info\/index.php\/wp-json\/wp\/v2\/posts"}],"about":[{"href":"http:\/\/cordobainforma.info\/index.php\/wp-json\/wp\/v2\/types\/post"}],"author":[{"embeddable":true,"href":"http:\/\/cordobainforma.info\/index.php\/wp-json\/wp\/v2\/users\/1"}],"replies":[{"embeddable":true,"href":"http:\/\/cordobainforma.info\/index.php\/wp-json\/wp\/v2\/comments?post=166302"}],"version-history":[{"count":0,"href":"http:\/\/cordobainforma.info\/index.php\/wp-json\/wp\/v2\/posts\/166302\/revisions"}],"wp:featuredmedia":[{"embeddable":true,"href":"http:\/\/cordobainforma.info\/index.php\/wp-json\/wp\/v2\/media\/166303"}],"wp:attachment":[{"href":"http:\/\/cordobainforma.info\/index.php\/wp-json\/wp\/v2\/media?parent=166302"}],"wp:term":[{"taxonomy":"category","embeddable":true,"href":"http:\/\/cordobainforma.info\/index.php\/wp-json\/wp\/v2\/categories?post=166302"},{"taxonomy":"post_tag","embeddable":true,"href":"http:\/\/cordobainforma.info\/index.php\/wp-json\/wp\/v2\/tags?post=166302"}],"curies":[{"name":"wp","href":"https:\/\/api.w.org\/{rel}","templated":true}]}}