{"id":166282,"date":"2025-08-28T12:53:28","date_gmt":"2025-08-28T12:53:28","guid":{"rendered":"http:\/\/cordobainforma.info\/index.php\/2025\/08\/28\/nubarrones-sobre-groenlandia-crecen-las-tensiones-entre-dinamarca-y-ee-uu\/"},"modified":"2025-08-28T12:53:28","modified_gmt":"2025-08-28T12:53:28","slug":"nubarrones-sobre-groenlandia-crecen-las-tensiones-entre-dinamarca-y-ee-uu","status":"publish","type":"post","link":"http:\/\/cordobainforma.info\/index.php\/2025\/08\/28\/nubarrones-sobre-groenlandia-crecen-las-tensiones-entre-dinamarca-y-ee-uu\/","title":{"rendered":"Nubarrones sobre Groenlandia: Crecen las tensiones entre Dinamarca y EE.UU."},"content":{"rendered":"<p><img src=\"http:\/\/cordobainforma.info\/wp-content\/uploads\/2025\/08\/nubarrones-sobre-groenlandia-crecen-las-tensiones-entre-dinamarca-y-ee-uu.jpg\"><\/p>\n<p>La primera ministra de Dinamarca, Mette Frederiksen, <a href=\"https:\/\/nyheder.tv2.dk\/live\/2025-01-06-kampen-om-groenlands-fremtid\" target=\"_blank\" rel=\"noopener noreferrer\">ha salido&nbsp;al paso<\/a>&nbsp;de&nbsp;las <a href=\"https:\/\/actualidad.rt.com\/actualidad\/562636-dinamarca-alto-diplomatico-eeuu-groenlandia\" target=\"_blank\" rel=\"noopener noreferrer\">informaciones<\/a>&nbsp;sobre el supuesto intento de ciudadanos estadounidenses cercanos al presidente Donald Trump de influir en los residentes de Groenlandia, destacando la \u00ab<strong>gravedad<\/strong>\u00bb de la situaci\u00f3n.<\/p>\n<p>\u00abObservo que los estadounidenses <strong>no rechazan rotundamente<\/strong> [la informaci\u00f3n] y eso, por supuesto, es grave\u00bb, declar\u00f3 este mi\u00e9rcoles Frederiksen a los medios. Adem\u00e1s, la primera ministra resalt\u00f3 que, desde el principio, ha dicho que Trump habla en serio cuando dice que quiere anexionarse el territorio \u00e1rtico.<\/p>\n<div class=\"ReadMore-root Section-root Section-is1to3-xs_is1to1\" data-widgets=\"ReadMore\">\n<div class=\"Section-container Section-isRow-isTop-isWrap\">\n<article class=\"Card-root Card-is1to1 Card-default \">\n<div class=\"Card-imageWrap\">\n<div class=\"Card-picture\"> <picture class=\"Picture-root Picture-default\"><!--[if IE 9]><video style=\"display: none;\"><![endif]--><source media=\"(-webkit-min-device-pixel-ratio: 2) and (min-resolution: 120dpi)\" srcset=\"http:\/\/cordobainforma.info\/wp-content\/uploads\/2025\/08\/nubarrones-sobre-groenlandia-crecen-las-tensiones-entre-dinamarca-y-ee-uu-2.jpg 850w, http:\/\/cordobainforma.info\/wp-content\/uploads\/2025\/08\/nubarrones-sobre-groenlandia-crecen-las-tensiones-entre-dinamarca-y-ee-uu-3.jpg 1960w\"><source srcset=\"http:\/\/cordobainforma.info\/wp-content\/uploads\/2025\/08\/nubarrones-sobre-groenlandia-crecen-las-tensiones-entre-dinamarca-y-ee-uu-2.jpg, https:\/\/actualidad.rt.com\/actualidad\/460, http:\/\/cordobainforma.info\/wp-content\/uploads\/2025\/08\/nubarrones-sobre-groenlandia-crecen-las-tensiones-entre-dinamarca-y-ee-uu-3.jpg 980w\"><!--[if IE 9]><\/video><![endif]--><img data-sizes=\"auto\" src=\"http:\/\/cordobainforma.info\/wp-content\/uploads\/2025\/08\/nubarrones-sobre-groenlandia-crecen-las-tensiones-entre-dinamarca-y-ee-uu-2.jpg\" class=\"Picture-root Picture-default lazyload\" alt=\"&quot;No, gracias&quot;: \u00bfNadie en Groenlandia quiere ver a la segunda dama de EE.UU.?\"><\/picture><!-- noscript pattern --><noscript><img src=\"http:\/\/cordobainforma.info\/wp-content\/uploads\/2025\/08\/nubarrones-sobre-groenlandia-crecen-las-tensiones-entre-dinamarca-y-ee-uu-3.jpg\" alt=\"&quot;No, gracias&quot;: \u00bfNadie en Groenlandia quiere ver a la segunda dama de EE.UU.?\"><\/noscript> <\/div><\/div>\n<\/article><\/div><\/div>\n<p>Asimismo, la&nbsp;jefa de Gobierno&nbsp;declar\u00f3 que recientemente&nbsp;ha mantenido una reuni\u00f3n con representantes del Senado estadounidense que se encuentran de visita en Europa.<\/p>\n<p>\u00abHemos dicho muy claramente que esto es inaceptable. Y esto es algo que transmitiremos directamente a nuestros colegas en EE.UU., quienes <strong>podr\u00edan f\u00e1cilmente negarlo<\/strong> si no fuera as\u00ed\u00bb, dijo.<\/p>\n<p>La misma jornada, Danmarks Radio inform\u00f3 que al menos tres estadounidenses relacionados con el mandatario estadounidense y&nbsp;la Casa Blanca intentan&nbsp;<strong>infiltrarse en Groenlandia<\/strong> y que,&nbsp;entre otras cosas, han compilado una lista de nombres de ciudadanos groenlandeses que apoyan los planes de Trump para apoderarse de la isla.<\/p>\n<p>En respuesta, el ministro dan\u00e9s de Asuntos Exteriores, Lars Rasmussen, convoc\u00f3 a un alto diplom\u00e1tico estadounidense. \u00abCualquier intento de&nbsp;<strong>interferir en los asuntos internos<\/strong>&nbsp;del reino ser\u00e1, por supuesto, inaceptable. En este sentido, he solicitado al Ministerio de Asuntos Exteriores que convoque al encargado de negocios estadounidense para conversar\u00bb, reza el comunicado del canciller del pa\u00eds n\u00f3rdico.<\/p>\n<p>\u00abSomos plenamente conscientes de que actores extranjeros est\u00e1n interesados en la relaci\u00f3n entre Dinamarca y Groenlandia. Por lo tanto,&nbsp;<strong>no debemos sorprendernos<\/strong>&nbsp;por las campa\u00f1as de influencia\u00bb, agreg\u00f3 Rasmussen.<\/p>\n<h3>\u00abLos daneses deben calmarse\u00bb<\/h3>\n<p>Mientras, el Departamento de Estado de EE.UU. <a href=\"https:\/\/edition.cnn.com\/2025\/08\/27\/europe\/denmark-summons-us-envoy-greenland-intl\" target=\"_blank\" rel=\"noopener noreferrer\">confirm\u00f3<\/a> que el encargado de negocios, Mark Stroh, se reuni\u00f3 el canciller dan\u00e9s a petici\u00f3n suya. Un portavoz, citado por CNN, indic\u00f3 que se mantuvo <strong>\u00abuna conversaci\u00f3n productiva\u00bb<\/strong> que \u00abreafirm\u00f3 los fuertes lazos entre los gobiernos de Groenlandia, EE.UU. y Dinamarca\u00bb.<\/p>\n<p>Sin embargo, el vocero anunci\u00f3 que no ten\u00edan comentarios que ofrecer sobre los actos de ciudadanos estadounidenses en Groenlandia. \u00abEl Gobierno de EE.UU. <strong>no controla ni dirige<\/strong> las acciones de los ciudadanos. [\u2026] Estados Unidos respeta el derecho del pueblo de Groenlandia a determinar su propio futuro\u00bb, dijo.<\/p>\n<p>De igual forma, un funcionario de la Casa Blanca, <a href=\"https:\/\/www.bbc.com\/news\/articles\/c0j9l08902eo\" target=\"_blank\" rel=\"noopener noreferrer\">citado<\/a> por BBC, no confirm\u00f3 que estuviera en marcha <strong>una campa\u00f1a de influencia<\/strong>. \u00abCreemos que los daneses deben calmarse\u00bb, aconsej\u00f3.<\/p>\n<p>Por su parte, el primer ministro groenland\u00e9s, Jens-Frederik Nielsen, afirm\u00f3 que \u00e9l mismo, junto con sus conciudadanos, ha presenciado las campa\u00f1as de influencia<strong> en las calles de la capital<\/strong> de la isla, Nuuk. En este contexto, sostuvo que no es f\u00e1cil ejercer una influencia a los habitantes de la zona.<\/p>\n<p>\u00abSi creen que pueden<strong> influir f\u00e1cilmente<\/strong> en los groenlandeses, no pueden. Somos aliados y debemos ser tratados con respeto, igual que ustedes tratan a los dem\u00e1s. Si no lo logran, es dif\u00edcil que haya una cooperaci\u00f3n constructiva\u00bb, dijo en una entrevista<\/p>\n<ul>\n<li>Trump&nbsp;<a href=\"https:\/\/esrt.space\/actualidad\/536340-trump-quiere-hacerse-groenlandia\" target=\"_blank\" rel=\"noopener noreferrer\">ha declarado<\/a>&nbsp;en repetidas ocasiones que su pa\u00eds necesita&nbsp;<strong>adquirir Groenlandia<\/strong>&nbsp;por cuestiones de seguridad nacional,&nbsp;<a href=\"https:\/\/esrt.space\/actualidad\/542912-trump-anexion-groenlandia-tendra-lugar\" target=\"_blank\" rel=\"noopener noreferrer\">argumentando<\/a>&nbsp;que barcos de numerosas naciones navegan cerca de la costa norte de EE.UU., por lo que Washington debe \u00abtener cuidado\u00bb. A su vez, las autoridades tanto danesas como groenlandesas han descartado esta posibilidad.<\/li>\n<\/ul>\n<p><em><strong>TODO LO QUE NECESITA SABER SOBRE GROENLANDIA Y SU IMPORTANCIA PARA EE.UU., EN ESTE&nbsp;<\/strong><\/em><em><strong><a href=\"https:\/\/esrt.space\/a-fondo\/536863-groenlandia-importante-eeuu\" target=\"_blank\" rel=\"noopener noreferrer\">ART\u00cdCULO<\/a><\/strong><\/em><\/p>\n","protected":false},"excerpt":{"rendered":"<p>La primera ministra de Dinamarca, Mette Frederiksen, ha salido&nbsp;al paso&nbsp;de&nbsp;las informaciones&nbsp;sobre el supuesto intento de ciudadanos estadounidenses cercanos al presidente Donald Trump de influir en los residentes de Groenlandia, destacando la \u00abgravedad\u00bb de la situaci\u00f3n. \u00abObservo que los estadounidenses no rechazan rotundamente [la informaci\u00f3n] y eso, por supuesto, es grave\u00bb, declar\u00f3 este mi\u00e9rcoles Frederiksen a [&hellip;]<\/p>\n","protected":false},"author":1,"featured_media":166283,"comment_status":"closed","ping_status":"closed","sticky":false,"template":"","format":"standard","meta":[],"categories":[22],"tags":[],"_links":{"self":[{"href":"http:\/\/cordobainforma.info\/index.php\/wp-json\/wp\/v2\/posts\/166282"}],"collection":[{"href":"http:\/\/cordobainforma.info\/index.php\/wp-json\/wp\/v2\/posts"}],"about":[{"href":"http:\/\/cordobainforma.info\/index.php\/wp-json\/wp\/v2\/types\/post"}],"author":[{"embeddable":true,"href":"http:\/\/cordobainforma.info\/index.php\/wp-json\/wp\/v2\/users\/1"}],"replies":[{"embeddable":true,"href":"http:\/\/cordobainforma.info\/index.php\/wp-json\/wp\/v2\/comments?post=166282"}],"version-history":[{"count":0,"href":"http:\/\/cordobainforma.info\/index.php\/wp-json\/wp\/v2\/posts\/166282\/revisions"}],"wp:featuredmedia":[{"embeddable":true,"href":"http:\/\/cordobainforma.info\/index.php\/wp-json\/wp\/v2\/media\/166283"}],"wp:attachment":[{"href":"http:\/\/cordobainforma.info\/index.php\/wp-json\/wp\/v2\/media?parent=166282"}],"wp:term":[{"taxonomy":"category","embeddable":true,"href":"http:\/\/cordobainforma.info\/index.php\/wp-json\/wp\/v2\/categories?post=166282"},{"taxonomy":"post_tag","embeddable":true,"href":"http:\/\/cordobainforma.info\/index.php\/wp-json\/wp\/v2\/tags?post=166282"}],"curies":[{"name":"wp","href":"https:\/\/api.w.org\/{rel}","templated":true}]}}