{"id":166280,"date":"2025-08-28T13:04:29","date_gmt":"2025-08-28T13:04:29","guid":{"rendered":"http:\/\/cordobainforma.info\/index.php\/2025\/08\/28\/la-uefa-esta-preocupada-por-los-planes-del-barca-de-jugar-un-partido-de-liga-en-ee-uu\/"},"modified":"2025-08-28T13:04:29","modified_gmt":"2025-08-28T13:04:29","slug":"la-uefa-esta-preocupada-por-los-planes-del-barca-de-jugar-un-partido-de-liga-en-ee-uu","status":"publish","type":"post","link":"http:\/\/cordobainforma.info\/index.php\/2025\/08\/28\/la-uefa-esta-preocupada-por-los-planes-del-barca-de-jugar-un-partido-de-liga-en-ee-uu\/","title":{"rendered":"La UEFA est\u00e1 preocupada por los planes del Bar\u00e7a de jugar un partido de liga en EE.UU."},"content":{"rendered":"<p><img src=\"http:\/\/cordobainforma.info\/wp-content\/uploads\/2025\/08\/la-uefa-esta-preocupada-por-los-planes-del-barca-de-jugar-un-partido-de-liga-en-ee-uu.jpg\"><\/p>\n<p>La UEFA est\u00e1 preocupada por los planes del FC Barcelona de jugar un partido de la liga espa\u00f1ola de f\u00fatbol contra el Villarreal el pr\u00f3ximo 20 de diciembre en el Hard Rock Stadium de Miami (Florida, EE.UU.), <a href=\"https:\/\/as.com\/futbol\/primera\/plan-miami-la-uefa-si-escucha-al-madrid-n\/\" target=\"_blank\" rel=\"noopener noreferrer\">inform\u00f3<\/a> este jueves el diario As.<strong><\/strong><\/p>\n<div class=\"ReadMore-root Section-root Section-is1to3-xs_is1to1\" data-widgets=\"ReadMore\">\n<div class=\"Section-container Section-isRow-isTop-isWrap\">\n<article class=\"Card-root Card-is1to1 Card-default \">\n<div class=\"Card-imageWrap\">\n<div class=\"Card-picture\"> <picture class=\"Picture-root Picture-default\"><!--[if IE 9]><video style=\"display: none;\"><![endif]--><source media=\"(-webkit-min-device-pixel-ratio: 2) and (min-resolution: 120dpi)\" srcset=\"http:\/\/cordobainforma.info\/wp-content\/uploads\/2025\/08\/la-uefa-esta-preocupada-por-los-planes-del-barca-de-jugar-un-partido-de-liga-en-ee-uu-2.jpg 850w, http:\/\/cordobainforma.info\/wp-content\/uploads\/2025\/08\/la-uefa-esta-preocupada-por-los-planes-del-barca-de-jugar-un-partido-de-liga-en-ee-uu-3.jpg 1960w\"><source srcset=\"http:\/\/cordobainforma.info\/wp-content\/uploads\/2025\/08\/la-uefa-esta-preocupada-por-los-planes-del-barca-de-jugar-un-partido-de-liga-en-ee-uu-2.jpg, https:\/\/actualidad.rt.com\/actualidad\/460, http:\/\/cordobainforma.info\/wp-content\/uploads\/2025\/08\/la-uefa-esta-preocupada-por-los-planes-del-barca-de-jugar-un-partido-de-liga-en-ee-uu-3.jpg 980w\"><!--[if IE 9]><\/video><![endif]--><img data-sizes=\"auto\" src=\"http:\/\/cordobainforma.info\/wp-content\/uploads\/2025\/08\/la-uefa-esta-preocupada-por-los-planes-del-barca-de-jugar-un-partido-de-liga-en-ee-uu-2.jpg\" class=\"Picture-root Picture-default lazyload\" alt=\"La UEFA despliega un rotundo mensaje a Israel en la final de la Supercopa\"><\/picture><!-- noscript pattern --><noscript><img src=\"http:\/\/cordobainforma.info\/wp-content\/uploads\/2025\/08\/la-uefa-esta-preocupada-por-los-planes-del-barca-de-jugar-un-partido-de-liga-en-ee-uu-3.jpg\" alt=\"La UEFA despliega un rotundo mensaje a Israel en la final de la Supercopa\"><\/noscript> <\/div><\/div>\n<\/article><\/div><\/div>\n<p>El ente est\u00e1 estudiando el caso y lo someter\u00e1 a debate el 11 de septiembre en su comit\u00e9 ejecutivo en Tirana (Albania), donde decidir\u00e1 si da luz verde a que se juegue dicho encuentro, correspondiente a la jornada 17 de la La Liga EA Sports, fuera del territorio espa\u00f1ol.<\/p>\n<p>A la UEFA le preocupa que esta estrategia de <strong>expansi\u00f3n de ligas<\/strong>&nbsp;<strong>vulnere<\/strong> el <strong>esp\u00edritu deportivo<\/strong> de los <strong>torneos nacionales<\/strong>. Adem\u00e1s, Football Supporters \u2014la asociaci\u00f3n que engloba a las hinchadas europeas\u2014 les traslad\u00f3 la oposici\u00f3n que existe entre los aficionados a que los partidos del campeonato se disputen fuera de Europa.<\/p>\n<p>Asimismo, hay&nbsp;equipos&nbsp;que tambi\u00e9n rechazan la idea. Es el caso del Real Madrid, que <a href=\"https:\/\/www.realmadrid.com\/es-ES\/noticias\/club\/comunicados\/comunicado-oficial-12-08-25\" target=\"_blank\" rel=\"noopener noreferrer\">argumenta<\/a> que se debe contar con el acuerdo expreso y un\u00e1nime de todos los clubes que participan en la competici\u00f3n. \u00abDe llevarse a cabo esta propuesta, sus consecuencias ser\u00edan de tal gravedad, que supondr\u00edan un antes y un despu\u00e9s para el mundo del f\u00fatbol\u00bb, asever\u00f3.<\/p><figcaption class=\"Video-caption\"><\/figcaption>\n","protected":false},"excerpt":{"rendered":"<p>La UEFA est\u00e1 preocupada por los planes del FC Barcelona de jugar un partido de la liga espa\u00f1ola de f\u00fatbol contra el Villarreal el pr\u00f3ximo 20 de diciembre en el Hard Rock Stadium de Miami (Florida, EE.UU.), inform\u00f3 este jueves el diario As. El ente est\u00e1 estudiando el caso y lo someter\u00e1 a debate el [&hellip;]<\/p>\n","protected":false},"author":1,"featured_media":166281,"comment_status":"closed","ping_status":"closed","sticky":false,"template":"","format":"standard","meta":[],"categories":[22],"tags":[],"_links":{"self":[{"href":"http:\/\/cordobainforma.info\/index.php\/wp-json\/wp\/v2\/posts\/166280"}],"collection":[{"href":"http:\/\/cordobainforma.info\/index.php\/wp-json\/wp\/v2\/posts"}],"about":[{"href":"http:\/\/cordobainforma.info\/index.php\/wp-json\/wp\/v2\/types\/post"}],"author":[{"embeddable":true,"href":"http:\/\/cordobainforma.info\/index.php\/wp-json\/wp\/v2\/users\/1"}],"replies":[{"embeddable":true,"href":"http:\/\/cordobainforma.info\/index.php\/wp-json\/wp\/v2\/comments?post=166280"}],"version-history":[{"count":0,"href":"http:\/\/cordobainforma.info\/index.php\/wp-json\/wp\/v2\/posts\/166280\/revisions"}],"wp:featuredmedia":[{"embeddable":true,"href":"http:\/\/cordobainforma.info\/index.php\/wp-json\/wp\/v2\/media\/166281"}],"wp:attachment":[{"href":"http:\/\/cordobainforma.info\/index.php\/wp-json\/wp\/v2\/media?parent=166280"}],"wp:term":[{"taxonomy":"category","embeddable":true,"href":"http:\/\/cordobainforma.info\/index.php\/wp-json\/wp\/v2\/categories?post=166280"},{"taxonomy":"post_tag","embeddable":true,"href":"http:\/\/cordobainforma.info\/index.php\/wp-json\/wp\/v2\/tags?post=166280"}],"curies":[{"name":"wp","href":"https:\/\/api.w.org\/{rel}","templated":true}]}}