{"id":166274,"date":"2025-08-28T11:13:28","date_gmt":"2025-08-28T11:13:28","guid":{"rendered":"https:\/\/www.mujerhoy.com\/moda\/no-te-pierdas\/como-llevar-camisa-blanca-mas-original-20250828131252-nt.html"},"modified":"2025-08-28T11:13:28","modified_gmt":"2025-08-28T11:13:28","slug":"como-llevar-la-camisa-blanca-esta-temporada-sin-caer-en-lo-clasico","status":"publish","type":"post","link":"http:\/\/cordobainforma.info\/index.php\/2025\/08\/28\/como-llevar-la-camisa-blanca-esta-temporada-sin-caer-en-lo-clasico\/","title":{"rendered":"C\u00f3mo llevar la camisa blanca esta temporada sin caer en lo cl\u00e1sico"},"content":{"rendered":"<div class=\"media_block\"><\/div>\n<p><!-- AUTHOR --><\/p>\n<div class=\"voc-author-timesocial \">\n<!-- AUTHOR --><\/p>\n<div class=\"voc-author-timesocial__signature \">\n<!-- IMAGE AUTHOR -->\n<picture class=\"voc-image-signature\">\n<img class=\"voc-image-signature__img\" src=\"http:\/\/cordobainforma.info\/wp-content\/uploads\/2025\/08\/como-llevar-la-camisa-blanca-esta-temporada-sin-caer-en-lo-clasico.jpg\" alt=\"Carla Dom\u00ednguez\">\n<\/picture>\n<!-- INFO AUTHOR --> <\/div><\/div>\n<p><!-- COMPONENTS --><\/p>\n<p class=\"voc-paragraph\">Pocas prendas pueden presumir de tener el estatus de icono que ostenta la <a href=\"https:\/\/www.mujerhoy.com\/moda\/no-te-pierdas\/camisa-blanca-basicos-baratos-zara-primavera-20250420172324-nt.html\" data-voc-vtm-id=\"in-text-traffic\" title=\"camisa blanca.\" data-mrf-link=\"www.mujerhoy.com\">camisa blanca.<\/a> Ha pasado por los armarios de generaciones y ha acompa\u00f1ado a mujeres con estilos y edades muy diferentes, siempre con la misma premisa: elevar cualquier look con la sencillez de su tejido y la pureza de su color. <\/p>\n<p class=\"voc-paragraph\">Sin embargo, el riesgo est\u00e1 en quedarnos en la versi\u00f3n m\u00e1s cl\u00e1sica, la que asociamos al uniforme de oficina. Esta temporada, <strong>la camisa blanca se reinventa<\/strong> y nos invita a experimentar, a llevarla de maneras inesperadas que nos permitan seguir disfrutando de su versatilidad y sin caer en la monoton\u00eda.<\/p>\n<div class=\"v-c-cmp v-c-cmp--t1 \">\n<div class=\"v-cmp-rld v-cmp-rld--2 \">\n<div class=\"v-cnt-m v-cnt-m--m\">\n<div class=\"v-cnt-m__c\">\n<div class=\"v-cnt-m__w v-cnt-m__w--1\">\n<p class=\"v-cnt-m__t\">\nTAMBI\u00c9N TE INTERESA\n<\/p>\n<\/div>\n<\/div>\n<\/div>\n<div class=\"v-g v-g--2-c v-g--bdr-min-xs\">\n<div class=\"v-g__c \">\n<article class=\"v-a v-a--cmp-rld v-a--cmp-rld-2 v-a--p-l\">\n<div class=\"v-a-img-c\">\n<figure class=\"v-a-fig\">\n<a href=\"https:\/\/www.mujerhoy.com\/moda\/no-te-pierdas\/vestidos-massimo-dutti-virales-otono-perfectas-entretiempo-20250828023532-nt.html#vtm_modulosEngag=mod-rel:moda:noticia:1:cmp:2-not\" class=\"v-a-link\" title=\"Las novedades de Massimo Dutti: chaquetas de ante para arrasar en septiembre, vestidos lenceros y bolsos trenzados\"><br \/>\n<img loading=\"lazy\" class=\"v-a-img\" src=\"http:\/\/cordobainforma.info\/wp-content\/uploads\/2025\/08\/como-llevar-la-camisa-blanca-esta-temporada-sin-caer-en-lo-clasico-1.jpg\" alt=\"Las novedades de Massimo Dutti: chaquetas de ante para arrasar en septiembre, vestidos lenceros y bolsos trenzados\"><br \/>\n<\/a><br \/>\n<\/figure>\n<\/div>\n<\/article>\n<\/div>\n<div class=\"v-g__c \">\n<article class=\"v-a v-a--cmp-rld v-a--cmp-rld-2 v-a--p-l\">\n<div class=\"v-a-img-c\">\n<figure class=\"v-a-fig\">\n<a href=\"https:\/\/www.mujerhoy.com\/moda\/no-te-pierdas\/basicos-looks-diario-trabajo-vestir-bien-septiembre-20250827075746-nt.html#vtm_modulosEngag=mod-rel:moda:noticia:2:cmp:2-not\" class=\"v-a-link\" title=\"Todas las prendas b\u00e1sicas que deber\u00edamos tener para arrancar el mes de septiembre\"><br \/>\n<img loading=\"lazy\" class=\"v-a-img\" src=\"http:\/\/cordobainforma.info\/wp-content\/uploads\/2025\/08\/como-llevar-la-camisa-blanca-esta-temporada-sin-caer-en-lo-clasico-2.jpg\" alt=\"Todas las prendas b\u00e1sicas que deber\u00edamos tener para arrancar el mes de septiembre\"><br \/>\n<\/a><br \/>\n<\/figure>\n<\/div>\n<\/article>\n<\/div>\n<\/div>\n<\/div>\n<\/div>\n<p><h3 class=\"v-cmp-suh\">\nEl poder de la camisa blanca<br \/>\n<\/h3>\n<\/p>\n<p class=\"voc-paragraph\">Hablar de <strong>la camisa blanca<\/strong> es hablar de una prenda que ha trascendido modas, \u00e9pocas y estilos. Naci\u00f3 en el armario masculino como s\u00edmbolo de elegancia y formalidad, pero pronto conquist\u00f3 tambi\u00e9n el vestidor femenino gracias a su versatilidad.<\/p>\n<p class=\"voc-paragraph\">Hoy <strong>la camisa blanca<\/strong> es un ienzo en blanco que se adapta a cualquier ocasi\u00f3n. Funciona en clave minimal con vaqueros y bailarinas, se convierte en sofisticada con un traje sastre y puede transformarse en una pieza sensual cuando se lleva abierta o con los botones desabrochados. Su verdadero poder est\u00e1 en que, sin importar las tendencias que vengan y se vayan, siempre transmite frescura, seguridad y <strong>una elegancia atemporal<\/strong> que nunca falla.<\/p>\n<p><h3 class=\"v-cmp-suh\">\nLas camisas blancas m\u00e1s originales de la temporada<br \/>\n<\/h3>\n<\/p>\n<div class=\"v-c-cmp \">\n<div class=\"v-cmp-m v-cmp-m--t1\">\n<article class=\"v-a v-a--cmp-m v-c-cmp--m-p\">\n<div class=\"v-a-img-c v-a-img-c--fw-xs\">\n<div class=\"v-a-fig\">\n<div class=\"v-a-link\">\n<img loading=\"lazy\" src=\"http:\/\/cordobainforma.info\/wp-content\/uploads\/2025\/08\/como-llevar-la-camisa-blanca-esta-temporada-sin-caer-en-lo-clasico-3.jpg\" class=\"v-a-img\" width=\"650\" height=\"975\" alt=\"Camisa con mangas acampanadas de Ba&amp;sh.\" data-voc-vtm-id=\"in-text-traffic\">\n<\/div><figcaption class=\"v-fc\">\n<span class=\"v-fc__t\"><br \/>\nCamisa con mangas acampanadas de Ba&amp;sh.<br \/>\n<\/span><br \/>\n<span class=\"v-fc__p\"><br \/>\nBa&amp;sh.<br \/>\n<\/span><br \/>\n<\/figcaption><\/div>\n<\/div>\n<\/article>\n<\/div>\n<\/div>\n<p><h3 class=\"v-cmp-suh\">\nCamisa con mangas acampanadas de Ba&amp;\u00ad<br \/>\n<\/h3>\n<\/p>\n<p class=\"voc-paragraph\">Una de nuestras primeras propuestas es esta camisa con mangas acampanadas de la firma francesa Ba&amp;\u00ad. Se trata de una camisa oversize de nueva colecci\u00f3n con tejido de algod\u00f3n. Un dise\u00f1o cl\u00e1sico en blanco pero con un toque original gracias a las mangas. Es parte de la nueva colecci\u00f3n y cuesta 175 euros.<\/p>\n<div class=\"v-c-cmp \">\n<div class=\"v-cmp-m v-cmp-m--t1\">\n<article class=\"v-a v-a--cmp-m v-c-cmp--m-p\">\n<div class=\"v-a-img-c v-a-img-c--fw-xs\">\n<div class=\"v-a-fig\">\n<div class=\"v-a-link\">\n<img loading=\"lazy\" src=\"http:\/\/cordobainforma.info\/wp-content\/uploads\/2025\/08\/como-llevar-la-camisa-blanca-esta-temporada-sin-caer-en-lo-clasico-4.jpg\" class=\"v-a-img\" width=\"650\" height=\"975\" alt=\"Camisa con detalle de fruncido d Laagam.\" data-voc-vtm-id=\"in-text-traffic\">\n<\/div><figcaption class=\"v-fc\">\n<span class=\"v-fc__t\"><br \/>\nCamisa con detalle de fruncido d Laagam.<br \/>\n<\/span><br \/>\n<span class=\"v-fc__p\"><br \/>\nLaagam.<br \/>\n<\/span><br \/>\n<\/figcaption><\/div>\n<\/div>\n<\/article>\n<\/div>\n<\/div>\n<p><h3 class=\"v-cmp-suh\">\nCamisa con detalle fruncido de Laagam<br \/>\n<\/h3>\n<\/p>\n<p class=\"voc-paragraph\">La firma espa\u00f1ola ha conquistado a muchas prescriptoas de moda. Tambi\u00e9n en su colecci\u00f3n cuenta con esta camisa con detalle fruncido tan original. Es una camisa blanca algo m\u00e1s moderna si quieres darle un toque diferente a tu estilismo. Tiene un precio de 89,95 euros.<\/p>\n<div class=\"v-c-cmp \">\n<div class=\"v-cmp-m v-cmp-m--t1\">\n<article class=\"v-a v-a--cmp-m v-c-cmp--m-p\">\n<div class=\"v-a-img-c v-a-img-c--fw-xs\">\n<div class=\"v-a-fig\">\n<div class=\"v-a-link\">\n<img loading=\"lazy\" src=\"http:\/\/cordobainforma.info\/wp-content\/uploads\/2025\/08\/como-llevar-la-camisa-blanca-esta-temporada-sin-caer-en-lo-clasico-5.jpg\" class=\"v-a-img\" width=\"650\" height=\"975\" alt=\"Camisa asim\u00e9trica de algod\u00f3n de &amp; Other Strories..\" data-voc-vtm-id=\"in-text-traffic\">\n<\/div><figcaption class=\"v-fc\">\n<span class=\"v-fc__t\"><br \/>\nCamisa asim\u00e9trica de algod\u00f3n de &amp; Other Strories..<br \/>\n<\/span><br \/>\n<span class=\"v-fc__p\"><br \/>\n&amp; Other Stories<br \/>\n<\/span><br \/>\n<\/figcaption><\/div>\n<\/div>\n<\/article>\n<\/div>\n<\/div>\n<p><h3 class=\"v-cmp-suh\">\nCamisa asim\u00e9trica de algod\u00f3n de &amp; Other Strories.<br \/>\n<\/h3>\n<\/p>\n<p class=\"voc-paragraph\">Un dise\u00f1o a\u00fan m\u00e1s original es este de &amp; Other Stories. Se trata de una camisa asim\u00e9trica con fruncido en la zona de la cintura y mangas maxi con volumen. Un dise\u00f1o ideal para darle un aspecto diferente a cualquier look b\u00e1sico con vaqueros o falda.<\/p>\n<div class=\"v-c-cmp \">\n<div class=\"v-cmp-m v-cmp-m--t1\">\n<article class=\"v-a v-a--cmp-m v-c-cmp--m-p\">\n<div class=\"v-a-img-c v-a-img-c--fw-xs\">\n<div class=\"v-a-fig\">\n<div class=\"v-a-link\">\n<img loading=\"lazy\" src=\"http:\/\/cordobainforma.info\/wp-content\/uploads\/2025\/08\/como-llevar-la-camisa-blanca-esta-temporada-sin-caer-en-lo-clasico-6.jpg\" class=\"v-a-img\" width=\"650\" height=\"975\" alt=\"Camisa con detalle de volantes en las mangas de Carolina Herrera.\" data-voc-vtm-id=\"in-text-traffic\">\n<\/div><figcaption class=\"v-fc\">\n<span class=\"v-fc__t\"><br \/>\nCamisa con detalle de volantes en las mangas de Carolina Herrera.<br \/>\n<\/span><br \/>\n<\/figcaption><\/div>\n<\/div>\n<\/article>\n<\/div>\n<\/div>\n<p><h3 class=\"v-cmp-suh\">\nCamisa con detalle de volantes en las mangas de Carolina Herrera<br \/>\n<\/h3>\n<\/p>\n<p class=\"voc-paragraph\">La firma Carolina Herrera tambi\u00e9n cuenta con modelos s\u00faper originales como este en color blanco. Es una camisa entallada de popel\u00edn con volantes en las mangas y detalle de lazo. Un dise\u00f1o muy original que no pasar\u00e1 desapercibido. Forma parte de la nueva colecci\u00f3n de la marca.<\/p>\n<div class=\"v-c-cmp v-c-cmp--t1 \">\n<div class=\"v-cmp-rld v-cmp-rld--2 \">\n<div class=\"v-cnt-m v-cnt-m--m\">\n<div class=\"v-cnt-m__c\">\n<div class=\"v-cnt-m__w v-cnt-m__w--1\">\n<p class=\"v-cnt-m__t\">\nTAMBI\u00c9N TE INTERESA\n<\/p>\n<\/div>\n<\/div>\n<\/div>\n<div class=\"v-g v-g--2-c v-g--bdr-min-xs\">\n<div class=\"v-g__c \">\n<article class=\"v-a v-a--cmp-rld v-a--cmp-rld-2 v-a--p-l\">\n<div class=\"v-a-img-c\">\n<figure class=\"v-a-fig\">\n<a href=\"https:\/\/www.mujerhoy.com\/moda\/no-te-pierdas\/mango-novedades-otono-blusas-chaquetas-baratas-entretiempo-20250827071957-nt.html#vtm_modulosEngag=mod-rel:moda:noticia:1:cmp:2-not\" class=\"v-a-link\" title=\"Las novedades de Mango para oto\u00f1o: blusas rom\u00e1nticas, pantalones masculinos y chaquetas de entretiempo\"><br \/>\n<img loading=\"lazy\" class=\"v-a-img\" src=\"http:\/\/cordobainforma.info\/wp-content\/uploads\/2025\/08\/como-llevar-la-camisa-blanca-esta-temporada-sin-caer-en-lo-clasico-7.jpg\" alt=\"Las novedades de Mango para oto\u00f1o: blusas rom\u00e1nticas, pantalones masculinos y chaquetas de entretiempo\"><br \/>\n<\/a><br \/>\n<\/figure>\n<\/div>\n<\/article>\n<\/div>\n<div class=\"v-g__c \">\n<article class=\"v-a v-a--cmp-rld v-a--cmp-rld-2 v-a--p-l\">\n<div class=\"v-a-img-c\">\n<figure class=\"v-a-fig\">\n<a href=\"https:\/\/www.mujerhoy.com\/moda\/no-te-pierdas\/nuevo-sfera-basicos-tendencia-nueva-temporada-otono-20250826024656-nt.html#vtm_modulosEngag=mod-rel:moda:noticia:2:cmp:2-not\" class=\"v-a-link\" title=\"Las novedades de Sfera de la semana: vestidos estampados, camisas con bordados y zapatos c\u00f3modos\"><br \/>\n<img loading=\"lazy\" class=\"v-a-img\" src=\"http:\/\/cordobainforma.info\/wp-content\/uploads\/2025\/08\/como-llevar-la-camisa-blanca-esta-temporada-sin-caer-en-lo-clasico-8.jpg\" alt=\"Las novedades de Sfera de la semana: vestidos estampados, camisas con bordados y zapatos c\u00f3modos\"><br \/>\n<\/a><br \/>\n<\/figure>\n<\/div>\n<\/article>\n<\/div>\n<\/div>\n<\/div>\n<\/div>\n","protected":false},"excerpt":{"rendered":"<p>Pocas prendas pueden presumir de tener el estatus de icono que ostenta la camisa blanca. Ha pasado por los armarios de generaciones y ha acompa\u00f1ado a mujeres con estilos y edades muy diferentes, siempre con la misma premisa: elevar cualquier look con la sencillez de su tejido y la pureza de su color. Sin embargo, [&hellip;]<\/p>\n","protected":false},"author":1,"featured_media":166275,"comment_status":"closed","ping_status":"closed","sticky":false,"template":"","format":"standard","meta":[],"categories":[24],"tags":[],"_links":{"self":[{"href":"http:\/\/cordobainforma.info\/index.php\/wp-json\/wp\/v2\/posts\/166274"}],"collection":[{"href":"http:\/\/cordobainforma.info\/index.php\/wp-json\/wp\/v2\/posts"}],"about":[{"href":"http:\/\/cordobainforma.info\/index.php\/wp-json\/wp\/v2\/types\/post"}],"author":[{"embeddable":true,"href":"http:\/\/cordobainforma.info\/index.php\/wp-json\/wp\/v2\/users\/1"}],"replies":[{"embeddable":true,"href":"http:\/\/cordobainforma.info\/index.php\/wp-json\/wp\/v2\/comments?post=166274"}],"version-history":[{"count":0,"href":"http:\/\/cordobainforma.info\/index.php\/wp-json\/wp\/v2\/posts\/166274\/revisions"}],"wp:featuredmedia":[{"embeddable":true,"href":"http:\/\/cordobainforma.info\/index.php\/wp-json\/wp\/v2\/media\/166275"}],"wp:attachment":[{"href":"http:\/\/cordobainforma.info\/index.php\/wp-json\/wp\/v2\/media?parent=166274"}],"wp:term":[{"taxonomy":"category","embeddable":true,"href":"http:\/\/cordobainforma.info\/index.php\/wp-json\/wp\/v2\/categories?post=166274"},{"taxonomy":"post_tag","embeddable":true,"href":"http:\/\/cordobainforma.info\/index.php\/wp-json\/wp\/v2\/tags?post=166274"}],"curies":[{"name":"wp","href":"https:\/\/api.w.org\/{rel}","templated":true}]}}