{"id":166257,"date":"2025-08-27T15:10:42","date_gmt":"2025-08-27T15:10:42","guid":{"rendered":"https:\/\/laranchada.com.ar\/?p=267711"},"modified":"2025-08-27T15:10:42","modified_gmt":"2025-08-27T15:10:42","slug":"campana-solidaria-todos-por-galo","status":"publish","type":"post","link":"http:\/\/cordobainforma.info\/index.php\/2025\/08\/27\/campana-solidaria-todos-por-galo\/","title":{"rendered":"Campa\u00f1a solidaria: Todos por Galo"},"content":{"rendered":"<p><img src=\"https:\/\/laranchada.com.ar\/wp-content\/uploads\/2025\/08\/27-08-Yohana-1.mp3\"><\/p>\n<p>En di\u00e1logo con Radio La Ranchada, su mam\u00e1 Yohana cont\u00f3 que Galo naci\u00f3 prematuro de 34 semanas y sufri\u00f3 falta de ox\u00edgeno, lo que le dej\u00f3 secuelas neurol\u00f3gicas. \u201cA ra\u00edz de la pel\u00edcula de la periodista cordobesa B\u00e1rbara Anderson, \u2018Los dos hemisferios de Luca\u2019, nos conmovimos mucho y decidimos iniciar esta campa\u00f1a para que Galo pueda acceder al tratamiento\u201d, explic\u00f3.<\/p>\n<p>El protocolo, que se realiza en M\u00e9xico, tiene un costo de 35 mil d\u00f3lares solo por el tratamiento (sin contar estad\u00eda y vuelos) y dura 28 d\u00edas. \u201cConsiste en estimular la regeneraci\u00f3n de c\u00e9lulas del cerebro a trav\u00e9s de estimulaci\u00f3n electromagn\u00e9tica\u201d, detall\u00f3 Yohana.<\/p>\n<p>Para recaudar fondos, la familia organiza distintas actividades solidarias: polladas, locreadas, rifas y ferias de artesanos. Adem\u00e1s, quienes no puedan asistir de manera presencial pueden colaborar econ\u00f3micamente a trav\u00e9s de transferencias. \u201cEl alias m\u00e1s usado es todos.por.galo en Mercado Pago. Tambi\u00e9n nos pueden encontrar en Instagram como @todos_porgalo, donde compartimos cada actividad y forma de ayudar\u201d, agreg\u00f3 la mam\u00e1 del peque\u00f1o.<\/p>\n<p>Finalmente, Yohana resalt\u00f3 la importancia de difundir la historia: \u201cLa difusi\u00f3n es lo m\u00e1s importante. Compartiendo en redes sociales tambi\u00e9n nos ayudan un mont\u00f3n\u201d. Para colaborar, se puede transferir al alias <strong>todos.por.galo<\/strong> a nombre de Yohana Carignano de Mercado Pago. Tambi\u00e9n se puede aportar a la cuenta bancarizada de Bancor con el alias PALETA.CAUCHO.DIARIO<\/p>\n<figure class=\"wp-block-image aligncenter is-resized\"><img decoding=\"async\" src=\"http:\/\/cordobainforma.info\/wp-content\/uploads\/2025\/08\/campana-solidaria-todos-por-galo.png\" alt><\/figure>\n<p><em><strong>Escuch\u00e1 la nota completa con Yohana Carignano ac\u00e1: <\/strong><\/em><\/p>\n<figure class=\"wp-block-audio\"><audio controls src=\"https:\/\/laranchada.com.ar\/wp-content\/uploads\/2025\/08\/27-08-Yohana-1.mp3\"><\/audio><\/figure>\n","protected":false},"excerpt":{"rendered":"<p>En di\u00e1logo con Radio La Ranchada, su mam\u00e1 Yohana cont\u00f3 que Galo naci\u00f3 prematuro de 34 semanas y sufri\u00f3 falta de ox\u00edgeno, lo que le dej\u00f3 secuelas neurol\u00f3gicas. \u201cA ra\u00edz de la pel\u00edcula de la periodista cordobesa B\u00e1rbara Anderson, \u2018Los dos hemisferios de Luca\u2019, nos conmovimos mucho y decidimos iniciar esta campa\u00f1a para que Galo [&hellip;]<\/p>\n","protected":false},"author":1,"featured_media":166258,"comment_status":"open","ping_status":"closed","sticky":false,"template":"","format":"standard","meta":[],"categories":[23,2],"tags":[],"_links":{"self":[{"href":"http:\/\/cordobainforma.info\/index.php\/wp-json\/wp\/v2\/posts\/166257"}],"collection":[{"href":"http:\/\/cordobainforma.info\/index.php\/wp-json\/wp\/v2\/posts"}],"about":[{"href":"http:\/\/cordobainforma.info\/index.php\/wp-json\/wp\/v2\/types\/post"}],"author":[{"embeddable":true,"href":"http:\/\/cordobainforma.info\/index.php\/wp-json\/wp\/v2\/users\/1"}],"replies":[{"embeddable":true,"href":"http:\/\/cordobainforma.info\/index.php\/wp-json\/wp\/v2\/comments?post=166257"}],"version-history":[{"count":0,"href":"http:\/\/cordobainforma.info\/index.php\/wp-json\/wp\/v2\/posts\/166257\/revisions"}],"wp:featuredmedia":[{"embeddable":true,"href":"http:\/\/cordobainforma.info\/index.php\/wp-json\/wp\/v2\/media\/166258"}],"wp:attachment":[{"href":"http:\/\/cordobainforma.info\/index.php\/wp-json\/wp\/v2\/media?parent=166257"}],"wp:term":[{"taxonomy":"category","embeddable":true,"href":"http:\/\/cordobainforma.info\/index.php\/wp-json\/wp\/v2\/categories?post=166257"},{"taxonomy":"post_tag","embeddable":true,"href":"http:\/\/cordobainforma.info\/index.php\/wp-json\/wp\/v2\/tags?post=166257"}],"curies":[{"name":"wp","href":"https:\/\/api.w.org\/{rel}","templated":true}]}}