{"id":166217,"date":"2025-08-27T18:00:04","date_gmt":"2025-08-27T18:00:04","guid":{"rendered":"https:\/\/somoscordobeses.com\/2025\/08\/27\/guillermo-francos-aseguro-que-el-escandalo-de-las-coimas-fue-una-operacion-politica\/"},"modified":"2025-08-27T18:00:04","modified_gmt":"2025-08-27T18:00:04","slug":"guillermo-francos-aseguro-que-el-escandalo-de-las-coimas-fue-una-operacion-politica","status":"publish","type":"post","link":"http:\/\/cordobainforma.info\/index.php\/2025\/08\/27\/guillermo-francos-aseguro-que-el-escandalo-de-las-coimas-fue-una-operacion-politica\/","title":{"rendered":"Guillermo Francos asegur\u00f3 que el esc\u00e1ndalo de las coimas \u00abfue una operaci\u00f3n pol\u00edtica"},"content":{"rendered":"<div><img src=\"http:\/\/cordobainforma.info\/wp-content\/uploads\/2025\/08\/guillermo-francos-aseguro-que-el-escandalo-de-las-coimas-fue-una-operacion-politica.jpg\" class=\"ff-og-image-inserted\"><\/div>\n<p>El jefe de Gabinete, <strong>Guillermo Francos<\/strong>, defendi\u00f3 la gesti\u00f3n del Gobierno en la <strong>C\u00e1mara de Diputados<\/strong> y asegur\u00f3 que los audios que salpicaron al ex titular de la Agencia Nacional de Discapacidad (ANDIS), Diego Spagnuolo, fueron parte de una \u201cmaniobra pol\u00edtica\u201d.&nbsp;<\/p>\n<p>En ese sentido, el funcionario anunci\u00f3 que <strong>el organismo ser\u00e1 auditado<\/strong> y que se revisar\u00e1 todo el sistema de compras y contrataciones.<\/p>\n<p>&nbsp;\u201cSe orquest\u00f3 una operaci\u00f3n pol\u00edtica con audios que no tienen fundamentos. Vamos a responder con transparencia y respetando la divisi\u00f3n de poderes, algo que en otras etapas no se hizo\u201d, remarc\u00f3.<\/p>\n<p>Francos tambi\u00e9n se\u00f1al\u00f3 que, mientras el Congreso aprobaba la <strong>Ley de Emergencia en Discapacidad<\/strong>, que requiere recursos que el Estado hoy no tiene, se difundieron esas grabaciones: \u201cLa difamaci\u00f3n de funcionarios y las leyes que quiebran el equilibrio fiscal son parte del mismo patr\u00f3n: <strong>la presi\u00f3n de un peque\u00f1o grupo que en esta nueva Argentina ya no tiene lugar<\/strong>\u201d, sostuvo.<\/p>\n<p><mark>En paralelo,<strong> Francos <\/strong>confirm\u00f3 que <strong>Spagnuolo<\/strong> fue removido y que se inici\u00f3 una auditor\u00eda profunda en la agencia.<\/mark><\/p>\n<p>En otro tramo de su informe, se refiri\u00f3 a la crisis por el fentanilo contaminado. Dijo que se trata de <strong>\u201cuna cat\u00e1strofe sanitaria\u201d <\/strong>que ya est\u00e1 en manos de la Justicia. Adem\u00e1s, asegur\u00f3 que el Ministerio de Salud impuls\u00f3 la investigaci\u00f3n tras una denuncia de la ANMAT y que el Instituto Malbr\u00e1n participa como perito central.<\/p>\n<p>Adem\u00e1s, Salud abri\u00f3 un sumario administrativo y desplaz\u00f3 de forma preventiva a la directora del Instituto Nacional de Medicamentos (INAME), tras detectar demoras \u201cinjustificadas\u201d en los controles al laboratorio implicado.<\/p>\n","protected":false},"excerpt":{"rendered":"<p>El jefe de Gabinete, Guillermo Francos, defendi\u00f3 la gesti\u00f3n del Gobierno en la C\u00e1mara de Diputados y asegur\u00f3 que los audios que salpicaron al ex titular de la Agencia Nacional de Discapacidad (ANDIS), Diego Spagnuolo, fueron parte de una \u201cmaniobra pol\u00edtica\u201d.&nbsp; En ese sentido, el funcionario anunci\u00f3 que el organismo ser\u00e1 auditado y que se [&hellip;]<\/p>\n","protected":false},"author":1,"featured_media":166218,"comment_status":"closed","ping_status":"closed","sticky":false,"template":"","format":"standard","meta":[],"categories":[2],"tags":[],"_links":{"self":[{"href":"http:\/\/cordobainforma.info\/index.php\/wp-json\/wp\/v2\/posts\/166217"}],"collection":[{"href":"http:\/\/cordobainforma.info\/index.php\/wp-json\/wp\/v2\/posts"}],"about":[{"href":"http:\/\/cordobainforma.info\/index.php\/wp-json\/wp\/v2\/types\/post"}],"author":[{"embeddable":true,"href":"http:\/\/cordobainforma.info\/index.php\/wp-json\/wp\/v2\/users\/1"}],"replies":[{"embeddable":true,"href":"http:\/\/cordobainforma.info\/index.php\/wp-json\/wp\/v2\/comments?post=166217"}],"version-history":[{"count":0,"href":"http:\/\/cordobainforma.info\/index.php\/wp-json\/wp\/v2\/posts\/166217\/revisions"}],"wp:featuredmedia":[{"embeddable":true,"href":"http:\/\/cordobainforma.info\/index.php\/wp-json\/wp\/v2\/media\/166218"}],"wp:attachment":[{"href":"http:\/\/cordobainforma.info\/index.php\/wp-json\/wp\/v2\/media?parent=166217"}],"wp:term":[{"taxonomy":"category","embeddable":true,"href":"http:\/\/cordobainforma.info\/index.php\/wp-json\/wp\/v2\/categories?post=166217"},{"taxonomy":"post_tag","embeddable":true,"href":"http:\/\/cordobainforma.info\/index.php\/wp-json\/wp\/v2\/tags?post=166217"}],"curies":[{"name":"wp","href":"https:\/\/api.w.org\/{rel}","templated":true}]}}