{"id":166174,"date":"2025-08-27T05:52:30","date_gmt":"2025-08-27T05:52:30","guid":{"rendered":"https:\/\/www.mujerhoy.com\/vivir\/decoracion\/marta-ortega-zara-home-inspiracion-nueva-coleccion-decoracion-casa-impresionante-paris-20250827123215-nt.html"},"modified":"2025-08-27T05:52:30","modified_gmt":"2025-08-27T05:52:30","slug":"la-inspiracion-de-marta-ortega-que-no-vimos-venir-la-nueva-coleccion-de-zara-home-que-va-a-arrasar-en-septiembre","status":"publish","type":"post","link":"http:\/\/cordobainforma.info\/index.php\/2025\/08\/27\/la-inspiracion-de-marta-ortega-que-no-vimos-venir-la-nueva-coleccion-de-zara-home-que-va-a-arrasar-en-septiembre\/","title":{"rendered":"La inspiraci\u00f3n de Marta Ortega que no vimos venir: la nueva colecci\u00f3n de Zara Home que va a arrasar en septiembre"},"content":{"rendered":"<div class=\"media_block\"><\/div>\n<p><!-- AUTHOR --><\/p>\n<div class=\"voc-author-timesocial \">\n<!-- AUTHOR --><\/p>\n<div class=\"voc-author-timesocial__signature \">\n<!-- IMAGE AUTHOR -->\n<picture class=\"voc-image-signature\">\n<img class=\"voc-image-signature__img\" src=\"http:\/\/cordobainforma.info\/wp-content\/uploads\/2025\/08\/la-inspiracion-de-marta-ortega-que-no-vimos-venir-la-nueva-coleccion-de-zara-home-que-va-a-arrasar-en-septiembre.jpg\" alt=\"Ana Calvo\">\n<\/picture>\n<!-- INFO AUTHOR --><\/p>\n<div class=\"voc-author-timesocial__info\" data-mrf-recirculation=\"Autor\">\n<div class=\"voc-author-info\">\n<author><br \/>\n<a class=\"voc-author\" href=\"https:\/\/www.mujerhoy.com\/autor\/ana-calvo-1186.html\">Ana Calvo<\/a><br \/>\n<\/author><br \/>\n<!-- TIME --><br \/>\n<time datetime=\"2025-08-27T05:52:30Z\" data-timestamp><br \/>\nPublicado \u00b7 <span data-voc-date-modified-short> 27 de agosto de 2025, 07:52 h <\/span><br \/>\n<\/time>\n<\/div>\n<\/div>\n<\/div><\/div>\n<p><!-- COMPONENTS --><\/p>\n<p class=\"voc-paragraph\"><a href=\"https:\/\/www.mujerhoy.com\/vivir\/decoracion\/favoritos-marta-ortega-muebles-mas-bonitos-historia-zara-home-20250721150324-nt.html\" title=\"www.mujerhoy.com\" data-voc-vtm-id=\"in-text-traffic\" data-mrf-link=\"www.mujerhoy.com\">Marta Ortega y Zara Home<\/a> lo han vuelto a hacer. La presidenta de Inditex lleva varias temporadas dejando impreso su sello personal y su delicado gusto art\u00edstico en las colecciones de la divisi\u00f3n deco del grupo. Pero con <strong>su \u00faltimo lanzamiento<\/strong>, centrado en la papeler\u00eda y la vuelta a la oficina, se ha superado.<\/p>\n<p class=\"voc-paragraph\">La impronta de <a href=\"https:\/\/www.mujerhoy.com\/vivir\/decoracion\/favoritos-marta-ortega-zara-home-muebles-preciosos-nueva-coleccion-20250217145926-nt.html\" title=\"www.mujerhoy.com\" data-voc-vtm-id=\"in-text-traffic\" data-mrf-link=\"www.mujerhoy.com\">Marta Ortega en las colecciones deco de Zara Home<\/a> es m\u00e1s que evidente y est\u00e1 marcada por la influencia art\u00edstica de grandes nombres del dise\u00f1o internacional. Lo hemos visto con sus c\u00e1psulas firmadas por Vincet van Duysen, la artista china <a href=\"https:\/\/www.mujerhoy.com\/vivir\/decoracion\/favoritos-marta-ortega-zara-home-muebles-preciosos-nueva-coleccion-20250217145926-nt.html\" title=\"www.mujerhoy.com\" data-voc-vtm-id=\"in-text-traffic\" data-mrf-link=\"www.mujerhoy.com\">Fanglu Lin<\/a> o sus colaboraciones con La Collagerie. Pero <strong>con Le Corbusier no lo vimos venir<\/strong>. O s\u00ed.<\/p>\n<div class=\"v-c-cmp v-c-cmp--t1 \">\n<div class=\"v-cmp-rld v-cmp-rld--2 \">\n<div class=\"v-cnt-m v-cnt-m--m\">\n<div class=\"v-cnt-m__c\">\n<div class=\"v-cnt-m__w v-cnt-m__w--1\">\n<p class=\"v-cnt-m__t\">\nTAMBI\u00c9N TE INTERESA\n<\/p>\n<\/div>\n<\/div>\n<\/div>\n<div class=\"v-g v-g--2-c v-g--bdr-min-xs\">\n<div class=\"v-g__c \">\n<article class=\"v-a v-a--cmp-rld v-a--cmp-rld-2 v-a--p-l\">\n<div class=\"v-a-img-c\">\n<figure class=\"v-a-fig\">\n<a href=\"https:\/\/www.mujerhoy.com\/vivir\/decoracion\/zara-home-favoritos-nueva-coleccion-verano-casa-bonita-20250808152142-nt.html#vtm_modulosEngag=mod-rel:vivir:noticia:1:cmp:2-not\" class=\"v-a-link\" title=\"Nuestros favoritos de la nueva colecci\u00f3n de Zara Home x Collagerie\"><br \/>\n<img loading=\"lazy\" class=\"v-a-img\" src=\"http:\/\/cordobainforma.info\/wp-content\/uploads\/2025\/08\/la-inspiracion-de-marta-ortega-que-no-vimos-venir-la-nueva-coleccion-de-zara-home-que-va-a-arrasar-en-septiembre-1.jpg\" alt=\"Nuestros favoritos de la nueva colecci\u00f3n de Zara Home x Collagerie\"><br \/>\n<\/a><br \/>\n<\/figure>\n<\/div>\n<\/article>\n<\/div>\n<div class=\"v-g__c \">\n<article class=\"v-a v-a--cmp-rld v-a--cmp-rld-2 v-a--p-l\">\n<div class=\"v-a-img-c\">\n<figure class=\"v-a-fig\">\n<a href=\"https:\/\/www.mujerhoy.com\/vivir\/decoracion\/nueva-coleccion-zara-home-favoritos-decoracion-preciosa-inspiracion-casa-estilo-mediterraneo-20250605135608-nt.html#vtm_modulosEngag=mod-rel:vivir:noticia:2:cmp:2-not\" class=\"v-a-link\" title=\"La nueva colecci\u00f3n de Zara Home est\u00e1 inspirada en una preciosa villa italiana y estos son nuestros favoritos\"><br \/>\n<img loading=\"lazy\" class=\"v-a-img\" src=\"http:\/\/cordobainforma.info\/wp-content\/uploads\/2025\/08\/la-inspiracion-de-marta-ortega-que-no-vimos-venir-la-nueva-coleccion-de-zara-home-que-va-a-arrasar-en-septiembre-2.jpg\" alt=\"La nueva colecci\u00f3n de Zara Home est\u00e1 inspirada en una preciosa villa italiana y estos son nuestros favoritos\"><br \/>\n<\/a><br \/>\n<\/figure>\n<\/div>\n<\/article>\n<\/div>\n<\/div>\n<\/div>\n<\/div>\n<p class=\"voc-paragraph\">En la junta general de accionistas de Inditex en la que se celebr\u00f3 el pasado mes de junio el 50\u00ba aniversario de la primera tienda de Zara, <a href=\"https:\/\/www.mujerhoy.com\/celebrities\/marta-ortega-habla-de-su-padre-amancio-zara-inditex-20250717115509-nt.html\" title=\"www.mujerhoy.com\" data-voc-vtm-id=\"in-text-traffic\" data-mrf-link=\"www.mujerhoy.com\">Marta Ortega homenaje\u00f3 a su padre<\/a> diciendo que el \u00abse\u00f1or Ortega\u00bb tuvo \u00abun gran sue\u00f1o, valiente\u00bb a base de una \u00abidea distinta de hacer las cosas\u00bb gracias al \u00ab<strong>dise\u00f1o, la calidad y la cercan\u00eda<\/strong>\u00bb y record\u00f3 que lo suyo \u00abno se trataba solo de vender ropa, sino de entender a las personas\u00bb.<\/p>\n<p class=\"voc-paragraph\">En su posici\u00f3n de capitana del gran transatl\u00e1ntico que es Inditex, Marta Ortega ha llevado un paso (o mil) m\u00e1s all\u00e1 esa vocaci\u00f3n de distinguirse a la hora de hacer las cosas basada en la calidad y el dise\u00f1o. Y ha hecho de Zara Home su gran buque insignia, en el que mejor <strong>vuelca esa vocaci\u00f3n por el arte<\/strong> que tan bien refleja en su fundaci\u00f3n, The Mop Fundation.<\/p>\n<div class=\"v-c-cmp v-c-cmp--s\">\n<div class=\"v-cmp-m \">\n<article class=\"v-a v-a--cmp-m v-c-cmp--m-z\">\n<div class=\"v-a-img-c \">\n<div class=\"v-a-fig\">\n<button class=\"v-a-link\" popovertarget=\"photo-800\"><br \/>\n<img loading=\"lazy\" src=\"http:\/\/cordobainforma.info\/wp-content\/uploads\/2025\/08\/la-inspiracion-de-marta-ortega-que-no-vimos-venir-la-nueva-coleccion-de-zara-home-que-va-a-arrasar-en-septiembre-3.jpg\" class=\"v-a-img\" width=\"650\" height=\"650\" alt=\"La Maison-Atelier Ozenfant, de Le Corbusier, ha servido de escenario e inspiraci\u00f3n para la nueva colecci\u00f3n de papeler\u00eda de Zara Home.\" data-voc-vtm-id=\"in-text-traffic\"> <\/button><figcaption class=\"v-fc\">\n<span class=\"v-fc__t\"><br \/>\nLa Maison-Atelier Ozenfant, de Le Corbusier, ha servido de escenario e inspiraci\u00f3n para la nueva colecci\u00f3n de papeler\u00eda de Zara Home.<br \/>\n<\/span><br \/>\n<\/figcaption><\/div>\n<\/div>\n<div id=\"photo-800\" popover class=\"v-mdl v-mdl--fw\">\n<button class=\"v-x\" popovertarget=\"photo-800\" popovertargetaction=\"hide\"><br \/>\n<span class=\"v-i\"><br \/>\n<svg width=\"24\" height=\"23.996\" viewBox=\"0 0 24 23.996\">\n<path data-name=\"Uni\u00f3n 29\" d=\"M12,14.03,2.031,24,0,21.963,9.968,12,0,2.033,2.031,0,12,9.966,21.969,0,24,2.033,14.032,12,24,21.963,21.969,24Z\" \/>\n<\/svg><br \/>\n<\/span><br \/>\n<\/button><\/p>\n<div class=\"v-mdl__c\">\n<div class=\"v-mdl__w\">\n<img loading=\"lazy\" src=\"http:\/\/cordobainforma.info\/wp-content\/uploads\/2025\/08\/la-inspiracion-de-marta-ortega-que-no-vimos-venir-la-nueva-coleccion-de-zara-home-que-va-a-arrasar-en-septiembre-3.jpg\" class=\"v-mdl__img-z\" width=\"650\" height=\"650\" alt>\n<\/div>\n<\/div>\n<\/div>\n<p><span class=\"v-bdp\"><\/span><br \/>\n<\/article>\n<\/div>\n<\/div>\n<p><h3 class=\"v-cmp-suh\">\nLa colecci\u00f3n m\u00e1s art\u00edstica de Zara Home<br \/>\n<\/h3>\n<\/p>\n<p class=\"voc-paragraph\">Est\u00e1 claro que que una firma de decoraci\u00f3n lance una colecci\u00f3n de papeler\u00eda y oficina cuando la rentr\u00e9e est\u00e1 a la vuelta de la esquina no es nada novedoso ni sorprendente. Pero que esa colecci\u00f3n est\u00e9 inspirada en una de las obras maestras de Le Corbusier como es <strong>la Maison-Atelier Ozenfant<\/strong> es de aut\u00e9ntica genio.<\/p>\n<p class=\"voc-paragraph\">Seg\u00fan describen desde <strong>Zara Home esta nueva colecci\u00f3n<\/strong> que incluye una selecci\u00f3n de cuadernos, l\u00e1pices y accesorios de oficina, pero tambi\u00e9n muebles como escritorios o sillas de despacho, se trata de \u00abuna propuesta esencial de l\u00edneas precisas donde la funci\u00f3n gu\u00eda la forma\u00bb. Purismo en versi\u00f3n siglo XXI.<\/p>\n<div class=\"v-c-cmp v-c-cmp--s\">\n<div class=\"v-cmp-m \">\n<article class=\"v-a v-a--cmp-m v-c-cmp--m-z\">\n<div class=\"v-a-img-c \">\n<div class=\"v-a-fig\">\n<button class=\"v-a-link\" popovertarget=\"photo-511\"><br \/>\n<img loading=\"lazy\" src=\"http:\/\/cordobainforma.info\/wp-content\/uploads\/2025\/08\/la-inspiracion-de-marta-ortega-que-no-vimos-venir-la-nueva-coleccion-de-zara-home-que-va-a-arrasar-en-septiembre-4.jpg\" class=\"v-a-img\" width=\"650\" height=\"650\" alt=\"Piezas de escritorio de la nueva colecci\u00f3n de papeler\u00eda de Zara Home.\" data-voc-vtm-id=\"in-text-traffic\"> <\/button><figcaption class=\"v-fc\">\n<span class=\"v-fc__t\"><br \/>\nPiezas de escritorio de la nueva colecci\u00f3n de papeler\u00eda de Zara Home.<br \/>\n<\/span><br \/>\n<span class=\"v-fc__p\"><br \/>\nZARA HOME<br \/>\n<\/span><br \/>\n<\/figcaption><\/div>\n<\/div>\n<div id=\"photo-511\" popover class=\"v-mdl v-mdl--fw\">\n<button class=\"v-x\" popovertarget=\"photo-511\" popovertargetaction=\"hide\"><br \/>\n<span class=\"v-i\"><br \/>\n<svg width=\"24\" height=\"23.996\" viewBox=\"0 0 24 23.996\">\n<path data-name=\"Uni\u00f3n 29\" d=\"M12,14.03,2.031,24,0,21.963,9.968,12,0,2.033,2.031,0,12,9.966,21.969,0,24,2.033,14.032,12,24,21.963,21.969,24Z\" \/>\n<\/svg><br \/>\n<\/span><br \/>\n<\/button><\/p>\n<div class=\"v-mdl__c\">\n<div class=\"v-mdl__w\">\n<img loading=\"lazy\" src=\"http:\/\/cordobainforma.info\/wp-content\/uploads\/2025\/08\/la-inspiracion-de-marta-ortega-que-no-vimos-venir-la-nueva-coleccion-de-zara-home-que-va-a-arrasar-en-septiembre-4.jpg\" class=\"v-mdl__img-z\" width=\"650\" height=\"650\" alt>\n<\/div>\n<\/div>\n<\/div>\n<p><span class=\"v-bdp\"><\/span><br \/>\n<\/article>\n<\/div>\n<\/div>\n<p class=\"voc-paragraph\">Y es que es ah\u00ed, precisamente, donde un siglo despu\u00e9s se materializa esta corriente que definieron Le Corbusier y Am\u00e9d\u00e9e Ozenfant en la obra Apr\u00e8s le cubisme, en 1918 y que se basaba en una b\u00fasqueda de la la esencia y la pureza formal, eliminando la ornamentaci\u00f3n innecesaria y <strong>enfatizando la simplicidad, la funcionalidad<\/strong> y la armon\u00eda de las formas geom\u00e9tricas.<\/p>\n<p class=\"voc-paragraph\">Esta hist\u00f3rica construcci\u00f3n que ahora sirve de <strong>inspiraci\u00f3n para la nueva colecci\u00f3n de Zara Home<\/strong> y ha sido el escenario donde se ha fotografiado la campa\u00f1a est\u00e1 situada cerca del Parque Montsouris de Par\u00eds y se concibi\u00f3 como estudio y hogar del pintor Ozenfant. Adem\u00e1s, fue la primera vivienda que Le Corbusier dise\u00f1\u00f3, junto con Pierre Jeanneret, en la capital francesa y tambi\u00e9n una de las primeras casas de estilo purista.<\/p>\n<div class=\"v-c-cmp v-c-cmp--s\">\n<div class=\"v-cmp-m \">\n<article class=\"v-a v-a--cmp-m v-c-cmp--m-z\">\n<div class=\"v-a-img-c \">\n<div class=\"v-a-fig\">\n<button class=\"v-a-link\" popovertarget=\"photo-580\"><br \/>\n<img loading=\"lazy\" src=\"http:\/\/cordobainforma.info\/wp-content\/uploads\/2025\/08\/la-inspiracion-de-marta-ortega-que-no-vimos-venir-la-nueva-coleccion-de-zara-home-que-va-a-arrasar-en-septiembre-5.jpg\" class=\"v-a-img\" width=\"650\" height=\"650\" alt=\"La Maison-Atelier Ozenfant es la primera casa purista de Par\u00eds, la corrieste est\u00e9tica que teorizaron e hicieron realidad Le Corbusier y Am\u00e9d\u00e9e Ozenfant.\" data-voc-vtm-id=\"in-text-traffic\"> <\/button><figcaption class=\"v-fc\">\n<span class=\"v-fc__t\"><br \/>\nLa Maison-Atelier Ozenfant es la primera casa purista de Par\u00eds, la corrieste est\u00e9tica que teorizaron e hicieron realidad Le Corbusier y Am\u00e9d\u00e9e Ozenfant.<br \/>\n<\/span><br \/>\n<span class=\"v-fc__p\"><br \/>\nZARA HOME<br \/>\n<\/span><br \/>\n<\/figcaption><\/div>\n<\/div>\n<div id=\"photo-580\" popover class=\"v-mdl v-mdl--fw\">\n<button class=\"v-x\" popovertarget=\"photo-580\" popovertargetaction=\"hide\"><br \/>\n<span class=\"v-i\"><br \/>\n<svg width=\"24\" height=\"23.996\" viewBox=\"0 0 24 23.996\">\n<path data-name=\"Uni\u00f3n 29\" d=\"M12,14.03,2.031,24,0,21.963,9.968,12,0,2.033,2.031,0,12,9.966,21.969,0,24,2.033,14.032,12,24,21.963,21.969,24Z\" \/>\n<\/svg><br \/>\n<\/span><br \/>\n<\/button><\/p>\n<div class=\"v-mdl__c\">\n<div class=\"v-mdl__w\">\n<img loading=\"lazy\" src=\"http:\/\/cordobainforma.info\/wp-content\/uploads\/2025\/08\/la-inspiracion-de-marta-ortega-que-no-vimos-venir-la-nueva-coleccion-de-zara-home-que-va-a-arrasar-en-septiembre-5.jpg\" class=\"v-mdl__img-z\" width=\"650\" height=\"650\" alt>\n<\/div>\n<\/div>\n<\/div>\n<p><span class=\"v-bdp\"><\/span><br \/>\n<\/article>\n<\/div>\n<\/div>\n<p class=\"voc-paragraph\">Construida entre 1922 y 1924, el edificio de <strong>la Maison-Atelier Ozenfant<\/strong> integra vivienda y taller en un dise\u00f1o vanguardista y pionero concebido para que la luz sea la verdadera protagonista. \u00abLa casa forma un paralelep\u00edpedo compuesto por una estructura de hormig\u00f3n armado con losas de suelo y postes de carga que permiten la apertura de amplios ventanales y ventanales. Los cobertizos acristalados, construidos en la cubierta al estilo de las zonas industriales, tambi\u00e9n proporcionan luz\u00bb, definen desde la Fondation Le Corbusier.<\/p>\n<div class=\"v-c-cmp v-c-cmp--t1 \">\n<div class=\"v-cmp-rld v-cmp-rld--2 \">\n<div class=\"v-cnt-m v-cnt-m--m\">\n<div class=\"v-cnt-m__c\">\n<div class=\"v-cnt-m__w v-cnt-m__w--1\">\n<p class=\"v-cnt-m__t\">\nTAMBI\u00c9N TE INTERESA\n<\/p>\n<\/div>\n<\/div>\n<\/div>\n<div class=\"v-g v-g--2-c v-g--bdr-min-xs\">\n<div class=\"v-g__c \">\n<article class=\"v-a v-a--cmp-rld v-a--cmp-rld-2 v-a--p-l\">\n<div class=\"v-a-img-c\">\n<figure class=\"v-a-fig\">\n<a href=\"https:\/\/www.mujerhoy.com\/celebrities\/marta-ortega-amancio-zara-ataque-millonarios-reino-unido-polemica-impuestos-20250811230219-nt.html#vtm_modulosEngag=mod-rel:vivir:noticia:1:cmp:2-not\" class=\"v-a-link\" title=\"Por qu\u00e9 temen los millonarios ingleses a Amancio Ortega: los negocios en Reino Unido que hereder\u00e1 Marta Ortega\"><br \/>\n<img loading=\"lazy\" class=\"v-a-img\" src=\"http:\/\/cordobainforma.info\/wp-content\/uploads\/2025\/08\/la-inspiracion-de-marta-ortega-que-no-vimos-venir-la-nueva-coleccion-de-zara-home-que-va-a-arrasar-en-septiembre-6.jpg\" alt=\"Por qu\u00e9 temen los millonarios ingleses a Amancio Ortega: los negocios en Reino Unido que hereder\u00e1 Marta Ortega\"><br \/>\n<\/a><br \/>\n<\/figure>\n<\/div>\n<\/article>\n<\/div>\n<div class=\"v-g__c \">\n<article class=\"v-a v-a--cmp-rld v-a--cmp-rld-2 v-a--p-l\">\n<div class=\"v-a-img-c\">\n<figure class=\"v-a-fig\">\n<a href=\"https:\/\/www.mujerhoy.com\/vivir\/ocio\/camarinas-pueblo-costa-morte-galicia-curiosa-relacion-marta-ortega-20250807202904-nt.html#vtm_modulosEngag=mod-rel:vivir:noticia:2:cmp:2-not\" class=\"v-a-link\" title=\"El pueblo de la Costa da Morte que tiene una curiosa relaci\u00f3n con Marta Ortega: estampa marinera, un artista anacoreta, un faro ic\u00f3nico y el encaje de bolillos\"><br \/>\n<img loading=\"lazy\" class=\"v-a-img\" src=\"http:\/\/cordobainforma.info\/wp-content\/uploads\/2025\/08\/la-inspiracion-de-marta-ortega-que-no-vimos-venir-la-nueva-coleccion-de-zara-home-que-va-a-arrasar-en-septiembre-7.jpg\" alt=\"El pueblo de la Costa da Morte que tiene una curiosa relaci\u00f3n con Marta Ortega: estampa marinera, un artista anacoreta, un faro ic\u00f3nico y el encaje de bolillos\"><br \/>\n<\/a><br \/>\n<\/figure>\n<\/div>\n<\/article>\n<\/div>\n<\/div>\n<\/div>\n<\/div>\n","protected":false},"excerpt":{"rendered":"<p>Ana Calvo Publicado \u00b7 27 de agosto de 2025, 07:52 h Marta Ortega y Zara Home lo han vuelto a hacer. La presidenta de Inditex lleva varias temporadas dejando impreso su sello personal y su delicado gusto art\u00edstico en las colecciones de la divisi\u00f3n deco del grupo. Pero con su \u00faltimo lanzamiento, centrado en la [&hellip;]<\/p>\n","protected":false},"author":1,"featured_media":166175,"comment_status":"open","ping_status":"closed","sticky":false,"template":"","format":"standard","meta":[],"categories":[18],"tags":[],"_links":{"self":[{"href":"http:\/\/cordobainforma.info\/index.php\/wp-json\/wp\/v2\/posts\/166174"}],"collection":[{"href":"http:\/\/cordobainforma.info\/index.php\/wp-json\/wp\/v2\/posts"}],"about":[{"href":"http:\/\/cordobainforma.info\/index.php\/wp-json\/wp\/v2\/types\/post"}],"author":[{"embeddable":true,"href":"http:\/\/cordobainforma.info\/index.php\/wp-json\/wp\/v2\/users\/1"}],"replies":[{"embeddable":true,"href":"http:\/\/cordobainforma.info\/index.php\/wp-json\/wp\/v2\/comments?post=166174"}],"version-history":[{"count":0,"href":"http:\/\/cordobainforma.info\/index.php\/wp-json\/wp\/v2\/posts\/166174\/revisions"}],"wp:featuredmedia":[{"embeddable":true,"href":"http:\/\/cordobainforma.info\/index.php\/wp-json\/wp\/v2\/media\/166175"}],"wp:attachment":[{"href":"http:\/\/cordobainforma.info\/index.php\/wp-json\/wp\/v2\/media?parent=166174"}],"wp:term":[{"taxonomy":"category","embeddable":true,"href":"http:\/\/cordobainforma.info\/index.php\/wp-json\/wp\/v2\/categories?post=166174"},{"taxonomy":"post_tag","embeddable":true,"href":"http:\/\/cordobainforma.info\/index.php\/wp-json\/wp\/v2\/tags?post=166174"}],"curies":[{"name":"wp","href":"https:\/\/api.w.org\/{rel}","templated":true}]}}