{"id":166172,"date":"2025-08-27T11:56:06","date_gmt":"2025-08-27T11:56:06","guid":{"rendered":"https:\/\/www.mujerhoy.com\/moda\/tendencias\/pantalones-vaqueros-tendencia-jeans-otono-2025-barrel-20250827012130-nt.html"},"modified":"2025-08-27T11:56:06","modified_gmt":"2025-08-27T11:56:06","slug":"ni-bombachos-ni-wide-leg-los-jeans-que-se-llevaran-este-otono-son-los-barrel","status":"publish","type":"post","link":"http:\/\/cordobainforma.info\/index.php\/2025\/08\/27\/ni-bombachos-ni-wide-leg-los-jeans-que-se-llevaran-este-otono-son-los-barrel\/","title":{"rendered":"Ni bombachos ni wide leg, los jeans que se llevar\u00e1n este oto\u00f1o son los barrel"},"content":{"rendered":"<div class=\"media_block\"><\/div>\n<p><!-- AUTHOR --><\/p>\n<div class=\"voc-author-timesocial \">\n<!-- AUTHOR --><\/p>\n<div class=\"voc-author-timesocial__signature \">\n<!-- IMAGE AUTHOR -->\n<picture class=\"voc-image-signature\">\n<img class=\"voc-image-signature__img\" src=\"http:\/\/cordobainforma.info\/wp-content\/uploads\/2025\/08\/ni-bombachos-ni-wide-leg-los-jeans-que-se-llevaran-este-otono-son-los-barrel.jpg\" alt=\"Raquel Rodr\u00edguez\">\n<\/picture>\n<!-- INFO AUTHOR --> <\/div><\/div>\n<p><!-- COMPONENTS --><\/p>\n<p class=\"voc-paragraph\">Si hablamos de <strong>prendas imprescindibles para el oto\u00f1o<\/strong>, hay una que cada a\u00f1o regresa y a la que todas recurrimos en cualquier momento: el<a href=\"https:\/\/www.mujerhoy.com\/moda\/no-te-pierdas\/mejores-vaqueros-primavera-sientan-bien-todas-20250506171659-nt.html\" title=\"www.mujerhoy.com\" data-voc-vtm-id=\"in-text-traffic\" data-mrf-link=\"www.mujerhoy.com\"> pantal\u00f3n vaquero<\/a>. Sabemos que no se trata de una tendencia pasajera, sino de una pieza atemporal que sirve para casi todo y se adapta a todos los gustos y estilos. Lo que cambia, sin embargo, es que cada temporada <strong>destaca un modelo o dise\u00f1o diferente<\/strong>, y hoy queremos hablarte de la opci\u00f3n que no puedes dejar escapar en el oto\u00f1o de 2025.<\/p>\n<p class=\"voc-paragraph\">Seguro que has o\u00eddo hablar de la tendencia de los <a href=\"https:\/\/www.mujerhoy.com\/moda\/tendencias\/pantalones-bombachos-diseno-fluido-luciras-nuevo-temporada-20250621145658-nt.html\" title=\"www.mujerhoy.com\" data-voc-vtm-id=\"in-text-traffic\" data-mrf-link=\"www.mujerhoy.com\">pantalones bombachos<\/a>. Sin embargo, todav\u00eda no se han integrado del todo en el mundo de los jeans. Por eso, si te gusta esa forma redondeada, debes fichar el modelo que hemos visto recientemente en la modelo<strong> Hailey Bieber<\/strong>.<\/p>\n<div class=\"v-c-cmp v-c-cmp--t1 \">\n<div class=\"v-cmp-rld v-cmp-rld--2 \">\n<div class=\"v-cnt-m v-cnt-m--m\">\n<div class=\"v-cnt-m__c\">\n<div class=\"v-cnt-m__w v-cnt-m__w--1\">\n<p class=\"v-cnt-m__t\">\nTAMBI\u00c9N TE INTERESA\n<\/p>\n<\/div>\n<\/div>\n<\/div>\n<div class=\"v-g v-g--2-c v-g--bdr-min-xs\">\n<div class=\"v-g__c \">\n<article class=\"v-a v-a--cmp-rld v-a--cmp-rld-2 v-a--p-l\">\n<div class=\"v-a-img-c\">\n<figure class=\"v-a-fig\">\n<a href=\"https:\/\/www.mujerhoy.com\/moda\/no-te-pierdas\/vestidos-drapeados-estilizan-mejoran-silueta-20250824182717-nt.html#vtm_modulosEngag=mod-rel:moda:noticia:1:cmp:2-not\" class=\"v-a-link\" title=\"Vestidos con drapeados y fruncidos estrat\u00e9gicos que estilizan y mejoran la silueta\"><br \/>\n<img loading=\"lazy\" class=\"v-a-img\" src=\"http:\/\/cordobainforma.info\/wp-content\/uploads\/2025\/08\/ni-bombachos-ni-wide-leg-los-jeans-que-se-llevaran-este-otono-son-los-barrel-1.jpg\" alt=\"Vestidos con drapeados y fruncidos estrat\u00e9gicos que estilizan y mejoran la silueta\"><br \/>\n<\/a><br \/>\n<\/figure>\n<\/div>\n<\/article>\n<\/div>\n<div class=\"v-g__c \">\n<article class=\"v-a v-a--cmp-rld v-a--cmp-rld-2 v-a--p-l\">\n<div class=\"v-a-img-c\">\n<figure class=\"v-a-fig\">\n<a href=\"https:\/\/www.mujerhoy.com\/moda\/no-te-pierdas\/acaba-llegar-zara-conjunto-invitada-copia-look-reina-letizia-20250824165129-nt.html#vtm_modulosEngag=mod-rel:moda:noticia:2:cmp:2-not\" class=\"v-a-link\" title=\"Acaba de llegar a Zara el conjunto de invitada inspirado en la reina Letizia\"><br \/>\n<img loading=\"lazy\" class=\"v-a-img\" src=\"http:\/\/cordobainforma.info\/wp-content\/uploads\/2025\/08\/ni-bombachos-ni-wide-leg-los-jeans-que-se-llevaran-este-otono-son-los-barrel-2.jpg\" alt=\"Acaba de llegar a Zara el conjunto de invitada inspirado en la reina Letizia\"><br \/>\n<\/a><br \/>\n<\/figure>\n<\/div>\n<\/article>\n<\/div>\n<\/div>\n<\/div>\n<\/div>\n<p><h3 class=\"v-cmp-suh\">\nHailey Bieber sabe cu\u00e1les son los pantalones tendencia del oto\u00f1o 2025<br \/>\n<\/h3>\n<\/p>\n<p class=\"voc-paragraph\">La creadora de una de las firmas de belleza m\u00e1s virales del momento ha sido fotografiada recientemente paseando por las calles de Los \u00c1ngeles. En esas im\u00e1genes publicadas por varios medios, se puede ver a Hailey Bieber luciendo un look que confirma que <strong>el &#8216;menos es m\u00e1s<\/strong>&#8216;, una m\u00e1xima de la moda a la que recurren con frecuencia las prescriptoras y referentes de estilo.<\/p>\n<p class=\"voc-paragraph\">Y es que, es tan f\u00e1cil como<strong> combinar un pantal\u00f3n vaquero tendencia con una camiseta blanca<\/strong>. Pero no se trata de cualquier camiseta ni de cualquier jean: Hailey ha escogido opciones que est\u00e1n muy de moda y que pueden servir de inspiraci\u00f3n si no sabes qu\u00e9 ponerte en las pr\u00f3ximas semanas.<\/p>\n<div class=\"v-c-cmp \">\n<div class=\"v-cmp-m v-cmp-m--t1\">\n<article class=\"v-a v-a--cmp-m v-c-cmp--m-p\">\n<div class=\"v-a-img-c v-a-img-c--fw-xs\">\n<div class=\"v-a-fig\">\n<div class=\"v-a-link\">\n<img loading=\"lazy\" src=\"http:\/\/cordobainforma.info\/wp-content\/uploads\/2025\/08\/ni-bombachos-ni-wide-leg-los-jeans-que-se-llevaran-este-otono-son-los-barrel-3.jpg\" class=\"v-a-img\" width=\"650\" height=\"975\" alt=\"Hailey Bieber con un look con vaqueros barrel.\" data-voc-vtm-id=\"in-text-traffic\">\n<\/div><figcaption class=\"v-fc\">\n<span class=\"v-fc__t\"><br \/>\nHailey Bieber con un look con vaqueros barrel.<br \/>\n<\/span><br \/>\n<span class=\"v-fc__p\"><br \/>\ngtres<br \/>\n<\/span><br \/>\n<\/figcaption><\/div>\n<\/div>\n<\/article>\n<\/div>\n<\/div>\n<p class=\"voc-paragraph\">La modelo ha optado por una <strong>f\u00f3rmula minimalista <\/strong>que confirma cu\u00e1l es el tipo de vaquero que debes comprar si quieres ir a la \u00faltima este oto\u00f1o-invierno. Este a\u00f1o, los pantalones white leg parecen ceder protagonismo a dise\u00f1os m\u00e1s redondeados y con forma baggy, un estilo que o amas o odias. <\/p>\n<p class=\"voc-paragraph\">Aunque no todas se sienten c\u00f3modas con este tipo de silueta, Hailey ha demostrado que<strong> sientan mejor de lo que parecen<\/strong>. Manteniendo un estilo ancho y ca\u00eddo, dejando parte del vientre al descubierto en una clara inspiraci\u00f3n de la tendencia \u00abdos milera\u00bb que lleva meses reinando, la modelo ha optado por los barrel jeans. <\/p>\n<p><h3 class=\"v-cmp-suh\">\nC\u00f3mo son los pantalones tipo barrel<br \/>\n<\/h3>\n<\/p>\n<div class=\"v-c-cmp \">\n<div class=\"v-cmp-m v-cmp-m--t1\">\n<article class=\"v-a v-a--cmp-m v-c-cmp--m-p\">\n<div class=\"v-a-img-c v-a-img-c--fw-xs\">\n<div class=\"v-a-fig\">\n<div class=\"v-a-link\">\n<img loading=\"lazy\" src=\"http:\/\/cordobainforma.info\/wp-content\/uploads\/2025\/08\/ni-bombachos-ni-wide-leg-los-jeans-que-se-llevaran-este-otono-son-los-barrel-4.jpg\" class=\"v-a-img\" width=\"650\" height=\"975\" alt=\"El look tendencia de Hailey Bieber.\" data-voc-vtm-id=\"in-text-traffic\">\n<\/div><figcaption class=\"v-fc\">\n<span class=\"v-fc__t\"><br \/>\nEl look tendencia de Hailey Bieber.<br \/>\n<\/span><br \/>\n<span class=\"v-fc__p\"><br \/>\ngtres<br \/>\n<\/span><br \/>\n<\/figcaption><\/div>\n<\/div>\n<\/article>\n<\/div>\n<\/div>\n<p class=\"voc-paragraph\">Este tipo de pantal\u00f3n surgi\u00f3 el a\u00f1o pasado como una <strong>tendencia t\u00edmida<\/strong> que no cal\u00f3 del todo, pero de cara a los pr\u00f3ximos meses, promete convertirse en una pieza clave en las calles y en las redes sociales, especialmente gracias a las creadoras de contenido.<\/p>\n<p class=\"voc-paragraph\">Hailey llev\u00f3 un modelo azul oscuro a la altura de la cadera y lo combin\u00f3 con un <strong>top palabra de honor blanco <\/strong>y unas <strong>sandalias negras de tac\u00f3n kitten heel<\/strong>, creando una versi\u00f3n perfecta para la \u00e9poca estival. Pero estos jeans no solo sirven para looks de verano: tambi\u00e9n se pueden combinar con camisas, blusas, jers\u00e9is, botas, mocasines o zapatillas, adapt\u00e1ndose a cualquier estilo. \u00bfTe atreves a sumarte a esta tendencia?<\/p>\n<div class=\"v-c-cmp v-c-cmp--t1 \">\n<div class=\"v-cmp-rld v-cmp-rld--2 \">\n<div class=\"v-cnt-m v-cnt-m--m\">\n<div class=\"v-cnt-m__c\">\n<div class=\"v-cnt-m__w v-cnt-m__w--1\">\n<p class=\"v-cnt-m__t\">\nTAMBI\u00c9N TE INTERESA\n<\/p>\n<\/div>\n<\/div>\n<\/div>\n<div class=\"v-g v-g--2-c v-g--bdr-min-xs\">\n<div class=\"v-g__c \">\n<article class=\"v-a v-a--cmp-rld v-a--cmp-rld-2 v-a--p-l\">\n<div class=\"v-a-img-c\">\n<figure class=\"v-a-fig\">\n<a href=\"https:\/\/www.mujerhoy.com\/moda\/no-te-pierdas\/basicos-otono-stradivarius-atemporales-merecen-la-pena-20250824065949-nt.html#vtm_modulosEngag=mod-rel:moda:noticia:1:cmp:2-not\" class=\"v-a-link\" title=\"Las compras de Stradivarius de la semana: b\u00e1sicos de oto\u00f1o, vestidos midi y botas de estilo cowboy\"><br \/>\n<img loading=\"lazy\" class=\"v-a-img\" src=\"http:\/\/cordobainforma.info\/wp-content\/uploads\/2025\/08\/ni-bombachos-ni-wide-leg-los-jeans-que-se-llevaran-este-otono-son-los-barrel-5.jpg\" alt=\"Las compras de Stradivarius de la semana: b\u00e1sicos de oto\u00f1o, vestidos midi y botas de estilo cowboy\"><br \/>\n<\/a><br \/>\n<\/figure>\n<\/div>\n<\/article>\n<\/div>\n<div class=\"v-g__c \">\n<article class=\"v-a v-a--cmp-rld v-a--cmp-rld-2 v-a--p-l\">\n<div class=\"v-a-img-c\">\n<figure class=\"v-a-fig\">\n<a href=\"https:\/\/www.mujerhoy.com\/moda\/no-te-pierdas\/vestidos-baratos-primark-nuevo-basicos-verano-20250823072412-nt.html#vtm_modulosEngag=mod-rel:moda:noticia:2:cmp:2-not\" class=\"v-a-link\" title=\"Las novedades de Primark de la semana: vestidos con estampado de leopardo, bolsos de colores y vaqueros que hacen tipazo\"><br \/>\n<img loading=\"lazy\" class=\"v-a-img\" src=\"http:\/\/cordobainforma.info\/wp-content\/uploads\/2025\/08\/ni-bombachos-ni-wide-leg-los-jeans-que-se-llevaran-este-otono-son-los-barrel-6.jpg\" alt=\"Las novedades de Primark de la semana: vestidos con estampado de leopardo, bolsos de colores y vaqueros que hacen tipazo\"><br \/>\n<\/a><br \/>\n<\/figure>\n<\/div>\n<\/article>\n<\/div>\n<\/div>\n<\/div>\n<\/div>\n","protected":false},"excerpt":{"rendered":"<p>Si hablamos de prendas imprescindibles para el oto\u00f1o, hay una que cada a\u00f1o regresa y a la que todas recurrimos en cualquier momento: el pantal\u00f3n vaquero. Sabemos que no se trata de una tendencia pasajera, sino de una pieza atemporal que sirve para casi todo y se adapta a todos los gustos y estilos. Lo [&hellip;]<\/p>\n","protected":false},"author":1,"featured_media":166173,"comment_status":"closed","ping_status":"closed","sticky":false,"template":"","format":"standard","meta":[],"categories":[24],"tags":[],"_links":{"self":[{"href":"http:\/\/cordobainforma.info\/index.php\/wp-json\/wp\/v2\/posts\/166172"}],"collection":[{"href":"http:\/\/cordobainforma.info\/index.php\/wp-json\/wp\/v2\/posts"}],"about":[{"href":"http:\/\/cordobainforma.info\/index.php\/wp-json\/wp\/v2\/types\/post"}],"author":[{"embeddable":true,"href":"http:\/\/cordobainforma.info\/index.php\/wp-json\/wp\/v2\/users\/1"}],"replies":[{"embeddable":true,"href":"http:\/\/cordobainforma.info\/index.php\/wp-json\/wp\/v2\/comments?post=166172"}],"version-history":[{"count":0,"href":"http:\/\/cordobainforma.info\/index.php\/wp-json\/wp\/v2\/posts\/166172\/revisions"}],"wp:featuredmedia":[{"embeddable":true,"href":"http:\/\/cordobainforma.info\/index.php\/wp-json\/wp\/v2\/media\/166173"}],"wp:attachment":[{"href":"http:\/\/cordobainforma.info\/index.php\/wp-json\/wp\/v2\/media?parent=166172"}],"wp:term":[{"taxonomy":"category","embeddable":true,"href":"http:\/\/cordobainforma.info\/index.php\/wp-json\/wp\/v2\/categories?post=166172"},{"taxonomy":"post_tag","embeddable":true,"href":"http:\/\/cordobainforma.info\/index.php\/wp-json\/wp\/v2\/tags?post=166172"}],"curies":[{"name":"wp","href":"https:\/\/api.w.org\/{rel}","templated":true}]}}