{"id":166161,"date":"2025-08-27T11:30:00","date_gmt":"2025-08-27T11:30:00","guid":{"rendered":"https:\/\/cordobainforma.info\/index.php\/2025\/08\/27\/zdero-aseguro-que-las-suplencias-docentes-le-costaron-65-mil-millones-al-estado-en-solo-cinco-meses\/"},"modified":"2025-08-27T11:30:00","modified_gmt":"2025-08-27T11:30:00","slug":"zdero-aseguro-que-las-suplencias-docentes-le-costaron-65-mil-millones-al-estado-en-solo-cinco-meses","status":"publish","type":"post","link":"http:\/\/cordobainforma.info\/index.php\/2025\/08\/27\/zdero-aseguro-que-las-suplencias-docentes-le-costaron-65-mil-millones-al-estado-en-solo-cinco-meses\/","title":{"rendered":"Zdero asegur\u00f3 que las suplencias docentes le costaron $65 mil millones al Estado en solo cinco meses"},"content":{"rendered":"<div class=\"media_block\"><\/div>\n<div><img src=\"http:\/\/cordobainforma.info\/wp-content\/uploads\/2025\/08\/zdero-aseguro-que-las-suplencias-docentes-le-costaron-65-mil-millones-al-estado-en-solo-cinco-meses.jpg\" class=\"ff-og-image-inserted\"><\/div>\n<p>El gobernador de Chaco, <strong>Leandro Zdero,<\/strong> reconoci\u00f3 el fuerte impacto que las <strong>suplencias docentes <\/strong>generaron en las cuentas p\u00fablicas durante el primer semestre de 2025. Seg\u00fan precis\u00f3, el gasto ascendi\u00f3 a <strong>$65 mil millones<\/strong>, lo que representa casi $15 mil millones por mes destinados \u00fanicamente a cubrir reemplazos.<\/p>\n<p>El mandatario asegur\u00f3 que muchos de esos pagos se realizaron de manera irregular, alcanzando incluso a personas que no trabajaban o que resid\u00edan fuera del pa\u00eds. \u201cComo en toda actividad, hay quienes se aprovecharon de los vac\u00edos de control y quedaron expuestos. No se puede generalizar ni culpar a todo el sector docente, pero s\u00ed era necesario ordenar y depurar el sistema\u201d, explic\u00f3.<\/p>\n<h2>Controles m\u00e1s estrictos en Educaci\u00f3n<\/h2>\n<p>Zdero destac\u00f3 el trabajo del Ministerio de Educaci\u00f3n en la detecci\u00f3n de estas <strong>irregularidades <\/strong>y remarc\u00f3 que se trata de una pol\u00edtica de Estado profundizar los mecanismos de control. \u201cHe dado instrucciones precisas a la ministra de Educaci\u00f3n y a todos los organismos del Estado para avanzar con juntas m\u00e9dicas, auditor\u00edas y denuncias correspondientes. Los controles deben ser cada vez m\u00e1s estrictos\u201d, sostuvo.<\/p>\n<p>El gobernador subray\u00f3 que la depuraci\u00f3n de gastos permitir\u00e1 destinar recursos a otras prioridades. \u201cGracias a este ordenamiento pudimos reactivar la construcci\u00f3n de viviendas con fondos propios, y lo mismo buscamos con otras obras provinciales. Queremos un Estado sustentable, que utilice con eficiencia cada peso de los chaque\u00f1os\u201d, afirm\u00f3.<\/p>\n<p>En sus declaraciones, Zdero plante\u00f3 que el objetivo de su gesti\u00f3n es \u00ab<strong>dinamizar la econom\u00eda provincial y cambiar la matriz productiva\u00bb<\/strong>. Para ello, insisti\u00f3 en la necesidad de ordenar las cuentas p\u00fablicas y consolidar una administraci\u00f3n transparente. \u201cEl acompa\u00f1amiento nacional es clave, pero tambi\u00e9n tenemos que demostrar que Chaco puede sostenerse con recursos propios. Esa es la meta hacia la que estamos avanzando\u201d, concluy\u00f3.<\/p>\n<div class=\"article__tags\">\n<p>En esta Nota<\/p>\n<\/p><\/div>\n","protected":false},"excerpt":{"rendered":"<p>El gobernador de Chaco, Leandro Zdero, reconoci\u00f3 el fuerte impacto que las suplencias docentes generaron en las cuentas p\u00fablicas durante el primer semestre de 2025. Seg\u00fan precis\u00f3, el gasto ascendi\u00f3 a $65 mil millones, lo que representa casi $15 mil millones por mes destinados \u00fanicamente a cubrir reemplazos. El mandatario asegur\u00f3 que muchos de esos [&hellip;]<\/p>\n","protected":false},"author":1,"featured_media":166162,"comment_status":"closed","ping_status":"closed","sticky":false,"template":"","format":"standard","meta":[],"categories":[2],"tags":[],"_links":{"self":[{"href":"http:\/\/cordobainforma.info\/index.php\/wp-json\/wp\/v2\/posts\/166161"}],"collection":[{"href":"http:\/\/cordobainforma.info\/index.php\/wp-json\/wp\/v2\/posts"}],"about":[{"href":"http:\/\/cordobainforma.info\/index.php\/wp-json\/wp\/v2\/types\/post"}],"author":[{"embeddable":true,"href":"http:\/\/cordobainforma.info\/index.php\/wp-json\/wp\/v2\/users\/1"}],"replies":[{"embeddable":true,"href":"http:\/\/cordobainforma.info\/index.php\/wp-json\/wp\/v2\/comments?post=166161"}],"version-history":[{"count":0,"href":"http:\/\/cordobainforma.info\/index.php\/wp-json\/wp\/v2\/posts\/166161\/revisions"}],"wp:featuredmedia":[{"embeddable":true,"href":"http:\/\/cordobainforma.info\/index.php\/wp-json\/wp\/v2\/media\/166162"}],"wp:attachment":[{"href":"http:\/\/cordobainforma.info\/index.php\/wp-json\/wp\/v2\/media?parent=166161"}],"wp:term":[{"taxonomy":"category","embeddable":true,"href":"http:\/\/cordobainforma.info\/index.php\/wp-json\/wp\/v2\/categories?post=166161"},{"taxonomy":"post_tag","embeddable":true,"href":"http:\/\/cordobainforma.info\/index.php\/wp-json\/wp\/v2\/tags?post=166161"}],"curies":[{"name":"wp","href":"https:\/\/api.w.org\/{rel}","templated":true}]}}