{"id":166159,"date":"2025-08-26T19:31:01","date_gmt":"2025-08-26T19:31:01","guid":{"rendered":"https:\/\/cordoba.gob.ar\/?p=80557"},"modified":"2025-08-26T19:31:01","modified_gmt":"2025-08-26T19:31:01","slug":"passerini-presento-los-avances-del-plan-de-metas-en-el-concejo-deliberante-cordoba-no-esta-para-resistir-esta-destinada-a-liderar","status":"publish","type":"post","link":"http:\/\/cordobainforma.info\/index.php\/2025\/08\/26\/passerini-presento-los-avances-del-plan-de-metas-en-el-concejo-deliberante-cordoba-no-esta-para-resistir-esta-destinada-a-liderar\/","title":{"rendered":"Passerini present\u00f3 los avances del Plan de Metas en el Concejo Deliberante: \u201cC\u00f3rdoba no est\u00e1 para resistir, est\u00e1 destinada a liderar\u201d"},"content":{"rendered":"<div><img src=\"http:\/\/cordobainforma.info\/wp-content\/uploads\/2025\/08\/passerini-presento-los-avances-del-plan-de-metas-en-el-concejo-deliberante-cordoba-no-esta-para-resistir-esta-destinada-a-liderar.jpg\" class=\"ff-og-image-inserted\"><\/div>\n<ul>\n<li><strong><strong><em>\u201cEl d\u00e9ficit se supera agrandando la econom\u00eda, no achicando sue\u00f1os ni prohibiendo objetivos. Nuestro camino es orden fiscal con la gente adentro, C\u00f3rdoba mide su \u00e9xito por la cantidad de vidas que transforma\u201d<\/em>, afirm\u00f3 el intendente.<\/strong><\/strong><br \/>\n<hr>\n<\/li>\n<\/ul>\n<p>En el Concejo Deliberante de la ciudad de C\u00f3rdoba, el intendente, Daniel Passerini, present\u00f3 hoy el Primer Informe de Avance Anual del Plan de Metas, una herramienta p\u00fablica que re\u00fane los objetivos que la Municipalidad de C\u00f3rdoba se propone concretar en el per\u00edodo 2024-2027.<\/p>\n<p>La presente gesti\u00f3n municipal present\u00f3 372 metas con 416 indicadores a cumplir, agrupadas en cuatro ejes: Seguridad, Bienestar Integral e Inclusi\u00f3n, Ciudad Inteligente y Desarrollo Local Sostenible; y bajo los principios rectores de conectar, integrar y humanizar. Del total, el 45% de las metas ya fue cumplida o presenta importantes avances en su ejecuci\u00f3n, cuando restan m\u00e1s de dos a\u00f1os para que finalice el actual mandato.<\/p>\n<p><em>\u201cEn diciembre de 2019, junto al hoy gobernador, Mart\u00edn Llaryora, iniciamos una transformaci\u00f3n hist\u00f3rica que comenz\u00f3 a sacar a la ciudad de una situaci\u00f3n muy complicada. Lo que alguna vez planificamos hoy debemos rediscutirlo, en el marco de una crisis profunda que golpea al pa\u00eds por el fuerte ajuste econ\u00f3mico nacional\u201d<\/em>, inici\u00f3 su discurso Passerini.<\/p>\n<p><em>\u201cHoy en Argentina se sigue debatiendo el ajuste fiscal. C\u00f3rdoba no desconoce esta necesidad: la sostenibilidad financiera es un deber de todo gobierno responsable. Pero el d\u00e9ficit no puede recaer siempre sobre los que menos tienen. El verdadero ajuste debe comenzar por los privilegios, los gastos superfluos de la casta y no por la leche en la mesa de una familia o el medicamento en la mano de un jubilado. Nuestro camino es otro: orden fiscal con la gente adentro, con una mirada sensible y humana\u201d<\/em>, subray\u00f3.<\/p>\n<p><em>\u201cEl d\u00e9ficit se supera agrandando la econom\u00eda, no achicando sue\u00f1os ni prohibiendo objetivos. Nuestro foco es priorizar lo urgente y profundizar lo estructural para un cambio futuro. Lo primordial sigue siendo atender a quienes m\u00e1s lo necesitan, y hemos avanzando en ese sentido. C\u00f3rdoba va a salir adelante porque tiene talento, creatividad y una comunidad organizada. C\u00f3rdoba no est\u00e1 destinada a resistir: est\u00e1 destinada a liderar\u201d,<\/em> remarc\u00f3.<\/p>\n<p><em>\u201cEn C\u00f3rdoba no medimos el \u00e9xito por la cantidad de cemento que colocamos o la tecnolog\u00eda que incorporamos, sino por la cantidad de vidas que transformamos: cada escritura entregada, cada ni\u00f1o con acceso a la educaci\u00f3n digital, cada adulto mayor que recupera dignidad y compa\u00f1\u00eda, cada persona con discapacidad que encuentra oportunidades es la medida de nuestro progreso. C\u00f3rdoba no va a renunciar a su ambici\u00f3n de grandeza, seguiremos siendo un faro de innovaci\u00f3n, producci\u00f3n y cultura donde el sector p\u00fablico y privado construyen juntos\u201d<\/em>, afirm\u00f3 el intendente.<\/p>\n<p>A continuaci\u00f3n enumer\u00f3 los principales hitos de la gesti\u00f3n de gobierno: el Plan de 800 Cuadras de Pavimento en conjunto con el Gobierno Provincial, ampliaci\u00f3n de 500 cuadras de red cloacal, el nuevo CPC General Paz, la ampliaci\u00f3n del Hospital Pr\u00edncipe de Asturias, flamantes Centros de Salud Mental y Adicciones, los desag\u00fces de Sagrada Familia y V\u00e9lez Sarsfield, el entubamiento del Misericordia, conexiones domiciliarias de cloaca para Villa El Libertador, incorporaci\u00f3n de aparatolog\u00eda de primer nivel como Arco en C digital, ec\u00f3grafos y tom\u00f3grafos en los hospitales de la ciudad.<\/p>\n<p>Tambi\u00e9n la puesta en valor del Laboratorio Municipal, que recientemente inici\u00f3 la producci\u00f3n de enalapril y metformina para pacientes con hipertensi\u00f3n y diabetes; la implementaci\u00f3n de la tarjeta SUBE para el transporte urbano; acciones que priorizan la seguridad vial; elecciones de Centros Vecinales; Presupuesto Participativo Joven; el nuevo Sistema de Integrado de Compras P\u00fablicas, que aporta transparencia y eficiencia; la digitalizaci\u00f3n de m\u00e1s de 250 tr\u00e1mites que pueden iniciarse sin trasladarse al Municipio; programas de inclusi\u00f3n socioeducativa en los Parques Educativos; la entrega gratuita de escrituras de viviendas sociales.<\/p>\n<p>Adem\u00e1s, destac\u00f3 que, en materia de seguridad, de manera conjunta con la Provincia, la Guardia Urbana y Cordobeses en Alerta cubre 120 barrios de la ciudad con m\u00e1s de 2.000 efectivos trabajando de manera preventiva, sumado a la integraci\u00f3n de nuevas c\u00e1maras de seguridad en trabajo comunitario con Centros Vecinales.<\/p>\n<p><em>\u201cTodos estos logros teniendo en consideraci\u00f3n que a partir del 2024 afrontamos el pago de una deuda externa, que en tal solo un a\u00f1o y ocho meses requirieron 75 millones de d\u00f3lares, en suma, al contexto de crisis econ\u00f3mica y el retiro de las responsabilidades del Gobierno Nacional. Pr\u00f3ximamente, tendremos que abonar una cuarta cuota de 25 millones de d\u00f3lares\u201d<\/em>, explic\u00f3.<\/p>\n<p>Acto seguido, el intendente escuch\u00f3 las apreciaciones de 23 vecinos y vecinas que hicieron uso de la palabra para acercar sugerencias y brindar aportes.<\/p>\n<p>El Plan de Metas fue formulado de manera participativa a comienzos de la presente gesti\u00f3n. La presentaci\u00f3n de los avances cumple con la Nota N.\u00ba 7635\/N\/25 de acuerdo al art\u00edculo N\u00b05 de la Ordenanza N\u00b011.942 y su modificatoria y a la Ordenanza N\u00b011.709 y su modificatoria. Los avances pueden encontrarse en el siguiente <a href=\"https:\/\/cdcordoba.gob.ar\/wp-content\/uploads\/2025\/08\/InformedeAvance2024.pdf\">link<\/a>.<\/p>\n","protected":false},"excerpt":{"rendered":"<p>\u201cEl d\u00e9ficit se supera agrandando la econom\u00eda, no achicando sue\u00f1os ni prohibiendo objetivos. Nuestro camino es orden fiscal con la gente adentro, C\u00f3rdoba mide su \u00e9xito por la cantidad de vidas que transforma\u201d, afirm\u00f3 el intendente. En el Concejo Deliberante de la ciudad de C\u00f3rdoba, el intendente, Daniel Passerini, present\u00f3 hoy el Primer Informe de [&hellip;]<\/p>\n","protected":false},"author":1,"featured_media":166160,"comment_status":"closed","ping_status":"closed","sticky":false,"template":"","format":"standard","meta":[],"categories":[2],"tags":[],"_links":{"self":[{"href":"http:\/\/cordobainforma.info\/index.php\/wp-json\/wp\/v2\/posts\/166159"}],"collection":[{"href":"http:\/\/cordobainforma.info\/index.php\/wp-json\/wp\/v2\/posts"}],"about":[{"href":"http:\/\/cordobainforma.info\/index.php\/wp-json\/wp\/v2\/types\/post"}],"author":[{"embeddable":true,"href":"http:\/\/cordobainforma.info\/index.php\/wp-json\/wp\/v2\/users\/1"}],"replies":[{"embeddable":true,"href":"http:\/\/cordobainforma.info\/index.php\/wp-json\/wp\/v2\/comments?post=166159"}],"version-history":[{"count":0,"href":"http:\/\/cordobainforma.info\/index.php\/wp-json\/wp\/v2\/posts\/166159\/revisions"}],"wp:featuredmedia":[{"embeddable":true,"href":"http:\/\/cordobainforma.info\/index.php\/wp-json\/wp\/v2\/media\/166160"}],"wp:attachment":[{"href":"http:\/\/cordobainforma.info\/index.php\/wp-json\/wp\/v2\/media?parent=166159"}],"wp:term":[{"taxonomy":"category","embeddable":true,"href":"http:\/\/cordobainforma.info\/index.php\/wp-json\/wp\/v2\/categories?post=166159"},{"taxonomy":"post_tag","embeddable":true,"href":"http:\/\/cordobainforma.info\/index.php\/wp-json\/wp\/v2\/tags?post=166159"}],"curies":[{"name":"wp","href":"https:\/\/api.w.org\/{rel}","templated":true}]}}