{"id":166145,"date":"2025-08-27T11:20:50","date_gmt":"2025-08-27T11:20:50","guid":{"rendered":"https:\/\/cordobainforma.info\/index.php\/2025\/08\/27\/muerte-en-el-placard-en-cordoba-piden-juicio-de-destitucion-a-un-juez-riocuartense-puntal\/"},"modified":"2025-08-27T11:20:50","modified_gmt":"2025-08-27T11:20:50","slug":"muerte-en-el-placard-en-cordoba-piden-juicio-de-destitucion-a-un-juez-riocuartense-puntal","status":"publish","type":"post","link":"http:\/\/cordobainforma.info\/index.php\/2025\/08\/27\/muerte-en-el-placard-en-cordoba-piden-juicio-de-destitucion-a-un-juez-riocuartense-puntal\/","title":{"rendered":"Muerte en el placard en <b>C\u00f3rdoba<\/b>: piden juicio de destituci\u00f3n a un juez riocuartense &#8211; Puntal"},"content":{"rendered":"<p><b>Econom\u00eda<\/b> &middot; Tranquera Abierta &middot; Tiempo &middot; Arquitectura y Dise\u00f1o &middot; Rostros y &#8230; <b>Nueva C\u00f3rdoba<\/b>. Los legisladores opositores Gregorio Hern\u00e1ndez Maqueda&nbsp;&#8230; <\/p>\n","protected":false},"excerpt":{"rendered":"<p>Econom\u00eda &middot; Tranquera Abierta &middot; Tiempo &middot; Arquitectura y Dise\u00f1o &middot; Rostros y &#8230; Nueva C\u00f3rdoba. Los legisladores opositores Gregorio Hern\u00e1ndez Maqueda&nbsp;&#8230;<\/p>\n","protected":false},"author":1,"featured_media":0,"comment_status":"closed","ping_status":"closed","sticky":false,"template":"","format":"standard","meta":[],"categories":[23],"tags":[],"_links":{"self":[{"href":"http:\/\/cordobainforma.info\/index.php\/wp-json\/wp\/v2\/posts\/166145"}],"collection":[{"href":"http:\/\/cordobainforma.info\/index.php\/wp-json\/wp\/v2\/posts"}],"about":[{"href":"http:\/\/cordobainforma.info\/index.php\/wp-json\/wp\/v2\/types\/post"}],"author":[{"embeddable":true,"href":"http:\/\/cordobainforma.info\/index.php\/wp-json\/wp\/v2\/users\/1"}],"replies":[{"embeddable":true,"href":"http:\/\/cordobainforma.info\/index.php\/wp-json\/wp\/v2\/comments?post=166145"}],"version-history":[{"count":0,"href":"http:\/\/cordobainforma.info\/index.php\/wp-json\/wp\/v2\/posts\/166145\/revisions"}],"wp:attachment":[{"href":"http:\/\/cordobainforma.info\/index.php\/wp-json\/wp\/v2\/media?parent=166145"}],"wp:term":[{"taxonomy":"category","embeddable":true,"href":"http:\/\/cordobainforma.info\/index.php\/wp-json\/wp\/v2\/categories?post=166145"},{"taxonomy":"post_tag","embeddable":true,"href":"http:\/\/cordobainforma.info\/index.php\/wp-json\/wp\/v2\/tags?post=166145"}],"curies":[{"name":"wp","href":"https:\/\/api.w.org\/{rel}","templated":true}]}}