{"id":166114,"date":"2025-08-26T23:08:04","date_gmt":"2025-08-26T23:08:04","guid":{"rendered":"https:\/\/www.clarin.com\/deportes\/guillermo-barros-schelotto-formula-cambiarle-cara-velez-empezo-descenso-despego-ilusiona-hinchas_0_HP3A8MMqz8.html"},"modified":"2025-08-26T23:08:04","modified_gmt":"2025-08-26T23:08:04","slug":"guillermo-barros-schelotto-y-la-formula-para-cambiarle-la-cara-a-velez-empezo-en-descenso-despego-e-ilusiona-a-los-hinchas","status":"publish","type":"post","link":"http:\/\/cordobainforma.info\/index.php\/2025\/08\/26\/guillermo-barros-schelotto-y-la-formula-para-cambiarle-la-cara-a-velez-empezo-en-descenso-despego-e-ilusiona-a-los-hinchas\/","title":{"rendered":"Guillermo Barros Schelotto y la f\u00f3rmula para cambiarle la cara a V\u00e9lez: empez\u00f3 en descenso, despeg\u00f3 e ilusiona a los hinchas"},"content":{"rendered":"<p><img src=\"http:\/\/cordobainforma.info\/wp-content\/uploads\/2025\/08\/guillermo-barros-schelotto-y-la-formula-para-cambiarle-la-cara-a-velez-empezo-en-descenso-despego-e-ilusiona-a-los-hinchas.jpg\"><\/p>\n<div><img src=\"http:\/\/cordobainforma.info\/wp-content\/uploads\/2025\/08\/guillermo-barros-schelotto-y-la-formula-para-cambiarle-la-cara-a-velez-empezo-en-descenso-despego-e-ilusiona-a-los-hinchas-2.jpg\" class=\"ff-og-image-inserted\"><\/div>\n<div id=\"element-body-0\" readability=\"68\">\n<p><em>\u201cListo, estoy ilusionado\u201d<\/em>, <em>\u201cQu\u00e9 bien te veo V\u00e9lez querido\u201d<\/em>, <em>\u201cSe va armando el equipo, andan todos bien y puede jugar cualquiera\u201d<\/em>, <em>\u201cQu\u00e9 buenas incorporaciones la de Lanzini y Aliendro\u201d<\/em>. Estos son algunos de los posteos en la cuenta oficial del club tras la victoria por 2 a 0 a Godoy Cruz. <strong>El presente del equipo de Guillermo Barros Schelotto cambi\u00f3 radicalmente en 15 d\u00edas<\/strong>, tras cuatro partidos sin marcar goles. <strong>Y los hinchas pasaron de la desaz\u00f3n a una nueva ilusi\u00f3n<\/strong>. El equipo est\u00e1 en <strong>cuartos de final <\/strong>de la <strong>Libertadores<\/strong>, es uno de los escoltas de la zona B a un punto de <strong>River <\/strong>y en 10 d\u00edas jugar\u00e1 una nueva final, la <strong>Supercopa Argentina <\/strong>ante Central C\u00f3rdoba de Santiago del Estero.<\/p>\n<\/div>\n<div id=\"element-body-1\" readability=\"64\">\n<p>Los corazones de los hinchas del Fort\u00edn est\u00e1n resistiendo a un electrocardiograma con un trazado de picos altos y bajos pronunciados. El a\u00f1o 2023 fue para el olvido y <strong>se salv\u00f3 del descenso en la \u00faltima fecha<\/strong>; en 2024 se recuper\u00f3, fue protagonista en todos los torneos y gan\u00f3 la Liga; y este a\u00f1o, tras un mal arranque, con una situaci\u00f3n comprometida en la tabla anual, otra vez empez\u00f3 a despegar.<\/p>\n<\/div>\n<div id=\"element-body-2\" readability=\"24.520958083832\">\n<blockquote class=\"twitter-tweet\" readability=\"6.0359281437126\">\n<p lang=\"es\" dir=\"ltr\">Un gol de mil toques, un tiro libre exquisito y tres puntos fundamentales.<\/p>\n<p>Seguimos \ud83d\udcaa\ud83c\udffc\ud83d\udc99 <a href=\"https:\/\/t.co\/8jc5A3X8oV\">pic.twitter.com\/8jc5A3X8oV<\/a><\/p>\n<p>\u2014 V\u00e9lez Sarsfield (@Velez) <a href=\"https:\/\/twitter.com\/Velez\/status\/1960360841103958405?ref_src=twsrc%5Etfw\">August 26, 2025<\/a><\/p><\/blockquote><\/div>\n<div id=\"element-body-3\" readability=\"71\">\n<p>El a\u00f1o empez\u00f3 con <strong>Sebasti\u00e1n Dom\u00ednguez<\/strong>, quien apenas dirigi\u00f3 nueve partidos, gan\u00f3 uno, empat\u00f3 dos, perdi\u00f3 seis y apenas marc\u00f3 un gol. Luego de un interinato de dos partidos (dos triunfos) de Marcelo Bravo, t\u00e9cnico de la Reserva, asumi\u00f3 el &#8216;Mellizo&#8217; a finales de marzo, justo antes del comienzo de la Libertadores. No mejor\u00f3 en el torneo y por eso la situaci\u00f3n con respecto al descenso en la tabla de posiciones 2025 en el arranque del Clausura era delicada. Qued\u00f3 eliminado en <strong>Copa Argentina <\/strong>a manos de Lan\u00fas, gan\u00f3 la <strong>Supercopa Internacional <\/strong>y sigue camino en el torneo internacional. El balance tras <strong>22 encuentros <\/strong>es de 10 triunfos (tres seguidos), 5 empates y 7 derrotas, es decir, un <strong>53 % de efectividad<\/strong>.<\/p>\n<\/div>\n<div id=\"element-body-4\" readability=\"69\">\n<p>En el mercado de pases, adem\u00e1s, perdi\u00f3 tres jugadores importantes: <strong>Alvaro Montoro<\/strong>, <strong>Christian Ordo\u00f1ez <\/strong>y <strong>Valent\u00edn G\u00f3mez<\/strong>, aunque las ventas le reportaron al club un poco m\u00e1s de 25 millones de d\u00f3lares. Tambi\u00e9n se alejaron <strong>Mateo Seoane <\/strong>y <strong>Maximiliano Porcel<\/strong>, que alternaban; <strong>Benjam\u00edn Bosch <\/strong>y <strong>Francisco Montoro<\/strong>, que casi no jugaban; y <strong>Lenny Lobato<\/strong>, que volvi\u00f3 de Brasil y se fue a pr\u00e9stamo a Defensa y Justicia. Adem\u00e1s, nunca pudo contar con <strong>Thiago Fern\u00e1ndez<\/strong>, primero lesionado y ahora apartado por no querer renovar su contrato que se vence a fin de a\u00f1o.<\/p>\n<\/div>\n<div id=\"element-body-5\" readability=\"68\">\n<p>De los cinco refuerzos, apenas us\u00f3 tres: <strong>Lisandro Magall\u00e1n <\/strong>(arranc\u00f3 con varios errores y mejor\u00f3), <strong>Rodrigo Aliendro <\/strong>(el m\u00e1s destacado, un motorcito, equilibro el medio) y <strong>Manuel Lanzini<\/strong>, quien debut\u00f3 en Mendoza y mostr\u00f3 algo de su talento. Los otros dos son el arquero colombiano <strong>Alvaro Montero<\/strong> y el chileno <strong>Diego Vald\u00e9s<\/strong>, que est\u00e1 lesionado. Adem\u00e1s, las tres incorporaciones de principio de a\u00f1o empezaron a tener m\u00e1s peso en el equipo: <strong>Tom\u00e1s Galv\u00e1n<\/strong>, <strong>Imanol Machuca <\/strong>y <strong>Claudio Baeza<\/strong>.<\/p>\n<\/div>\n<div id=\"element-body-6\" readability=\"65\">\n<p><em>\u201cFuimos a buscar a alguien con experiencia, trayectoria, que transmita seguridad y que exija cuando tiene que exigir. Eso es lo que nos est\u00e1 dando Guillermo y estamos muy felices\u201d<\/em>, dijo tras el triunfo en Mendoza el manager <strong>Ricardo Alvarez <\/strong>en V\u00e9lez AM670. Otra actitud se vio en la final ante Estudiantes que gan\u00f3 2-0 en cancha de Independiente. En el arranque del torneo venci\u00f3 a Tigre con lo justo y despu\u00e9s tuvo una seguidilla sin goles con actuaciones de regular para abajo pero con otra actitud: 0-0 con Platense, 0-0 con Instituto, 0-1 con San Lorenzo y 0-0 con Fortaleza.<\/p>\n<\/div>\n<div id=\"element-body-7\" readability=\"21.058064516129\">\n<blockquote class=\"twitter-tweet\" readability=\"4.6064516129032\">\n<p lang=\"es\" dir=\"ltr\">\u23f8\ufe0f Nos vamos al entretiempo en ventaja \ud83d\ude4c\ud83c\udffb<\/p>\n<p>Godoy Cruz 0<br \/>V\u00e9lez 2<a href=\"https:\/\/twitter.com\/hashtag\/JuegaV%C3%A9lez?src=hash&amp;ref_src=twsrc%5Etfw\">#JuegaV\u00e9lez<\/a> <a href=\"https:\/\/t.co\/frMu2cwcrB\">pic.twitter.com\/frMu2cwcrB<\/a><\/p>\n<p>\u2014 V\u00e9lez Sarsfield (@Velez) <a href=\"https:\/\/twitter.com\/Velez\/status\/1960081983062540720?ref_src=twsrc%5Etfw\">August 25, 2025<\/a><\/p><\/blockquote><\/div>\n<div id=\"element-body-8\" readability=\"66\">\n<p>El cambio empez\u00f3 con un equipo mixto ante Independiente, m\u00e1s all\u00e1 de los goles de penal. Y qued\u00f3 claro ante <strong>Fortaleza <\/strong>y <strong>Godoy Cruz<\/strong>: ritmo, lucha, presi\u00f3n, concentraci\u00f3n, salida por abajo para romper la presi\u00f3n rival, y un buen recambio para defenderse con el bal\u00f3n y sostener la diferencia lograda en la primera media hora. <strong>El desaf\u00edo ser\u00e1 consolidar y mejorar lo logrado hasta ahora<\/strong>.<\/p>\n<\/div>\n","protected":false},"excerpt":{"rendered":"<p>\u201cListo, estoy ilusionado\u201d, \u201cQu\u00e9 bien te veo V\u00e9lez querido\u201d, \u201cSe va armando el equipo, andan todos bien y puede jugar cualquiera\u201d, \u201cQu\u00e9 buenas incorporaciones la de Lanzini y Aliendro\u201d. Estos son algunos de los posteos en la cuenta oficial del club tras la victoria por 2 a 0 a Godoy Cruz. El presente del equipo [&hellip;]<\/p>\n","protected":false},"author":1,"featured_media":166115,"comment_status":"closed","ping_status":"closed","sticky":false,"template":"","format":"standard","meta":[],"categories":[20],"tags":[],"_links":{"self":[{"href":"http:\/\/cordobainforma.info\/index.php\/wp-json\/wp\/v2\/posts\/166114"}],"collection":[{"href":"http:\/\/cordobainforma.info\/index.php\/wp-json\/wp\/v2\/posts"}],"about":[{"href":"http:\/\/cordobainforma.info\/index.php\/wp-json\/wp\/v2\/types\/post"}],"author":[{"embeddable":true,"href":"http:\/\/cordobainforma.info\/index.php\/wp-json\/wp\/v2\/users\/1"}],"replies":[{"embeddable":true,"href":"http:\/\/cordobainforma.info\/index.php\/wp-json\/wp\/v2\/comments?post=166114"}],"version-history":[{"count":0,"href":"http:\/\/cordobainforma.info\/index.php\/wp-json\/wp\/v2\/posts\/166114\/revisions"}],"wp:featuredmedia":[{"embeddable":true,"href":"http:\/\/cordobainforma.info\/index.php\/wp-json\/wp\/v2\/media\/166115"}],"wp:attachment":[{"href":"http:\/\/cordobainforma.info\/index.php\/wp-json\/wp\/v2\/media?parent=166114"}],"wp:term":[{"taxonomy":"category","embeddable":true,"href":"http:\/\/cordobainforma.info\/index.php\/wp-json\/wp\/v2\/categories?post=166114"},{"taxonomy":"post_tag","embeddable":true,"href":"http:\/\/cordobainforma.info\/index.php\/wp-json\/wp\/v2\/tags?post=166114"}],"curies":[{"name":"wp","href":"https:\/\/api.w.org\/{rel}","templated":true}]}}