{"id":166112,"date":"2025-08-27T01:01:43","date_gmt":"2025-08-27T01:01:43","guid":{"rendered":"https:\/\/www.clarin.com\/deportes\/hincha-universidad-chile-cayo-tribuna-independiente-hablo-estado-salud_0_UL0X4ELavM.html"},"modified":"2025-08-27T01:01:43","modified_gmt":"2025-08-27T01:01:43","slug":"el-hincha-de-universidad-de-chile-que-cayo-desde-la-tribuna-de-independiente-hablo-sobre-su-estado-de-salud","status":"publish","type":"post","link":"http:\/\/cordobainforma.info\/index.php\/2025\/08\/27\/el-hincha-de-universidad-de-chile-que-cayo-desde-la-tribuna-de-independiente-hablo-sobre-su-estado-de-salud\/","title":{"rendered":"El hincha de Universidad de Chile que cay\u00f3 desde la tribuna de Independiente habl\u00f3 sobre su estado de salud"},"content":{"rendered":"<p><img src=\"http:\/\/cordobainforma.info\/wp-content\/uploads\/2025\/08\/el-hincha-de-universidad-de-chile-que-cayo-desde-la-tribuna-de-independiente-hablo-sobre-su-estado-de-salud.jpg\"><\/p>\n<div><img src=\"http:\/\/cordobainforma.info\/wp-content\/uploads\/2025\/08\/el-hincha-de-universidad-de-chile-que-cayo-desde-la-tribuna-de-independiente-hablo-sobre-su-estado-de-salud-2.jpg\" class=\"ff-og-image-inserted\"><\/div>\n<div id=\"element-body-0\" readability=\"61\">\n<p><strong>Gonzalo Alfaro,<\/strong> hincha de la Universidad de Chile que el pasado mi\u00e9rcoles<strong> cay\u00f3 desde una tribuna en la cancha de Independiente,<\/strong> habl\u00f3 por primera vez desde los violentos incidentes en la cancha del Rojo y cont\u00f3 cu\u00e1l es su estado de salud actual.<\/p>\n<\/div>\n<div id=\"element-body-1\" readability=\"61\">\n<p><strong>\u00abYo ya estoy bien, estoy evolucionando s\u00faper bien\u201c,<\/strong> coment\u00f3 en un audio que envi\u00f3 a sus conocidos en Chile, seg\u00fan inform\u00f3 <em>TN<\/em>.<\/p>\n<\/div>\n<div id=\"element-body-2\" readability=\"61\">\n<p>Agradeci\u00f3 los mensajes que recibi\u00f3 y anticip\u00f3 que pronto volver\u00e1 a su pa\u00eds luego de <strong>una semana internado con severas lesiones<\/strong> tras las violentas escenas que son investigadas por la Justicia argentina y la Confederaci\u00f3n Sudamericana de F\u00fatbol, ocurridos en un partido v\u00e1lido por la Copa Sudamericana.<\/p>\n<\/div>\n<div id=\"element-body-3\" readability=\"63\">\n<p>Alfaro, que estuvo internado en grave estado, pero cuyo estado mejor\u00f3 en los \u00faltimos d\u00edas, comenz\u00f3 saludando a los destinatarios del audio, presumiblemente allegados y dando un primer panorama sobre su actual estado de salud.<\/p>\n<\/div>\n<div id=\"element-body-4\" readability=\"31\">\n<div class=\"sc-c2c2a3c6-1 kQhBlc videoText videoText\" readability=\"32\">\n<h2>Video<\/h2>\n<p>El hincha chileno que cay\u00f3 al vac\u00edo y fue atacado en el piso<\/p>\n<\/div>\n<\/div>\n<div id=\"element-body-5\" readability=\"62\">\n<p>\u00abHola gente, soy Gonzalo Alfaro por aqu\u00ed, el hijo del Carolo\u00bb, comenz\u00f3 Alfaro, quien sufri\u00f3 un severo traumatismo de cr\u00e1neo producto de la ca\u00edda por el que tuvo que ser operado.<\/p>\n<\/div>\n<div id=\"element-body-6\" readability=\"63\">\n<p>\u00abQuer\u00eda mandarles muchas gracias por el apoyo, por las oraciones, por tenerme presente. A todas las personas que se han dado el tiempo de preguntar c\u00f3mo estoy. Yo ya estoy bien, <strong>estoy evolucionando s\u00faper bien<\/strong>\u201c, a\u00f1adi\u00f3<\/p>\n<\/div>\n<div id=\"element-body-7\" readability=\"60\">\n<p>Luego, vaticin\u00f3 que en un futuro cercano estar\u00e1 de regreso en Chile para reencontrarse con su familia. Nombr\u00f3 a sus hijas, sus padres y otros familiares.<\/p>\n<\/div>\n<div id=\"element-body-8\" readability=\"62\">\n<p>Y agreg\u00f3: \u00abY todos los que han estado conmigo apoy\u00e1ndome en este dif\u00edcil momento, as\u00ed que de todo coraz\u00f3n les mando este mensaje y muchas gracias repito, <strong>muchas gracias por todo el apoyo<\/strong>, por toda la compasi\u00f3n que han tenido conmigo\u201d.<\/p>\n<\/div>\n<div id=\"element-body-9\" readability=\"60\">\n<p>Sobre su futuro, insisti\u00f3, dijo tener \u00abmuchas ganas de seguir adelante y echarle m\u00e1s ganas a la vida que antes\u00bb.<\/p>\n<\/div>\n<div id=\"element-body-10\" readability=\"31.5\">\n<div class=\"sc-c2c2a3c6-1 kQhBlc videoText videoText\" readability=\"33\">\n<h2>Video<\/h2>\n<p>Barbarie en Avellaneda: los hinchas de Independiente &#8216;linchan&#8217; a los revoltosos de U. de Chile en plena tribuna<\/p>\n<\/div>\n<\/div>\n<div id=\"element-body-11\" readability=\"65\">\n<p>\u00abTodos cari\u00f1os, les mando un abrazo y un beso enorme, muchas gracias\u201d, finaliz\u00f3 Alfaro, hincha del conjunto chileno, cuya familia ten\u00eda previsto viajar a Argentina a verlo, seg\u00fan dijo un amigo que lo acompa\u00f1\u00f3 al partido en Avellaneda.<\/p>\n<\/div>\n<div id=\"element-body-12\" readability=\"67\">\n<p>El d\u00eda siguiente a los incidentes, Reynaldo, amigo de Alfaro, le hab\u00eda dicho a <em>TN<\/em> que ellos <strong>no son barrabravas<\/strong>, sino \u00abbarritas, hinchas\u00bb, que hab\u00edan comprado las entradas por su cuenta, desmintiendo as\u00ed pertenecer a \u00abLos de abajo\u00bb, la barra oficial del conjunto azul.<\/p>\n<\/div>\n<div id=\"element-body-13\" readability=\"59\">\n<p>Mientras tanto, Independiente expuls\u00f3 a los hinchas que fueron identificados en los enfrentamientos y se espera que la Justicia argentina avance en la investigaci\u00f3n de los hechos.<\/p>\n<\/div>\n<div id=\"element-body-14\" readability=\"60\">\n<p>Adem\u00e1s, resta saber qu\u00e9 har\u00e1 la Conmebol en t\u00e9rminos deportivos y disciplinarios con respecto a los dos equipos y la continuidad del certamen que ambas instituciones supieron ganar en ediciones anteriores.<\/p>\n<\/div>\n","protected":false},"excerpt":{"rendered":"<p>Gonzalo Alfaro, hincha de la Universidad de Chile que el pasado mi\u00e9rcoles cay\u00f3 desde una tribuna en la cancha de Independiente, habl\u00f3 por primera vez desde los violentos incidentes en la cancha del Rojo y cont\u00f3 cu\u00e1l es su estado de salud actual. \u00abYo ya estoy bien, estoy evolucionando s\u00faper bien\u201c, coment\u00f3 en un audio [&hellip;]<\/p>\n","protected":false},"author":1,"featured_media":166113,"comment_status":"closed","ping_status":"closed","sticky":false,"template":"","format":"standard","meta":[],"categories":[20],"tags":[],"_links":{"self":[{"href":"http:\/\/cordobainforma.info\/index.php\/wp-json\/wp\/v2\/posts\/166112"}],"collection":[{"href":"http:\/\/cordobainforma.info\/index.php\/wp-json\/wp\/v2\/posts"}],"about":[{"href":"http:\/\/cordobainforma.info\/index.php\/wp-json\/wp\/v2\/types\/post"}],"author":[{"embeddable":true,"href":"http:\/\/cordobainforma.info\/index.php\/wp-json\/wp\/v2\/users\/1"}],"replies":[{"embeddable":true,"href":"http:\/\/cordobainforma.info\/index.php\/wp-json\/wp\/v2\/comments?post=166112"}],"version-history":[{"count":0,"href":"http:\/\/cordobainforma.info\/index.php\/wp-json\/wp\/v2\/posts\/166112\/revisions"}],"wp:featuredmedia":[{"embeddable":true,"href":"http:\/\/cordobainforma.info\/index.php\/wp-json\/wp\/v2\/media\/166113"}],"wp:attachment":[{"href":"http:\/\/cordobainforma.info\/index.php\/wp-json\/wp\/v2\/media?parent=166112"}],"wp:term":[{"taxonomy":"category","embeddable":true,"href":"http:\/\/cordobainforma.info\/index.php\/wp-json\/wp\/v2\/categories?post=166112"},{"taxonomy":"post_tag","embeddable":true,"href":"http:\/\/cordobainforma.info\/index.php\/wp-json\/wp\/v2\/tags?post=166112"}],"curies":[{"name":"wp","href":"https:\/\/api.w.org\/{rel}","templated":true}]}}