{"id":166107,"date":"2025-08-25T11:50:00","date_gmt":"2025-08-25T11:50:00","guid":{"rendered":"https:\/\/elobjetivo.com.ar\/contenido\/90096\/nicky-nicole-celebro-sus-25-anos-junto-a-lamine-yamal"},"modified":"2025-08-25T11:50:00","modified_gmt":"2025-08-25T11:50:00","slug":"nicky-nicole-celebro-sus-25-anos-junto-a-lamine-yamal","status":"publish","type":"post","link":"http:\/\/cordobainforma.info\/index.php\/2025\/08\/25\/nicky-nicole-celebro-sus-25-anos-junto-a-lamine-yamal\/","title":{"rendered":"Nicky Nicole celebr\u00f3 sus 25 a\u00f1os junto a Lamine Yamal"},"content":{"rendered":"<p><img src=\"http:\/\/cordobainforma.info\/wp-content\/uploads\/2025\/08\/nicky-nicole-celebro-sus-25-anos-junto-a-lamine-yamal.webp\"><\/p>\n<div readability=\"32\"><img loading=\"lazy\" alt=\"yamal y nicole\" class=\"img-responsive lazyload\" data-sizes=\"auto\" data-src=\"\/download\/multimedia.normal.9e6c9dc00638c0b7.bm9ybWFsLndlYnA%3D.webp\" data-srcset=\"\/download\/multimedia.normal.9e6c9dc00638c0b7.bm9ybWFsLndlYnA%3D.webp 1280w, \/download\/multimedia.miniatura.8a981827c005c96a.bWluaWF0dXJhLndlYnA%3D.webp 400w\" height=\"717\" src=\"data:,\" width=\"1280\"><\/p>\n<p><span>Nicky Nicole celebr\u00f3 sus 25 a\u00f1os junto a Lamine Yamal.<\/span><span>Foto: gentileza<\/span><\/p>\n<\/div>\n<div readability=\"36.920415224913\">\n<p>Nicki Nicole y Lamine Yamal hicieron oficial su relaci\u00f3n sentimental. En una fotograf\u00eda publicada en el perfil de Instagram del reconocido futbolista muestra una escena con rosas, globos de corazones, una gran torta personalizada y los dos protagonistas en actitud rom\u00e1ntica.<\/p>\n<p>El joven crack del Bar\u00e7a, con apenas dieciocho a\u00f1os, y la artista argentina, que este lunes 25 de agosto sopl\u00f3 veinticinco velas, decidieron compartir con su p\u00fablico la imagen que despeja cualquier duda.<\/p>\n<\/div>\n","protected":false},"excerpt":{"rendered":"<p>Nicky Nicole celebr\u00f3 sus 25 a\u00f1os junto a Lamine Yamal.Foto: gentileza Nicki Nicole y Lamine Yamal hicieron oficial su relaci\u00f3n sentimental. En una fotograf\u00eda publicada en el perfil de Instagram del reconocido futbolista muestra una escena con rosas, globos de corazones, una gran torta personalizada y los dos protagonistas en actitud rom\u00e1ntica. El joven crack [&hellip;]<\/p>\n","protected":false},"author":1,"featured_media":0,"comment_status":"closed","ping_status":"closed","sticky":false,"template":"","format":"standard","meta":[],"categories":[],"tags":[],"_links":{"self":[{"href":"http:\/\/cordobainforma.info\/index.php\/wp-json\/wp\/v2\/posts\/166107"}],"collection":[{"href":"http:\/\/cordobainforma.info\/index.php\/wp-json\/wp\/v2\/posts"}],"about":[{"href":"http:\/\/cordobainforma.info\/index.php\/wp-json\/wp\/v2\/types\/post"}],"author":[{"embeddable":true,"href":"http:\/\/cordobainforma.info\/index.php\/wp-json\/wp\/v2\/users\/1"}],"replies":[{"embeddable":true,"href":"http:\/\/cordobainforma.info\/index.php\/wp-json\/wp\/v2\/comments?post=166107"}],"version-history":[{"count":0,"href":"http:\/\/cordobainforma.info\/index.php\/wp-json\/wp\/v2\/posts\/166107\/revisions"}],"wp:attachment":[{"href":"http:\/\/cordobainforma.info\/index.php\/wp-json\/wp\/v2\/media?parent=166107"}],"wp:term":[{"taxonomy":"category","embeddable":true,"href":"http:\/\/cordobainforma.info\/index.php\/wp-json\/wp\/v2\/categories?post=166107"},{"taxonomy":"post_tag","embeddable":true,"href":"http:\/\/cordobainforma.info\/index.php\/wp-json\/wp\/v2\/tags?post=166107"}],"curies":[{"name":"wp","href":"https:\/\/api.w.org\/{rel}","templated":true}]}}