{"id":166105,"date":"2025-08-25T15:23:20","date_gmt":"2025-08-25T15:23:20","guid":{"rendered":"https:\/\/www.escribiendocine.com\/noticias\/2025\/08\/25\/20302-homo-argentum-supero-el-millon-de-espectadores-y-se-convierte-en-fenomeno-del-cine-argentino"},"modified":"2025-08-25T15:23:20","modified_gmt":"2025-08-25T15:23:20","slug":"homo-argentum-supero-el-millon-de-espectadores-y-se-convierte-en-fenomeno-del-cine-argentino","status":"publish","type":"post","link":"http:\/\/cordobainforma.info\/index.php\/2025\/08\/25\/homo-argentum-supero-el-millon-de-espectadores-y-se-convierte-en-fenomeno-del-cine-argentino\/","title":{"rendered":"\u00abHomo Argentum\u00bb super\u00f3 el mill\u00f3n de espectadores y se convierte en fen\u00f3meno del cine argentino"},"content":{"rendered":"<div class=\"media_block\"><\/div>\n<div><img src=\"http:\/\/cordobainforma.info\/wp-content\/uploads\/2025\/08\/homo-argentum-supero-el-millon-de-espectadores-y-se-convierte-en-fenomeno-del-cine-argentino.jpg\" class=\"ff-og-image-inserted\"><\/div>\n<div readability=\"23.25\">\n<div class=\"col-xs-12 col-sm-6 col-md-12 col-lg-3 no-padding col-der\" readability=\"7\">\n<p> <span class=\"fecha\">lunes 25 de agosto de 2025 <\/span> <\/p>\n<\/p><\/div><\/div>\n<div readability=\"31\">\n<p>El fen\u00f3meno tiene nombre y apellido: <strong>Homo Argentum<\/strong>. En tan solo once d\u00edas, la pel\u00edcula dirigida por Mariano Cohn y Gast\u00f3n Duprat y protagonizada por Guillermo Francella llev\u00f3 al cine a 1.080.000 personas, lo que significa que seis de cada diez espectadores que compraron entradas en este per\u00edodo la eligieron entre los 74 t\u00edtulos en cartel.<\/p>\n<p class=\"noticia-relacionada noEditable\" data-id=\"20236\"><ampiframe src=\"https:\/\/www.escribiendocine.com\/api\/noticias\/20236\/relacionadas?amp=1\" layout=\"fixed-height\" sandbox=\"allow-top-navigation allow-top-navigation-by-user-activation allow-scripts \" height=\"100px\"> <b placeholder>Lee tambi\u00e9n: Cr\u00edtica de \u00abHomo Argentum\u00bb: Guillermo Francella y la argentinidad seg\u00fan Cohn y Duprat<\/b> <\/ampiframe><\/p>\n<p>El dato la instala como la segunda pel\u00edcula argentina en alcanzar tan r\u00e1pido el mill\u00f3n de entradas, compartiendo podio con <strong>Relatos salvajes <\/strong>y <strong>Metegol<\/strong>, y superando incluso a <strong>Minecraft<\/strong>, que hab\u00eda llegado a la misma cifra un d\u00eda m\u00e1s tarde.<\/p>\n<p>El estreno no solo se mide en n\u00fameros. Desde antes de su llegada a salas, la pel\u00edcula fue tema de discusi\u00f3n en medios y redes sociales. Una vez en cartel, su impacto creci\u00f3 hasta convertirse en una pieza central de la conversaci\u00f3n cultural argentina, entre debates, celebraciones y cuestionamientos.<\/p>\n<\/p><\/div>\n","protected":false},"excerpt":{"rendered":"<p>lunes 25 de agosto de 2025 El fen\u00f3meno tiene nombre y apellido: Homo Argentum. En tan solo once d\u00edas, la pel\u00edcula dirigida por Mariano Cohn y Gast\u00f3n Duprat y protagonizada por Guillermo Francella llev\u00f3 al cine a 1.080.000 personas, lo que significa que seis de cada diez espectadores que compraron entradas en este per\u00edodo la [&hellip;]<\/p>\n","protected":false},"author":1,"featured_media":166106,"comment_status":"open","ping_status":"closed","sticky":false,"template":"","format":"standard","meta":[],"categories":[21],"tags":[],"_links":{"self":[{"href":"http:\/\/cordobainforma.info\/index.php\/wp-json\/wp\/v2\/posts\/166105"}],"collection":[{"href":"http:\/\/cordobainforma.info\/index.php\/wp-json\/wp\/v2\/posts"}],"about":[{"href":"http:\/\/cordobainforma.info\/index.php\/wp-json\/wp\/v2\/types\/post"}],"author":[{"embeddable":true,"href":"http:\/\/cordobainforma.info\/index.php\/wp-json\/wp\/v2\/users\/1"}],"replies":[{"embeddable":true,"href":"http:\/\/cordobainforma.info\/index.php\/wp-json\/wp\/v2\/comments?post=166105"}],"version-history":[{"count":0,"href":"http:\/\/cordobainforma.info\/index.php\/wp-json\/wp\/v2\/posts\/166105\/revisions"}],"wp:featuredmedia":[{"embeddable":true,"href":"http:\/\/cordobainforma.info\/index.php\/wp-json\/wp\/v2\/media\/166106"}],"wp:attachment":[{"href":"http:\/\/cordobainforma.info\/index.php\/wp-json\/wp\/v2\/media?parent=166105"}],"wp:term":[{"taxonomy":"category","embeddable":true,"href":"http:\/\/cordobainforma.info\/index.php\/wp-json\/wp\/v2\/categories?post=166105"},{"taxonomy":"post_tag","embeddable":true,"href":"http:\/\/cordobainforma.info\/index.php\/wp-json\/wp\/v2\/tags?post=166105"}],"curies":[{"name":"wp","href":"https:\/\/api.w.org\/{rel}","templated":true}]}}