{"id":166099,"date":"2025-08-26T12:57:45","date_gmt":"2025-08-26T12:57:45","guid":{"rendered":"https:\/\/cordobainforma.info\/index.php\/2025\/08\/26\/hay-un-holocausto-en-gaza-arrestan-a-joven-por-grafitear-el-santo-sepulcro-en-jerusalen\/"},"modified":"2025-08-26T12:57:45","modified_gmt":"2025-08-26T12:57:45","slug":"hay-un-holocausto-en-gaza-arrestan-a-joven-por-grafitear-el-santo-sepulcro-en-jerusalen","status":"publish","type":"post","link":"http:\/\/cordobainforma.info\/index.php\/2025\/08\/26\/hay-un-holocausto-en-gaza-arrestan-a-joven-por-grafitear-el-santo-sepulcro-en-jerusalen\/","title":{"rendered":"\u00abHay un holocausto en Gaza\u00bb: Arrestan a joven por grafitear el Santo Sepulcro en Jerusal\u00e9n"},"content":{"rendered":"<p><img src=\"http:\/\/cordobainforma.info\/wp-content\/uploads\/2025\/08\/hay-un-holocausto-en-gaza-arrestan-a-joven-por-grafitear-el-santo-sepulcro-en-jerusalen.jpg\"><\/p>\n<p>Un joven jud\u00edo ultraortodoxo de 27 a\u00f1os ha sido arrestado la madrugada de este martes en Jerusal\u00e9n por grafitear la iglesia del Santo Sepulcro. \u00abHay un holocausto en Gaza\u00bb, escribi\u00f3 en hebreo. El detenido fue encontrado en posesi\u00f3n de un espray de pintura en una de las entradas de la Ciudad Vieja, donde se ubica el santuario,&nbsp;<a href=\"https:\/\/www.ynetnews.com\/article\/hktzkt5flg\" target=\"_blank\" rel=\"noopener noreferrer\">informan<\/a>&nbsp;medios locales.<\/p>\n<div class=\"ReadMore-root Section-root Section-is1to3-xs_is1to1\" data-widgets=\"ReadMore\">\n<div class=\"Section-container Section-isRow-isTop-isWrap\">\n<article class=\"Card-root Card-is1to1 Card-default \">\n<div class=\"Card-imageWrap\">\n<div class=\"Card-picture\"> <picture class=\"Picture-root Picture-default\"><!--[if IE 9]><video style=\"display: none;\"><![endif]--><source media=\"(-webkit-min-device-pixel-ratio: 2) and (min-resolution: 120dpi)\" srcset=\"http:\/\/cordobainforma.info\/wp-content\/uploads\/2025\/08\/hay-un-holocausto-en-gaza-arrestan-a-joven-por-grafitear-el-santo-sepulcro-en-jerusalen-2.jpg 850w, http:\/\/cordobainforma.info\/wp-content\/uploads\/2025\/08\/hay-un-holocausto-en-gaza-arrestan-a-joven-por-grafitear-el-santo-sepulcro-en-jerusalen-3.jpg 1960w\"><source srcset=\"http:\/\/cordobainforma.info\/wp-content\/uploads\/2025\/08\/hay-un-holocausto-en-gaza-arrestan-a-joven-por-grafitear-el-santo-sepulcro-en-jerusalen-2.jpg, https:\/\/actualidad.rt.com\/actualidad\/460, http:\/\/cordobainforma.info\/wp-content\/uploads\/2025\/08\/hay-un-holocausto-en-gaza-arrestan-a-joven-por-grafitear-el-santo-sepulcro-en-jerusalen-3.jpg 980w\"><!--[if IE 9]><\/video><![endif]--><img data-sizes=\"auto\" src=\"http:\/\/cordobainforma.info\/wp-content\/uploads\/2025\/08\/hay-un-holocausto-en-gaza-arrestan-a-joven-por-grafitear-el-santo-sepulcro-en-jerusalen-2.jpg\" class=\"Picture-root Picture-default lazyload\" alt=\"&quot;Espero que nutra la misma esperanza por los ni\u00f1os de Gaza&quot;: Primera dama turca se dirige a Melania Trump\"><\/picture><!-- noscript pattern --><noscript><img src=\"http:\/\/cordobainforma.info\/wp-content\/uploads\/2025\/08\/hay-un-holocausto-en-gaza-arrestan-a-joven-por-grafitear-el-santo-sepulcro-en-jerusalen-3.jpg\" alt=\"&quot;Espero que nutra la misma esperanza por los ni\u00f1os de Gaza&quot;: Primera dama turca se dirige a Melania Trump\"><\/noscript> <\/div><\/div>\n<\/article><\/div><\/div>\n<p>Tras las investigaciones, los agentes determinaron que se trata de la misma persona que <a href=\"https:\/\/www.timesofisrael.com\/holocaust-in-gaza-graffiti-sprayed-on-western-wall-reportedly-by-troubled-haredi-man\/\" target=\"_blank\" rel=\"noopener noreferrer\">realiz\u00f3<\/a> un grafiti con la misma frase en el Muro de los Lamentos el pasado 11 de agosto.&nbsp;<\/p>\n<h3><strong>Antecedentes psiqui\u00e1tricos<\/strong><\/h3>\n<p>De acuerdo a la informaci\u00f3n que brind\u00f3 el padre del detenido a medios israel\u00edes,&nbsp;el joven&nbsp;padece enfermedades psiqui\u00e1tricas y posee un historial de reiteradas hospitalizaciones por ese motivo.<\/p>\n<p>\u00abMi hijo se encuentra en un estado psiqui\u00e1trico grave y no habr\u00eda hecho esto en circunstancias normales,\u00bb <a href=\"https:\/\/www.ynetnews.com\/jewish-world\/article\/r1m3lkdoex\">afirm\u00f3<\/a>. \u00abEs una persona buena y gentil y lo amamos. Repudio completamente sus acciones. Son una verg\u00fcenza\u00bb, agreg\u00f3.<\/p>\n","protected":false},"excerpt":{"rendered":"<p>Un joven jud\u00edo ultraortodoxo de 27 a\u00f1os ha sido arrestado la madrugada de este martes en Jerusal\u00e9n por grafitear la iglesia del Santo Sepulcro. \u00abHay un holocausto en Gaza\u00bb, escribi\u00f3 en hebreo. El detenido fue encontrado en posesi\u00f3n de un espray de pintura en una de las entradas de la Ciudad Vieja, donde se ubica [&hellip;]<\/p>\n","protected":false},"author":1,"featured_media":166100,"comment_status":"closed","ping_status":"closed","sticky":false,"template":"","format":"standard","meta":[],"categories":[22],"tags":[],"_links":{"self":[{"href":"http:\/\/cordobainforma.info\/index.php\/wp-json\/wp\/v2\/posts\/166099"}],"collection":[{"href":"http:\/\/cordobainforma.info\/index.php\/wp-json\/wp\/v2\/posts"}],"about":[{"href":"http:\/\/cordobainforma.info\/index.php\/wp-json\/wp\/v2\/types\/post"}],"author":[{"embeddable":true,"href":"http:\/\/cordobainforma.info\/index.php\/wp-json\/wp\/v2\/users\/1"}],"replies":[{"embeddable":true,"href":"http:\/\/cordobainforma.info\/index.php\/wp-json\/wp\/v2\/comments?post=166099"}],"version-history":[{"count":0,"href":"http:\/\/cordobainforma.info\/index.php\/wp-json\/wp\/v2\/posts\/166099\/revisions"}],"wp:featuredmedia":[{"embeddable":true,"href":"http:\/\/cordobainforma.info\/index.php\/wp-json\/wp\/v2\/media\/166100"}],"wp:attachment":[{"href":"http:\/\/cordobainforma.info\/index.php\/wp-json\/wp\/v2\/media?parent=166099"}],"wp:term":[{"taxonomy":"category","embeddable":true,"href":"http:\/\/cordobainforma.info\/index.php\/wp-json\/wp\/v2\/categories?post=166099"},{"taxonomy":"post_tag","embeddable":true,"href":"http:\/\/cordobainforma.info\/index.php\/wp-json\/wp\/v2\/tags?post=166099"}],"curies":[{"name":"wp","href":"https:\/\/api.w.org\/{rel}","templated":true}]}}