{"id":166097,"date":"2025-08-26T12:08:24","date_gmt":"2025-08-26T12:08:24","guid":{"rendered":"https:\/\/www.mujerhoy.com\/vivir\/ocio\/jerez-caballeros-pueblo-amurallado-badajoz-castillo-templario-torres-20250826150108-nt.html"},"modified":"2025-08-26T12:08:24","modified_gmt":"2025-08-26T12:08:24","slug":"el-pueblo-amurallado-de-badajoz-que-no-te-puedes-perder-este-verano-castillo-templario-las-cuatro-torres-de-su-skyline-y-el-alabadisimo-cerdo-iberico","status":"publish","type":"post","link":"http:\/\/cordobainforma.info\/index.php\/2025\/08\/26\/el-pueblo-amurallado-de-badajoz-que-no-te-puedes-perder-este-verano-castillo-templario-las-cuatro-torres-de-su-skyline-y-el-alabadisimo-cerdo-iberico\/","title":{"rendered":"El pueblo amurallado de Badajoz que no te puedes perder este verano: castillo templario, las cuatro torres de su skyline y el alabad\u00edsimo cerdo ib\u00e9rico"},"content":{"rendered":"<div class=\"media_block\"><\/div>\n<p><!-- AUTHOR --><\/p>\n<div class=\"voc-author-timesocial \">\n<!-- AUTHOR --><\/p>\n<div class=\"voc-author-timesocial__signature \">\n<!-- IMAGE AUTHOR -->\n<picture class=\"voc-image-signature\">\n<img class=\"voc-image-signature__img\" src=\"http:\/\/cordobainforma.info\/wp-content\/uploads\/2025\/08\/el-pueblo-amurallado-de-badajoz-que-no-te-puedes-perder-este-verano-castillo-templario-las-cuatro-torres-de-su-skyline-y-el-alabadisimo-cerdo-iberico.jpg\" alt=\"\u00c1ngeles Castillo\">\n<\/picture>\n<!-- INFO AUTHOR --> <\/div><\/div>\n<p><!-- COMPONENTS --><\/p>\n<p class=\"voc-paragraph\"><strong>Extremadura<\/strong> est\u00e1 llena de tesoros. Da igual que vayas a C\u00e1ceres y hagas parada en <a href=\"https:\/\/www.mujerhoy.com\/vivir\/ocio\/guadalupe-pueblo-caceres-que-ver-monasterio-patrimonio-humanidad-arte-20250528093442-nt.html\" target=\"_self\" data-voc-vtm-id=\"in-text-traffic\" title=\"Guadalupe y su monasterio Patrimonio de la Humanidad\" data-mrf-link=\"www.mujerhoy.com\" rel=\"noopener noreferrer\">Guadalupe y su monasterio Patrimonio de la Humanidad<\/a>. O que pongas <a href=\"https:\/\/www.mujerhoy.com\/vivir\/ocio\/capilla-sixtina-extremadura-sierra-morena-ermita-secreta-aparicion-virgen-20250619140959-nt.html\" target=\"_self\" data-voc-vtm-id=\"in-text-traffic\" title=\"rumbo a la llamada Capilla Sixtina extreme\u00f1a\" data-mrf-link=\"www.mujerhoy.com\" rel=\"noopener noreferrer\">rumbo a la llamada Capilla Sixtina extreme\u00f1a<\/a>, en las inmediaciones del pacense Fuente del Arco. Siempre te resultar\u00e1 un viaje embriagador y sorprendente. <\/p>\n<p class=\"voc-paragraph\">Es lo que pasa en<strong> Jerez de los Caballeros<\/strong>, tambi\u00e9n en Badajoz, donde se puede seguir la huella de los caballeros de su nombre, o sea, los templarios. Curiosamente, aunque se trate de otro Jerez, nada que ver con el gaditano, se encuentra casi en la frontera, a poca distancia de nuestro adorado vecino Portugal, donde recientemente <a href=\"https:\/\/www.mujerhoy.com\/vivir\/ocio\/burgau-pueblo-pesquero-algarve-portugal-sin-turistas-escapadas-verano-20250612145938-nt.html\" target=\"_self\" data-voc-vtm-id=\"in-text-traffic\" title=\"visitamos el Santorini del Algarve\" data-mrf-link=\"www.mujerhoy.com\" rel=\"noopener noreferrer\">visitamos el Santorini del Algarve<\/a>. De hecho, el precioso Monsaraz, que tiene <strong>playa fluvial<\/strong> y todo, est\u00e1 a menos de una hora. As\u00ed que este puede ser el plan perfecto del verano.<\/p>\n<div class=\"v-c-cmp v-c-cmp--t1 \">\n<div class=\"v-cmp-rld v-cmp-rld--2 \">\n<div class=\"v-cnt-m v-cnt-m--m\">\n<div class=\"v-cnt-m__c\">\n<div class=\"v-cnt-m__w v-cnt-m__w--1\">\n<p class=\"v-cnt-m__t\">\nTAMBI\u00c9N TE INTERESA\n<\/p>\n<\/div>\n<\/div>\n<\/div>\n<div class=\"v-g v-g--2-c v-g--bdr-min-xs\">\n<div class=\"v-g__c \">\n<article class=\"v-a v-a--cmp-rld v-a--cmp-rld-2 v-a--p-l\">\n<div class=\"v-a-img-c\">\n<figure class=\"v-a-fig\">\n<a href=\"https:\/\/www.mujerhoy.com\/vivir\/ocio\/calella-palafruguell-antiguo-pueblo-pescadores-costa-brava-inspiro-serrat-20250806150628-nt.html#vtm_modulosEngag=mod-rel:vivir:noticia:1:cmp:2-not\" class=\"v-a-link\" title=\"El pueblo de la Costa Brava que inspir\u00f3 la canci\u00f3n Mediterr\u00e1neo de Serrat: calas secretas y casitas de colores\"><br \/>\n<img loading=\"lazy\" class=\"v-a-img\" src=\"http:\/\/cordobainforma.info\/wp-content\/uploads\/2025\/08\/el-pueblo-amurallado-de-badajoz-que-no-te-puedes-perder-este-verano-castillo-templario-las-cuatro-torres-de-su-skyline-y-el-alabadisimo-cerdo-iberico-1.jpg\" alt=\"El pueblo de la Costa Brava que inspir\u00f3 la canci\u00f3n Mediterr\u00e1neo de Serrat: calas secretas y casitas de colores\"><br \/>\n<\/a><br \/>\n<\/figure>\n<\/div>\n<\/article>\n<\/div>\n<div class=\"v-g__c \">\n<article class=\"v-a v-a--cmp-rld v-a--cmp-rld-2 v-a--p-l\">\n<div class=\"v-a-img-c\">\n<figure class=\"v-a-fig\">\n<a href=\"https:\/\/www.mujerhoy.com\/vivir\/ocio\/pueblo-jaen-balneario-marmolejo-aristocracia-20250803184327-nt.html#vtm_modulosEngag=mod-rel:vivir:noticia:2:cmp:2-not\" class=\"v-a-link\" title=\"El sorprendente pueblo de Ja\u00e9n con balneario que enamor\u00f3 a la aristocracia\"><br \/>\n<img loading=\"lazy\" class=\"v-a-img\" src=\"http:\/\/cordobainforma.info\/wp-content\/uploads\/2025\/08\/el-pueblo-amurallado-de-badajoz-que-no-te-puedes-perder-este-verano-castillo-templario-las-cuatro-torres-de-su-skyline-y-el-alabadisimo-cerdo-iberico-2.jpg\" alt=\"El sorprendente pueblo de Ja\u00e9n con balneario que enamor\u00f3 a la aristocracia\"><br \/>\n<\/a><br \/>\n<\/figure>\n<\/div>\n<\/article>\n<\/div>\n<\/div>\n<\/div>\n<\/div>\n<p class=\"voc-paragraph\">Ya su estampa te dejar\u00e1 con la boca abierta. Sobre todo, por la proliferaci\u00f3n de torres, a cual m\u00e1s hermosa, brotando entre el blanco impoluto de la villa, con las casas arracimadas en torno a sus monumentos. Un <strong>alarde barroco<\/strong> que recuerda, en cierta manera, a Sevilla, pero que conserva su <a href=\"https:\/\/www.mujerhoy.com\/vivir\/ocio\/ampudia-palencia-pueblo-medieval-castilla-leon-giralda-campos-20250727093206-nt.html\" target=\"_self\" data-voc-vtm-id=\"in-text-traffic\" title=\"trazado medieval, con la muralla y el castillo\" data-mrf-link=\"www.mujerhoy.com\" rel=\"noopener noreferrer\">trazado medieval, con la muralla y el castillo<\/a> guardando los secretos de su glorioso pasado caballeresco. Por supuesto, est\u00e1 declarado conjunto hist\u00f3rico-art\u00edstico. C\u00f3mo no, si solo verlo de pasada causa ya una profunda emoci\u00f3n est\u00e9tica. <\/p>\n<p class=\"voc-paragraph\">Aqu\u00ed tambi\u00e9n la historia se escribe en piedra. Empezando por la alcazaba, de origen musulm\u00e1n, pero tomada y reformada por los templarios tras la Reconquista y despu\u00e9s por la Orden de Santiago. Una <strong>fortaleza<\/strong> como mandan los c\u00e1nones, con su torre Sangrienta, como se conoce la del Homenaje -eran sitios de batalla, al fin y al cabo-, y hermanas: las del Carb\u00f3n, de Armas, del Reloj o de la Veleta. Y, claro, con una panor\u00e1mica sobre la ciudad digna de la m\u00e1s entusiasta de las alabanzas. Desde este privilegiado balc\u00f3n se puede jugar a identificar cada torre.<\/p>\n<div class=\"v-c-cmp v-c-cmp--s\">\n<div class=\"v-cmp-m \">\n<article class=\"v-a v-a--cmp-m v-c-cmp--m-z\">\n<div class=\"v-a-img-c \">\n<div class=\"v-a-fig\">\n<button class=\"v-a-link\" popovertarget=\"photo-220\"><br \/>\n<img loading=\"lazy\" src=\"http:\/\/cordobainforma.info\/wp-content\/uploads\/2025\/08\/el-pueblo-amurallado-de-badajoz-que-no-te-puedes-perder-este-verano-castillo-templario-las-cuatro-torres-de-su-skyline-y-el-alabadisimo-cerdo-iberico-3.jpg\" class=\"v-a-img\" width=\"650\" height=\"650\" alt=\"La puerta de Burgos, uno de los accesos a la villa amurallada.\" data-voc-vtm-id=\"in-text-traffic\"> <\/button><figcaption class=\"v-fc\">\n<span class=\"v-fc__t\"><br \/>\nLa puerta de Burgos, uno de los accesos a la villa amurallada.<br \/>\n<\/span><br \/>\n<span class=\"v-fc__p\"><br \/>\nTURISMO JEREZ DE LOS CABALLEROS<br \/>\n<\/span><br \/>\n<\/figcaption><\/div>\n<\/div>\n<div id=\"photo-220\" popover class=\"v-mdl v-mdl--fw\">\n<button class=\"v-x\" popovertarget=\"photo-220\" popovertargetaction=\"hide\"><br \/>\n<span class=\"v-i\"><br \/>\n<svg width=\"24\" height=\"23.996\" viewBox=\"0 0 24 23.996\">\n<path data-name=\"Uni\u00f3n 29\" d=\"M12,14.03,2.031,24,0,21.963,9.968,12,0,2.033,2.031,0,12,9.966,21.969,0,24,2.033,14.032,12,24,21.963,21.969,24Z\" \/>\n<\/svg><br \/>\n<\/span><br \/>\n<\/button><\/p>\n<div class=\"v-mdl__c\">\n<div class=\"v-mdl__w\">\n<img loading=\"lazy\" src=\"http:\/\/cordobainforma.info\/wp-content\/uploads\/2025\/08\/el-pueblo-amurallado-de-badajoz-que-no-te-puedes-perder-este-verano-castillo-templario-las-cuatro-torres-de-su-skyline-y-el-alabadisimo-cerdo-iberico-3.jpg\" class=\"v-mdl__img-z\" width=\"650\" height=\"650\" alt>\n<\/div>\n<\/div>\n<\/div>\n<p><span class=\"v-bdp\"><\/span><br \/>\n<\/article>\n<\/div>\n<\/div>\n<p class=\"voc-paragraph\">Veamos. Tenemos, haci\u00e9ndose con todas las miradas, la alt\u00edsima y revestida de azulejos policromados de la<strong> iglesia de San Bartolom\u00e9<\/strong>, llevando a gala su acentuado barroquismo y con un interior en el que sobresale la pila bautismal de, atenci\u00f3n, Vasco N\u00fa\u00f1ez de Balboa, el descubridor del Pac\u00edfico en 1513, y un altar mayor tallado en madera. Y la de la iglesia de San Miguel Arc\u00e1ngel, el faro espiritual de Jerez, que se alza en la plaza de Espa\u00f1a, presumiendo de frescos, c\u00fapula y retablos. Dos aut\u00e9nticas maravillas.<\/p>\n<p><h3 class=\"v-cmp-suh\">\nQu\u00e9 ver en Jerez de los Caballeros m\u00e1s all\u00e1 de su castillo<br \/>\n<\/h3>\n<\/p>\n<p class=\"voc-paragraph\">Continuamos con <strong>las torres<\/strong>. La cuadrangular, de cuatro cuerpos y muy robusta de Santa Mar\u00eda de la Encarnaci\u00f3n, la iglesia m\u00e1s antigua del municipio, de origen visig\u00f3tico y con pasado como mezquita. Y la de de Santa Catalina, de campanario cuadrado de tres cuerpos, barroca y con toques neocl\u00e1sicos, y famosa tambi\u00e9n por su retablo mayor. Todas componiendo la silueta, por no decir skyline, jerezana. <\/p>\n<p class=\"voc-paragraph\">Estamos en el suroeste de la provincia de Badajoz, elevados 500 metros sobre el nivel del mar e intramuros porque, no hay que olvidarlo, a\u00fan sigue en pie buena parte de su muralla. De las seis puertas que ten\u00eda, solo se conservan dos: la de Burgos, que no es en referencia a la lejana ciudad del Arlanz\u00f3n, sino al cercano Burguillos del Cerro, y la de la Villa. Esto para entrar, porque si se trata de salir, hay que ir derechos al <strong>parque de Santa Luc\u00eda<\/strong>, extramuros por poco y con bellas vistas del valle del r\u00edo Ardila y las estribaciones de Sierra Morena.<\/p>\n<p class=\"voc-paragraph\">Que haya tantas iglesias tan principales marcando territorio con sus torres no deber\u00eda hacer sombra a otros monumentos como el convento de San Agust\u00edn, el de Nuestra Se\u00f1ora de la Consolaci\u00f3n o el de la Madre de Dios. Todos blanqu\u00edsimos. O a las ermitas de los Santos M\u00e1rtires, San L\u00e1zaro o Santiago. Hay hasta una <strong>veintena de edificios religiosos<\/strong> con rasgos g\u00f3ticos, renacentistas o barrocos. Y otros tantos palacios: el de los Quevedo, el de Rianzuela, el del Bachiller Mart\u00ednez de Logro\u00f1o o la Casa del Sol. <\/p>\n<div class=\"v-c-cmp v-c-cmp--s\">\n<div class=\"v-cmp-m \">\n<article class=\"v-a v-a--cmp-m v-c-cmp--m-z\">\n<div class=\"v-a-img-c \">\n<div class=\"v-a-fig\">\n<button class=\"v-a-link\" popovertarget=\"photo-779\"><br \/>\n<img loading=\"lazy\" src=\"http:\/\/cordobainforma.info\/wp-content\/uploads\/2025\/08\/el-pueblo-amurallado-de-badajoz-que-no-te-puedes-perder-este-verano-castillo-templario-las-cuatro-torres-de-su-skyline-y-el-alabadisimo-cerdo-iberico-4.jpg\" class=\"v-a-img\" width=\"650\" height=\"650\" alt=\"La impresionante iglesia de San Miguel Arc\u00e1ngel.\" data-voc-vtm-id=\"in-text-traffic\"> <\/button><figcaption class=\"v-fc\">\n<span class=\"v-fc__t\"><br \/>\nLa impresionante iglesia de San Miguel Arc\u00e1ngel.<br \/>\n<\/span><br \/>\n<span class=\"v-fc__p\"><br \/>\nTURISMO JEREZ DE LOS CABALLEROS<br \/>\n<\/span><br \/>\n<\/figcaption><\/div>\n<\/div>\n<div id=\"photo-779\" popover class=\"v-mdl v-mdl--fw\">\n<button class=\"v-x\" popovertarget=\"photo-779\" popovertargetaction=\"hide\"><br \/>\n<span class=\"v-i\"><br \/>\n<svg width=\"24\" height=\"23.996\" viewBox=\"0 0 24 23.996\">\n<path data-name=\"Uni\u00f3n 29\" d=\"M12,14.03,2.031,24,0,21.963,9.968,12,0,2.033,2.031,0,12,9.966,21.969,0,24,2.033,14.032,12,24,21.963,21.969,24Z\" \/>\n<\/svg><br \/>\n<\/span><br \/>\n<\/button><\/p>\n<div class=\"v-mdl__c\">\n<div class=\"v-mdl__w\">\n<img loading=\"lazy\" src=\"http:\/\/cordobainforma.info\/wp-content\/uploads\/2025\/08\/el-pueblo-amurallado-de-badajoz-que-no-te-puedes-perder-este-verano-castillo-templario-las-cuatro-torres-de-su-skyline-y-el-alabadisimo-cerdo-iberico-4.jpg\" class=\"v-mdl__img-z\" width=\"650\" height=\"650\" alt>\n<\/div>\n<\/div>\n<\/div>\n<p><span class=\"v-bdp\"><\/span><br \/>\n<\/article>\n<\/div>\n<\/div>\n<p class=\"voc-paragraph\">En Jerez de los Caballeros se rinde culto adem\u00e1s al <strong>cerdo ib\u00e9rico<\/strong>, que tiene su momento cumbre con la celebraci\u00f3n del Sal\u00f3n del Jam\u00f3n Ib\u00e9rico y la Dehesa, que re\u00fane a principios de mayo a los mejores proveedores del sector y recibe miles de visitantes. No hay que pasar por alto que est\u00e1 a menos de una hora del <a href=\"https:\/\/www.mujerhoy.com\/vivir\/ocio\/minas-rio-tinto-huelva-andalucia-paisaje-marte-mina-tren-luna-20250613135210-nt.html\" target=\"_self\" data-voc-vtm-id=\"in-text-traffic\" title=\"afamado Jabugo, ya en la espectacular Huelva\" data-mrf-link=\"www.mujerhoy.com\" rel=\"noopener noreferrer\">afamado Jabugo, ya en la espectacular Huelva<\/a>. Productos los del cerdo que se pueden degustar en los restaurantes locales, que tambi\u00e9n tienen lo suyo. <\/p>\n<p class=\"voc-paragraph\">Desde el <strong>restaurante Santa Mar\u00eda<\/strong>, junto a la iglesia de la Encarnaci\u00f3n, hasta La Ermita, porque realmente lo es. Una del siglo XVII originariamente dedicada al Cristo de la Vera Cruz, que conserva el p\u00falpito y el retablo. Pluma o solomillo ib\u00e9ricos al carb\u00f3n, y en ese plan. Jerez de los Caballeros es as\u00ed. Como curiosidad, no fue <strong>N\u00fa\u00f1ez de Balboa<\/strong>, quien goza de casa-museo, el \u00fanico explorador que sali\u00f3 de estas tierras. Seg\u00fan el historiador Vicente Navarro del Castillo, nada menos que 172 jerezanos se embarcaron en la epopeya americana. Lo que dec\u00edamos, pura historia de leyenda.<\/p>\n<div class=\"v-c-cmp v-c-cmp--t1 \">\n<div class=\"v-cmp-rld v-cmp-rld--2 \">\n<div class=\"v-cnt-m v-cnt-m--m\">\n<div class=\"v-cnt-m__c\">\n<div class=\"v-cnt-m__w v-cnt-m__w--1\">\n<p class=\"v-cnt-m__t\">\nNO TE PIERDAS\n<\/p>\n<\/div>\n<\/div>\n<\/div>\n<div class=\"v-g v-g--2-c v-g--bdr-min-xs\">\n<div class=\"v-g__c \">\n<article class=\"v-a v-a--cmp-rld v-a--cmp-rld-2 v-a--p-l\">\n<div class=\"v-a-img-c\">\n<figure class=\"v-a-fig\">\n<a href=\"https:\/\/www.mujerhoy.com\/vivir\/ocio\/bubion-bonito-pueblo-blanco-alpujarras-granada-destino-slow-20250801100314-nt.html#vtm_modulosEngag=mod-rel:vivir:noticia:1:cmp:2-not\" class=\"v-a-link\" title=\"Este pueblo blanco alpujarre\u00f1o es el \u00fanico destino slow de Andaluc\u00eda: oda a la vida tranquila, vistas a Sierra Nevada, arquitectura t\u00edpica y jarapas\"><br \/>\n<img loading=\"lazy\" class=\"v-a-img\" src=\"http:\/\/cordobainforma.info\/wp-content\/uploads\/2025\/08\/el-pueblo-amurallado-de-badajoz-que-no-te-puedes-perder-este-verano-castillo-templario-las-cuatro-torres-de-su-skyline-y-el-alabadisimo-cerdo-iberico-5.jpg\" alt=\"Este pueblo blanco alpujarre\u00f1o es el \u00fanico destino slow de Andaluc\u00eda: oda a la vida tranquila, vistas a Sierra Nevada, arquitectura t\u00edpica y jarapas\"><br \/>\n<\/a><br \/>\n<\/figure>\n<\/div>\n<\/article>\n<\/div>\n<div class=\"v-g__c \">\n<article class=\"v-a v-a--cmp-rld v-a--cmp-rld-2 v-a--p-l\">\n<div class=\"v-a-img-c\">\n<figure class=\"v-a-fig\">\n<a href=\"https:\/\/www.mujerhoy.com\/vivir\/ocio\/isla-plana-murcia-cala-desconocida-cueva-buceo-ruinas-romanas-20250726133848-nt.html#vtm_modulosEngag=mod-rel:vivir:noticia:2:cmp:2-not\" class=\"v-a-link\" title=\"Esta cala de Murcia con una cueva submarina y ruinas romanas es el destino perfecto para un verano de relax\"><br \/>\n<img loading=\"lazy\" class=\"v-a-img\" src=\"http:\/\/cordobainforma.info\/wp-content\/uploads\/2025\/08\/el-pueblo-amurallado-de-badajoz-que-no-te-puedes-perder-este-verano-castillo-templario-las-cuatro-torres-de-su-skyline-y-el-alabadisimo-cerdo-iberico-6.jpg\" alt=\"Esta cala de Murcia con una cueva submarina y ruinas romanas es el destino perfecto para un verano de relax\"><br \/>\n<\/a><br \/>\n<\/figure>\n<\/div>\n<\/article>\n<\/div>\n<\/div>\n<\/div>\n<\/div>\n","protected":false},"excerpt":{"rendered":"<p>Extremadura est\u00e1 llena de tesoros. Da igual que vayas a C\u00e1ceres y hagas parada en Guadalupe y su monasterio Patrimonio de la Humanidad. O que pongas rumbo a la llamada Capilla Sixtina extreme\u00f1a, en las inmediaciones del pacense Fuente del Arco. Siempre te resultar\u00e1 un viaje embriagador y sorprendente. Es lo que pasa en Jerez [&hellip;]<\/p>\n","protected":false},"author":1,"featured_media":166098,"comment_status":"open","ping_status":"closed","sticky":false,"template":"","format":"standard","meta":[],"categories":[18],"tags":[],"_links":{"self":[{"href":"http:\/\/cordobainforma.info\/index.php\/wp-json\/wp\/v2\/posts\/166097"}],"collection":[{"href":"http:\/\/cordobainforma.info\/index.php\/wp-json\/wp\/v2\/posts"}],"about":[{"href":"http:\/\/cordobainforma.info\/index.php\/wp-json\/wp\/v2\/types\/post"}],"author":[{"embeddable":true,"href":"http:\/\/cordobainforma.info\/index.php\/wp-json\/wp\/v2\/users\/1"}],"replies":[{"embeddable":true,"href":"http:\/\/cordobainforma.info\/index.php\/wp-json\/wp\/v2\/comments?post=166097"}],"version-history":[{"count":0,"href":"http:\/\/cordobainforma.info\/index.php\/wp-json\/wp\/v2\/posts\/166097\/revisions"}],"wp:featuredmedia":[{"embeddable":true,"href":"http:\/\/cordobainforma.info\/index.php\/wp-json\/wp\/v2\/media\/166098"}],"wp:attachment":[{"href":"http:\/\/cordobainforma.info\/index.php\/wp-json\/wp\/v2\/media?parent=166097"}],"wp:term":[{"taxonomy":"category","embeddable":true,"href":"http:\/\/cordobainforma.info\/index.php\/wp-json\/wp\/v2\/categories?post=166097"},{"taxonomy":"post_tag","embeddable":true,"href":"http:\/\/cordobainforma.info\/index.php\/wp-json\/wp\/v2\/tags?post=166097"}],"curies":[{"name":"wp","href":"https:\/\/api.w.org\/{rel}","templated":true}]}}