{"id":166093,"date":"2025-08-26T11:18:26","date_gmt":"2025-08-26T11:18:26","guid":{"rendered":"https:\/\/www.mujerhoy.com\/moda\/tendencias\/cuadros-tendencia-otono-2025-20250826155946-nt.html"},"modified":"2025-08-26T11:18:26","modified_gmt":"2025-08-26T11:18:26","slug":"a-cualquier-edad-los-cuadros-han-vuelto-y-a-partir-de-septiembre-los-llevaremos-asi","status":"publish","type":"post","link":"http:\/\/cordobainforma.info\/index.php\/2025\/08\/26\/a-cualquier-edad-los-cuadros-han-vuelto-y-a-partir-de-septiembre-los-llevaremos-asi\/","title":{"rendered":"A cualquier edad, los cuadros han vuelto y a partir de septiembre los llevaremos as\u00ed"},"content":{"rendered":"<div class=\"media_block\"><\/div>\n<p><!-- AUTHOR --><\/p>\n<div class=\"voc-author-timesocial \">\n<!-- AUTHOR --><\/p>\n<div class=\"voc-author-timesocial__signature \">\n<!-- IMAGE AUTHOR -->\n<picture class=\"voc-image-signature\">\n<img class=\"voc-image-signature__img\" src=\"http:\/\/cordobainforma.info\/wp-content\/uploads\/2025\/08\/a-cualquier-edad-los-cuadros-han-vuelto-y-a-partir-de-septiembre-los-llevaremos-asi.jpg\" alt=\"Lauren Izquierdo\">\n<\/picture>\n<!-- INFO AUTHOR --> <\/div><\/div>\n<p><!-- COMPONENTS --><\/p>\n<p class=\"voc-paragraph\">Cada temporada regresan como el estampado que nunca pasa de moda. Y no es para menos. Los <strong>cuadros<\/strong> prometen ser protagonistas indiscutibles a partir de septiembre. Desde los <a href=\"https:\/\/www.mujerhoy.com\/moda\/tendencias\/como-llevar-tartan-estampados-20240303132102-nt.html\" title=\"www.mujerhoy.com\" data-voc-vtm-id=\"in-text-traffic\" data-mrf-link=\"www.mujerhoy.com\">cl\u00e1sicos tart\u00e1n<\/a> brit\u00e1nicos hasta las versiones m\u00e1s minimalistas en blanco y negro, este motivo se ha visto en las pasarelas de <strong>Mil\u00e1n, Par\u00eds y Londres<\/strong>, confirmando que ser\u00e1 una de las apuestas seguras de la moda de oto\u00f1o.<\/p>\n<p class=\"voc-paragraph\">Siempre encuentran <strong>la forma de reinventarse<\/strong>, y lo mejor es que son muy vers\u00e1tiles a cualquier edad y estilo. Funcionan en blazers para un aire elegante, en faldas para un look juvenil y en pantalones o camisas que aportan un punto sofisticado y moderno. Los cuadros siempre son una <strong>inversi\u00f3n inteligente<\/strong>.<\/p>\n<p class=\"voc-paragraph\">Adem\u00e1s, este a\u00f1o los veremos en <strong>combinaciones inesperadas<\/strong>: mezclados con otros estampados, en prendas de siluetas fluidas o en versiones de gran tama\u00f1o que modernizan su est\u00e9tica m\u00e1s cl\u00e1sica, dando como resultado, una imagen actual, fresca y con un <strong>aire cosmopolita<\/strong>.<\/p>\n<p><h3 class=\"v-cmp-suh\">\nLos b\u00e1sicos de cuadros que te recomendamos en septiembre<br \/>\n<\/h3>\n<\/p>\n<div class=\"v-c-cmp v-c-cmp--s\">\n<div class=\"v-cmp-m \">\n<article class=\"v-a v-a--cmp-m v-c-cmp--m-z\">\n<div class=\"v-a-img-c \">\n<div class=\"v-a-fig\">\n<button class=\"v-a-link\" popovertarget=\"photo-571\"><br \/>\n<img loading=\"lazy\" src=\"http:\/\/cordobainforma.info\/wp-content\/uploads\/2025\/08\/a-cualquier-edad-los-cuadros-han-vuelto-y-a-partir-de-septiembre-los-llevaremos-asi-1.jpg\" class=\"v-a-img\" width=\"650\" height=\"650\" alt=\"Blusa de Brownie, 49,90 euros.\" data-voc-vtm-id=\"in-text-traffic\"> <\/button><figcaption class=\"v-fc\">\n<span class=\"v-fc__t\"><br \/>\nBlusa de Brownie, 49,90 euros.<br \/>\n<\/span><br \/>\n<\/figcaption><\/div>\n<\/div>\n<div id=\"photo-571\" popover class=\"v-mdl v-mdl--fw\">\n<button class=\"v-x\" popovertarget=\"photo-571\" popovertargetaction=\"hide\"><br \/>\n<span class=\"v-i\"><br \/>\n<svg width=\"24\" height=\"23.996\" viewBox=\"0 0 24 23.996\">\n<path data-name=\"Uni\u00f3n 29\" d=\"M12,14.03,2.031,24,0,21.963,9.968,12,0,2.033,2.031,0,12,9.966,21.969,0,24,2.033,14.032,12,24,21.963,21.969,24Z\" \/>\n<\/svg><br \/>\n<\/span><br \/>\n<\/button><\/p>\n<div class=\"v-mdl__c\">\n<div class=\"v-mdl__w\">\n<img loading=\"lazy\" src=\"http:\/\/cordobainforma.info\/wp-content\/uploads\/2025\/08\/a-cualquier-edad-los-cuadros-han-vuelto-y-a-partir-de-septiembre-los-llevaremos-asi-1.jpg\" class=\"v-mdl__img-z\" width=\"650\" height=\"650\" alt>\n<\/div>\n<\/div>\n<\/div>\n<p><span class=\"v-bdp\"><\/span><br \/>\n<\/article>\n<\/div>\n<\/div>\n<p class=\"voc-paragraph\"><strong>Blusa de Brownie, 49,90 euros.<\/strong> Perfecta para llevar con tus vaqueros de confianza, pero tambi\u00e9n con faldas de ante, pantalones de traje, e incluso con shorts de cuero que saquen a resarcir tu versi\u00f3n m\u00e1s folk. <\/p>\n<div class=\"v-c-cmp v-c-cmp--s\">\n<div class=\"v-cmp-m \">\n<article class=\"v-a v-a--cmp-m v-c-cmp--m-z\">\n<div class=\"v-a-img-c \">\n<div class=\"v-a-fig\">\n<button class=\"v-a-link\" popovertarget=\"photo-857\"><br \/>\n<img loading=\"lazy\" src=\"http:\/\/cordobainforma.info\/wp-content\/uploads\/2025\/08\/a-cualquier-edad-los-cuadros-han-vuelto-y-a-partir-de-septiembre-los-llevaremos-asi-2.jpg\" class=\"v-a-img\" width=\"650\" height=\"650\" alt=\"Camisa de cuadros de Sandro con strass, 225 euros.\" data-voc-vtm-id=\"in-text-traffic\"> <\/button><figcaption class=\"v-fc\">\n<span class=\"v-fc__t\"><br \/>\nCamisa de cuadros de Sandro con strass, 225 euros.<br \/>\n<\/span><br \/>\n<\/figcaption><\/div>\n<\/div>\n<div id=\"photo-857\" popover class=\"v-mdl v-mdl--fw\">\n<button class=\"v-x\" popovertarget=\"photo-857\" popovertargetaction=\"hide\"><br \/>\n<span class=\"v-i\"><br \/>\n<svg width=\"24\" height=\"23.996\" viewBox=\"0 0 24 23.996\">\n<path data-name=\"Uni\u00f3n 29\" d=\"M12,14.03,2.031,24,0,21.963,9.968,12,0,2.033,2.031,0,12,9.966,21.969,0,24,2.033,14.032,12,24,21.963,21.969,24Z\" \/>\n<\/svg><br \/>\n<\/span><br \/>\n<\/button><\/p>\n<div class=\"v-mdl__c\">\n<div class=\"v-mdl__w\">\n<img loading=\"lazy\" src=\"http:\/\/cordobainforma.info\/wp-content\/uploads\/2025\/08\/a-cualquier-edad-los-cuadros-han-vuelto-y-a-partir-de-septiembre-los-llevaremos-asi-2.jpg\" class=\"v-mdl__img-z\" width=\"650\" height=\"650\" alt>\n<\/div>\n<\/div>\n<\/div>\n<p><span class=\"v-bdp\"><\/span><br \/>\n<\/article>\n<\/div>\n<\/div>\n<p class=\"voc-paragraph\"><strong>Camisa de cuadros de Sandro con strass, 225 euros.<\/strong> Es el ejemplo perfecto de reinvenci\u00f3n. Combina con todo, es el mejor aliado de tonos como blanco, negro o marr\u00f3n; y al tener un tqoue diferente, nunca pasar\u00e1 de moda. <\/p>\n<div class=\"v-c-cmp v-c-cmp--s\">\n<div class=\"v-cmp-m \">\n<article class=\"v-a v-a--cmp-m v-c-cmp--m-z\">\n<div class=\"v-a-img-c \">\n<div class=\"v-a-fig\">\n<button class=\"v-a-link\" popovertarget=\"photo-674\"><br \/>\n<img loading=\"lazy\" src=\"http:\/\/cordobainforma.info\/wp-content\/uploads\/2025\/08\/a-cualquier-edad-los-cuadros-han-vuelto-y-a-partir-de-septiembre-los-llevaremos-asi-3.jpg\" class=\"v-a-img\" width=\"650\" height=\"650\" alt=\"Pantal\u00f3n de traje de cuadros de Mirto, 299 euros.\" data-voc-vtm-id=\"in-text-traffic\"> <\/button><figcaption class=\"v-fc\">\n<span class=\"v-fc__t\"><br \/>\nPantal\u00f3n de traje de cuadros de Mirto, 299 euros.<br \/>\n<\/span><br \/>\n<\/figcaption><\/div>\n<\/div>\n<div id=\"photo-674\" popover class=\"v-mdl v-mdl--fw\">\n<button class=\"v-x\" popovertarget=\"photo-674\" popovertargetaction=\"hide\"><br \/>\n<span class=\"v-i\"><br \/>\n<svg width=\"24\" height=\"23.996\" viewBox=\"0 0 24 23.996\">\n<path data-name=\"Uni\u00f3n 29\" d=\"M12,14.03,2.031,24,0,21.963,9.968,12,0,2.033,2.031,0,12,9.966,21.969,0,24,2.033,14.032,12,24,21.963,21.969,24Z\" \/>\n<\/svg><br \/>\n<\/span><br \/>\n<\/button><\/p>\n<div class=\"v-mdl__c\">\n<div class=\"v-mdl__w\">\n<img loading=\"lazy\" src=\"http:\/\/cordobainforma.info\/wp-content\/uploads\/2025\/08\/a-cualquier-edad-los-cuadros-han-vuelto-y-a-partir-de-septiembre-los-llevaremos-asi-3.jpg\" class=\"v-mdl__img-z\" width=\"650\" height=\"650\" alt>\n<\/div>\n<\/div>\n<\/div>\n<p><span class=\"v-bdp\"><\/span><br \/>\n<\/article>\n<\/div>\n<\/div>\n<p class=\"voc-paragraph\"><strong>Pantal\u00f3n de traje de cuadros de Mirto, 299 euros.<\/strong> El verde seguir\u00e1 estando de moda, y junto a este estampado atemporal consigue una pieza con lo mejor de los dos mundos que siempre se ve actual y muy elegante. <\/p>\n<div class=\"v-c-cmp v-c-cmp--s\">\n<div class=\"v-cmp-m \">\n<article class=\"v-a v-a--cmp-m v-c-cmp--m-z\">\n<div class=\"v-a-img-c \">\n<div class=\"v-a-fig\">\n<button class=\"v-a-link\" popovertarget=\"photo-335\"><br \/>\n<img loading=\"lazy\" src=\"http:\/\/cordobainforma.info\/wp-content\/uploads\/2025\/08\/a-cualquier-edad-los-cuadros-han-vuelto-y-a-partir-de-septiembre-los-llevaremos-asi-4.jpg\" class=\"v-a-img\" width=\"650\" height=\"650\" alt=\"Abrigo largo de Indi&amp;Cold, 349 euros.\" data-voc-vtm-id=\"in-text-traffic\"> <\/button><figcaption class=\"v-fc\">\n<span class=\"v-fc__t\"><br \/>\nAbrigo largo de Indi&amp;Cold, 349 euros.<br \/>\n<\/span><br \/>\n<\/figcaption><\/div>\n<\/div>\n<div id=\"photo-335\" popover class=\"v-mdl v-mdl--fw\">\n<button class=\"v-x\" popovertarget=\"photo-335\" popovertargetaction=\"hide\"><br \/>\n<span class=\"v-i\"><br \/>\n<svg width=\"24\" height=\"23.996\" viewBox=\"0 0 24 23.996\">\n<path data-name=\"Uni\u00f3n 29\" d=\"M12,14.03,2.031,24,0,21.963,9.968,12,0,2.033,2.031,0,12,9.966,21.969,0,24,2.033,14.032,12,24,21.963,21.969,24Z\" \/>\n<\/svg><br \/>\n<\/span><br \/>\n<\/button><\/p>\n<div class=\"v-mdl__c\">\n<div class=\"v-mdl__w\">\n<img loading=\"lazy\" src=\"http:\/\/cordobainforma.info\/wp-content\/uploads\/2025\/08\/a-cualquier-edad-los-cuadros-han-vuelto-y-a-partir-de-septiembre-los-llevaremos-asi-4.jpg\" class=\"v-mdl__img-z\" width=\"650\" height=\"650\" alt>\n<\/div>\n<\/div>\n<\/div>\n<p><span class=\"v-bdp\"><\/span><br \/>\n<\/article>\n<\/div>\n<\/div>\n<p class=\"voc-paragraph\"><strong>Abrigo largo de Indi&amp;Cold, 349 euros.<\/strong> Una de las apuestas m\u00e1s seguras de este estampado son los abrigos. Combinan con todo, dan un toque ingl\u00e9s que se adapta a cualquier estilo y edad y, adem\u00e1s, nunca pasan de moda. <\/p>\n<div class=\"v-c-cmp v-c-cmp--s\">\n<div class=\"v-cmp-m \">\n<article class=\"v-a v-a--cmp-m v-c-cmp--m-z\">\n<div class=\"v-a-img-c \">\n<div class=\"v-a-fig\">\n<button class=\"v-a-link\" popovertarget=\"photo-116\"><br \/>\n<img loading=\"lazy\" src=\"http:\/\/cordobainforma.info\/wp-content\/uploads\/2025\/08\/a-cualquier-edad-los-cuadros-han-vuelto-y-a-partir-de-septiembre-los-llevaremos-asi-5.jpg\" class=\"v-a-img\" width=\"650\" height=\"650\" alt=\"Abrigo corto tipo capa de Elena Mir\u00f3, 450 euros.\" data-voc-vtm-id=\"in-text-traffic\"> <\/button><figcaption class=\"v-fc\">\n<span class=\"v-fc__t\"><br \/>\nAbrigo corto tipo capa de Elena Mir\u00f3, 450 euros.<br \/>\n<\/span><br \/>\n<\/figcaption><\/div>\n<\/div>\n<div id=\"photo-116\" popover class=\"v-mdl v-mdl--fw\">\n<button class=\"v-x\" popovertarget=\"photo-116\" popovertargetaction=\"hide\"><br \/>\n<span class=\"v-i\"><br \/>\n<svg width=\"24\" height=\"23.996\" viewBox=\"0 0 24 23.996\">\n<path data-name=\"Uni\u00f3n 29\" d=\"M12,14.03,2.031,24,0,21.963,9.968,12,0,2.033,2.031,0,12,9.966,21.969,0,24,2.033,14.032,12,24,21.963,21.969,24Z\" \/>\n<\/svg><br \/>\n<\/span><br \/>\n<\/button><\/p>\n<div class=\"v-mdl__c\">\n<div class=\"v-mdl__w\">\n<img loading=\"lazy\" src=\"http:\/\/cordobainforma.info\/wp-content\/uploads\/2025\/08\/a-cualquier-edad-los-cuadros-han-vuelto-y-a-partir-de-septiembre-los-llevaremos-asi-5.jpg\" class=\"v-mdl__img-z\" width=\"650\" height=\"650\" alt>\n<\/div>\n<\/div>\n<\/div>\n<p><span class=\"v-bdp\"><\/span><br \/>\n<\/article>\n<\/div>\n<\/div>\n<p class=\"voc-paragraph\"><strong>Abrigo corto tipo capa de Elena Mir\u00f3, 450 euros.<\/strong> Si est\u00e1s pensando en hacer una inversi\u00f3n en tus abrigos de cara al invierno, este modelo nos parece muy elegante. Una apuesta muy inteligente que siempre dar\u00e1 un toque diferente y discreto a tus estilismos. <\/p>\n<div class=\"v-c-cmp v-c-cmp--s\">\n<div class=\"v-cmp-m \">\n<article class=\"v-a v-a--cmp-m v-c-cmp--m-z\">\n<div class=\"v-a-img-c \">\n<div class=\"v-a-fig\">\n<button class=\"v-a-link\" popovertarget=\"photo-563\"><br \/>\n<img loading=\"lazy\" src=\"http:\/\/cordobainforma.info\/wp-content\/uploads\/2025\/08\/a-cualquier-edad-los-cuadros-han-vuelto-y-a-partir-de-septiembre-los-llevaremos-asi-6.jpg\" class=\"v-a-img\" width=\"650\" height=\"650\" alt=\"Falda de cuadros corta de Roberto Verino, 180 euros.\" data-voc-vtm-id=\"in-text-traffic\"> <\/button><figcaption class=\"v-fc\">\n<span class=\"v-fc__t\"><br \/>\nFalda de cuadros corta de Roberto Verino, 180 euros.<br \/>\n<\/span><br \/>\n<\/figcaption><\/div>\n<\/div>\n<div id=\"photo-563\" popover class=\"v-mdl v-mdl--fw\">\n<button class=\"v-x\" popovertarget=\"photo-563\" popovertargetaction=\"hide\"><br \/>\n<span class=\"v-i\"><br \/>\n<svg width=\"24\" height=\"23.996\" viewBox=\"0 0 24 23.996\">\n<path data-name=\"Uni\u00f3n 29\" d=\"M12,14.03,2.031,24,0,21.963,9.968,12,0,2.033,2.031,0,12,9.966,21.969,0,24,2.033,14.032,12,24,21.963,21.969,24Z\" \/>\n<\/svg><br \/>\n<\/span><br \/>\n<\/button><\/p>\n<div class=\"v-mdl__c\">\n<div class=\"v-mdl__w\">\n<img loading=\"lazy\" src=\"http:\/\/cordobainforma.info\/wp-content\/uploads\/2025\/08\/a-cualquier-edad-los-cuadros-han-vuelto-y-a-partir-de-septiembre-los-llevaremos-asi-6.jpg\" class=\"v-mdl__img-z\" width=\"650\" height=\"650\" alt>\n<\/div>\n<\/div>\n<\/div>\n<p><span class=\"v-bdp\"><\/span><br \/>\n<\/article>\n<\/div>\n<\/div>\n<p class=\"voc-paragraph\"><strong>Falda de cuadros corta de Roberto Verino, 180 euros.<\/strong> Es un cl\u00e1sico, pero un cl\u00e1sico que no pasa de moda y que siempre es un acierto. Sobre todo, cuando lo combinas con jers\u00e9is tipo perkins. Estar\u00e1s espectacular.<\/p>\n","protected":false},"excerpt":{"rendered":"<p>Cada temporada regresan como el estampado que nunca pasa de moda. Y no es para menos. Los cuadros prometen ser protagonistas indiscutibles a partir de septiembre. Desde los cl\u00e1sicos tart\u00e1n brit\u00e1nicos hasta las versiones m\u00e1s minimalistas en blanco y negro, este motivo se ha visto en las pasarelas de Mil\u00e1n, Par\u00eds y Londres, confirmando que [&hellip;]<\/p>\n","protected":false},"author":1,"featured_media":166094,"comment_status":"closed","ping_status":"closed","sticky":false,"template":"","format":"standard","meta":[],"categories":[24],"tags":[],"_links":{"self":[{"href":"http:\/\/cordobainforma.info\/index.php\/wp-json\/wp\/v2\/posts\/166093"}],"collection":[{"href":"http:\/\/cordobainforma.info\/index.php\/wp-json\/wp\/v2\/posts"}],"about":[{"href":"http:\/\/cordobainforma.info\/index.php\/wp-json\/wp\/v2\/types\/post"}],"author":[{"embeddable":true,"href":"http:\/\/cordobainforma.info\/index.php\/wp-json\/wp\/v2\/users\/1"}],"replies":[{"embeddable":true,"href":"http:\/\/cordobainforma.info\/index.php\/wp-json\/wp\/v2\/comments?post=166093"}],"version-history":[{"count":0,"href":"http:\/\/cordobainforma.info\/index.php\/wp-json\/wp\/v2\/posts\/166093\/revisions"}],"wp:featuredmedia":[{"embeddable":true,"href":"http:\/\/cordobainforma.info\/index.php\/wp-json\/wp\/v2\/media\/166094"}],"wp:attachment":[{"href":"http:\/\/cordobainforma.info\/index.php\/wp-json\/wp\/v2\/media?parent=166093"}],"wp:term":[{"taxonomy":"category","embeddable":true,"href":"http:\/\/cordobainforma.info\/index.php\/wp-json\/wp\/v2\/categories?post=166093"},{"taxonomy":"post_tag","embeddable":true,"href":"http:\/\/cordobainforma.info\/index.php\/wp-json\/wp\/v2\/tags?post=166093"}],"curies":[{"name":"wp","href":"https:\/\/api.w.org\/{rel}","templated":true}]}}