{"id":166082,"date":"2025-08-26T11:49:46","date_gmt":"2025-08-26T11:49:46","guid":{"rendered":"https:\/\/cordobainforma.info\/index.php\/2025\/08\/26\/el-gobierno-creo-una-plataforma-para-pagar-multas-y-aranceles-automotores-de-forma-electronica\/"},"modified":"2025-08-26T11:49:46","modified_gmt":"2025-08-26T11:49:46","slug":"el-gobierno-creo-una-plataforma-para-pagar-multas-y-aranceles-automotores-de-forma-electronica","status":"publish","type":"post","link":"http:\/\/cordobainforma.info\/index.php\/2025\/08\/26\/el-gobierno-creo-una-plataforma-para-pagar-multas-y-aranceles-automotores-de-forma-electronica\/","title":{"rendered":"El Gobierno cre\u00f3 una plataforma para pagar multas y aranceles automotores de forma electr\u00f3nica"},"content":{"rendered":"<div class=\"media_block\"><\/div>\n<div><img src=\"http:\/\/cordobainforma.info\/wp-content\/uploads\/2025\/08\/el-gobierno-creo-una-plataforma-para-pagar-multas-y-aranceles-automotores-de-forma-electronica.jpg\" class=\"ff-og-image-inserted\"><\/div>\n<p>El Gobierno cre\u00f3 la <strong>Ventanilla \u00danica de Pago Registral Automotor (VUPRA)<\/strong>, una plataforma electr\u00f3nica destinada al <strong>pagos de aranceles <\/strong>correspondientes a tr\u00e1mites del <a target=\"_blank\" href=\"https:\/\/www.perfil.com\/noticias\/canal-e\/alejandro-lupo-julio-fue-el-mejor-mes-de-la-historia-del-comercio-automotor.phtml\" rel=\"noopener noreferrer\">registro del automotor<\/a>, impuestos y tasas vinculadas a la radicaci\u00f3n y transferencia de dominio, como as\u00ed tambi\u00e9n a <strong>las multas por infracciones de tr\u00e1nsito<\/strong>.<\/p>\n<p>El nuevo mecanismo para efectuar pagos fue presentado por el <strong>Ministerio de Justicia<\/strong>, seg\u00fan se indic\u00f3 en la <strong>Resoluci\u00f3n 572\/2025<\/strong>, publicada este martes en el Bolet\u00edn Oficial, bajo la firma del ministro a cargo de la cartera, <strong>Mariano C\u00faneo Libarona<\/strong>. Se implementar\u00e1 a partir del <strong>1 de noviembre<\/strong> de este a\u00f1o.<\/p>\n<p class=\"destacadoNota\"><a target=\"_blank\" href=\"https:\/\/www.perfil.com\/noticias\/politica\/lanzan-subsidios-para-ayudar-a-los-inundados-bonaerenses-de-mayo-a-dos-semanas-de-las-elecciones-provinciales.phtml\" rel=\"noopener noreferrer\">Lanzan subsidios para ayudar a los inundados bonaerenses de mayo a dos semanas de las elecciones provinciales<\/a><\/p>\n<div class=\"subscription\" readability=\"6.683257918552\">\n<p> Esto no les gusta a los autoritarios <\/p>\n<div class=\"subscription__container\" readability=\"6.1467391304348\">\n<div class=\"subscription__text-wrapper\" readability=\"31.20652173913\">\n<p> El ejercicio del periodismo profesional y cr\u00edtico es un pilar fundamental de la democracia. Por eso molesta a quienes creen ser los due\u00f1os de la verdad. <\/p>\n<\/p><\/div><\/div><\/div>\n<p>\u00abLa VUPRA tiene por objeto <strong>optimizar los servicios, simplificar los procedimientos y mejorar la calidad de atenci\u00f3n<\/strong> al ciudadano mediante el uso intensivo de tecnolog\u00edas de la informaci\u00f3n y la comunicaci\u00f3n\u00bb, se explic\u00f3 en el documento oficial.<\/p>\n<p>La normativa destac\u00f3 que el nuevo sistema \u00ab<strong>beneficia directamente a las personas usuarias, fomenta la eficiencia econ\u00f3mica y promueve una gesti\u00f3n p\u00fablica transparente<\/strong>, accesible, \u00e1gil, eficiente, eficaz y de calidad en la atenci\u00f3n del bien com\u00fan\u00bb.<\/p>\n<p>\u00abLa utilizaci\u00f3n de la VUPRA <strong>evitar\u00e1 que las personas deban efectuar dichos pagos en m\u00faltiples instancias y plataformas<\/strong>, sin perjuicio del car\u00e1cter nacional o local de cada concepto\u00bb, se agreg\u00f3 en la publicaci\u00f3n realizada en el <a target=\"_blank\" href=\"https:\/\/www.perfil.com\/noticias\/cordoba\/incendio-en-el-boletin-oficial-la-provincia-informo-que-solo-afecto-parte-de-un-deposito-de-resmas-de-papel-en-blanco.phtml\" rel=\"noopener noreferrer\">Bolet\u00edn Oficial<\/a>.<\/p>\n<p class=\"destacadoNota\"><a target=\"_blank\" href=\"https:\/\/www.perfil.com\/noticias\/sociedad\/como-tramitar-el-duplicado-de-la-chapa-patente-del-auto-en-caso-a30-de-perdida-o-robo.phtml\" rel=\"noopener noreferrer\">C\u00f3mo tramitar el duplicado de la chapa patente del auto en caso de p\u00e9rdida o robo<\/a><\/p>\n<p>El texto publicado desde el <a target=\"_blank\" href=\"https:\/\/noticias.perfil.com\/noticias\/politica\/frenetica-caza-de-brujas-en-el-gobierno-quien-filtro-los-audios-de-las-coimas.phtml\" rel=\"noopener noreferrer\">Gobierno<\/a> sostuvo que la nueva plataforma <strong>\u00abaportar\u00e1 claridad y transparencia a la operaci\u00f3n registral\u00bb<\/strong>, dado que \u00abagilizar\u00e1 la percepci\u00f3n de aranceles y el pago (&#8230;) y permitir\u00e1 que las personas involucradas en el tr\u00e1mite registral puedan verificar la existencia de posibles deudas relacionadas a impuestos y tasas vinculados a la radicaci\u00f3n y transferencia de dominio de los automotores, y a multas por infracciones de tr\u00e1nsito\u00bb.<\/p>\n<p>\u00abLa <strong>Direcci\u00f3n Nacional de los Registros Nacionales de la Propiedad del Automotor y de Cr\u00e9ditos Prendarios<\/strong> ser\u00e1 la Autoridad de Aplicaci\u00f3n del presente r\u00e9gimen y queda autorizada para dictar las normas aclaratorias y complementarias que resulten necesarias para su correcta implementaci\u00f3n\u00bb, se determin\u00f3 en el el art\u00edculo 2\u00b0 de la Resoluci\u00f3n.<\/p>\n<p>A partir de la implementaci\u00f3n de la plataforma tambi\u00e9n se invit\u00f3 a las provincias, municipios y a la Ciudad de Buenos Aires a adherirse al r\u00e9gimen de la VUPRA, inform\u00e1ndoles que deben <strong>solicitar la adhesi\u00f3n a la Autoridad de Aplicaci\u00f3n<\/strong> en la forma que se establezca y que se deben <strong>prever el costo de la implementaci\u00f3n y mantenimiento junto a las condiciones y requisitos<\/strong> que permitan la interoperabilidad con sistemas locales.<\/p>\n<p>En el anexo del documento se precis\u00f3 que el nuevo sistema alcanza las siguientes obligaciones:<\/p>\n<ul>\n<li>Aranceles correspondientes a los tr\u00e1mites a realizarse ante los Registros Seccionales de la Propiedad del Automotor, la Direcci\u00f3n Nacional de los Registros Nacionales de la Propiedad del Automotor y de Cr\u00e9ditos Prendarios o las Concesionarias, conforme a lo dispuesto en la Resoluci\u00f3n N\u00b0314 del 16 de mayo de 2002 del ex Ministerio de Justicia y Derechos Humanos, y sus complementarias y modificatorias.<\/li>\n<li>Impuestos y\/o tasas relativos a la radicaci\u00f3n y\/o transferencia de dominio de los automotores.<\/li>\n<li>Impuesto de sellos.<\/li>\n<li>Multas por infracciones de tr\u00e1nsito cometidas en jurisdicci\u00f3n nacional o local<\/li>\n<\/ul>\n<p>AS.<\/p>\n<p>LT.<\/p>\n","protected":false},"excerpt":{"rendered":"<p>El Gobierno cre\u00f3 la Ventanilla \u00danica de Pago Registral Automotor (VUPRA), una plataforma electr\u00f3nica destinada al pagos de aranceles correspondientes a tr\u00e1mites del registro del automotor, impuestos y tasas vinculadas a la radicaci\u00f3n y transferencia de dominio, como as\u00ed tambi\u00e9n a las multas por infracciones de tr\u00e1nsito. El nuevo mecanismo para efectuar pagos fue presentado [&hellip;]<\/p>\n","protected":false},"author":1,"featured_media":166083,"comment_status":"closed","ping_status":"closed","sticky":false,"template":"","format":"standard","meta":[],"categories":[2],"tags":[],"_links":{"self":[{"href":"http:\/\/cordobainforma.info\/index.php\/wp-json\/wp\/v2\/posts\/166082"}],"collection":[{"href":"http:\/\/cordobainforma.info\/index.php\/wp-json\/wp\/v2\/posts"}],"about":[{"href":"http:\/\/cordobainforma.info\/index.php\/wp-json\/wp\/v2\/types\/post"}],"author":[{"embeddable":true,"href":"http:\/\/cordobainforma.info\/index.php\/wp-json\/wp\/v2\/users\/1"}],"replies":[{"embeddable":true,"href":"http:\/\/cordobainforma.info\/index.php\/wp-json\/wp\/v2\/comments?post=166082"}],"version-history":[{"count":0,"href":"http:\/\/cordobainforma.info\/index.php\/wp-json\/wp\/v2\/posts\/166082\/revisions"}],"wp:featuredmedia":[{"embeddable":true,"href":"http:\/\/cordobainforma.info\/index.php\/wp-json\/wp\/v2\/media\/166083"}],"wp:attachment":[{"href":"http:\/\/cordobainforma.info\/index.php\/wp-json\/wp\/v2\/media?parent=166082"}],"wp:term":[{"taxonomy":"category","embeddable":true,"href":"http:\/\/cordobainforma.info\/index.php\/wp-json\/wp\/v2\/categories?post=166082"},{"taxonomy":"post_tag","embeddable":true,"href":"http:\/\/cordobainforma.info\/index.php\/wp-json\/wp\/v2\/tags?post=166082"}],"curies":[{"name":"wp","href":"https:\/\/api.w.org\/{rel}","templated":true}]}}