{"id":165986,"date":"2025-08-24T14:45:38","date_gmt":"2025-08-24T14:45:38","guid":{"rendered":"https:\/\/www.escribiendocine.com\/noticias\/2025\/08\/24\/20296-todos-los-ganadores-del-sanfic-2025"},"modified":"2025-08-24T14:45:38","modified_gmt":"2025-08-24T14:45:38","slug":"todos-los-ganadores-del-sanfic-2025","status":"publish","type":"post","link":"http:\/\/cordobainforma.info\/index.php\/2025\/08\/24\/todos-los-ganadores-del-sanfic-2025\/","title":{"rendered":"Todos los ganadores del SANFIC 2025"},"content":{"rendered":"<div class=\"media_block\"><\/div>\n<div><img src=\"http:\/\/cordobainforma.info\/wp-content\/uploads\/2025\/08\/todos-los-ganadores-del-sanfic-2025.jpg\" class=\"ff-og-image-inserted\"><\/div>\n<p>Durante ocho d\u00edas, Santiago se transform\u00f3 en una pantalla m\u00faltiple. Las funciones de SANFIC21 se repartieron entre el Cin\u00e9polis La Reina, Cin\u00e9polis Parque Arauco, Cin\u00e9polis Vivo Imperio y la Sala CEINA del Centro Arte Alameda, con un total de 89 pel\u00edculas que atravesaron fronteras, lenguajes y formatos.<\/p>\n<p>No fue solo un festival para el p\u00fablico cin\u00e9filo: la secci\u00f3n SANFIC Educa llev\u00f3 el cine a 18 instituciones p\u00fablicas y privadas, reforzando el esp\u00edritu formativo del certamen que, a\u00f1o tras a\u00f1o, ampl\u00eda su alcance m\u00e1s all\u00e1 de las salas.<\/p>\n<p class=\"noticia-relacionada noEditable\" data-id=\"19747\"><ampiframe src=\"https:\/\/www.escribiendocine.com\/api\/noticias\/19747\/relacionadas?amp=1\" layout=\"fixed-height\" sandbox=\"allow-top-navigation allow-top-navigation-by-user-activation allow-scripts \" height=\"100px\"> <b placeholder>Lee tambi\u00e9n: Cr\u00edtica de \u00abUn poeta\u00bb: Sim\u00f3n Mesa Soto y el poeta m\u00e1s feo del mundo<\/b> <\/ampiframe><\/p>\n<p>El s\u00e1bado 23 de agosto, el Teatro Oriente de Providencia se visti\u00f3 de gala. Una alfombra roja dio paso a la ceremonia de clausura, donde jurados internacionales y locales anunciaron los t\u00edtulos premiados. Entre discursos y ovaciones, qued\u00f3 claro que el festival busc\u00f3 consolidar a Santiago como un centro neur\u00e1lgico del cine latinoamericano.<\/p>\n<p>En la Competencia Internacional, la colombiana <strong>Un Poeta<\/strong>, dirigida por Sim\u00f3n Mesa, se llev\u00f3 el premio mayor, mientras que <strong>Polvo Ser\u00e1n<\/strong>, del espa\u00f1ol Carlos M\u00e1rques-Marcet, comparti\u00f3 con Mesa la distinci\u00f3n a Mejor Direcci\u00f3n. En las actuaciones, el jurado destac\u00f3 a \u00c1ngela Molina y Alfredo Castro, dupla de la misma pel\u00edcula.<\/p>\n<p>El cine chileno tambi\u00e9n tuvo su foco. <strong>Al sur del invierno est\u00e1 la nieve<\/strong>, de Sebasti\u00e1n Vidal Campos, fue reconocida como la mejor de la competencia local. La direcci\u00f3n de Silvina Schnicer (<strong>La Quinta<\/strong>) y la actuaci\u00f3n de Patricia Cuyul (<strong>Lo que no se dijo<\/strong>) confirmaron que los nuevos relatos buscan abrirse paso desde la diversidad de miradas.<\/p>\n<p class=\"noticia-relacionada noEditable\" data-id=\"19833\"><ampiframe src=\"https:\/\/www.escribiendocine.com\/api\/noticias\/19833\/relacionadas?amp=1\" layout=\"fixed-height\" sandbox=\"allow-top-navigation allow-top-navigation-by-user-activation allow-scripts \" height=\"100px\"> <b placeholder>Lee tambi\u00e9n: Cr\u00edtica de \u00abLa quinta\u00bb: Silvina Schnicer entre infancias errantes y adultos en retirada<\/b> <\/ampiframe><\/p>\n<p>En Talento Nacional, el cortometraje <strong>Futura Licenciada<\/strong>, de Samantha Copano y Florencia Pe\u00f1a, se qued\u00f3 con el principal galard\u00f3n, mientras que <strong>Bald\u00edas<\/strong> y <strong>Morfolog\u00eda Underground<\/strong> recibieron menciones especiales.<\/p>\n<p>La actriz Mariana Di Girolamo, el productor Bernardo Bergeret y la directora Mariana Rond\u00f3n integraron el jurado internacional, junto a especialistas de Cannes, Berl\u00edn y la escena local. Una red de voces diversas que reforz\u00f3 el car\u00e1cter internacional del encuentro.<\/p>\n<p><em>\u201cHoy culminamos un viaje que iniciamos hace meses, impulsados por la visi\u00f3n de consolidar a Santiago como un epicentro vibrante para el cine mundial\u201d<\/em>, expres\u00f3 Carlos N\u00fa\u00f1ez, fundador y director art\u00edstico del festival, en un discurso que sintetiz\u00f3 el esp\u00edritu de esta vig\u00e9sima primera edici\u00f3n.<\/p>\n<p>SANFIC21 cerr\u00f3 con la certeza de que las pantallas de Santiago no solo proyectan pel\u00edculas, sino tambi\u00e9n futuros posibles, al abrir camino a cineastas, int\u00e9rpretes y productores que comienzan a inscribirse en el mapa del cine contempor\u00e1neo.<\/p>\n<p>Competencia Internacional<br \/>Mejor Pel\u00edcula: <strong>Un Poeta<\/strong> (2025, Colombia), dirigida por Sim\u00f3n Mesa.<br \/>Mejor Direcci\u00f3n: Ex aequo para Sim\u00f3n Mesa, por <strong>Un Poeta<\/strong> (2025, Colombia); y Carlos M\u00e1rques-Marcet, por <strong>Polvo Ser\u00e1n<\/strong> (2024, Espa\u00f1a).<br \/>Mejor Interpretaci\u00f3n: Ex aequo para\u00c1ngela Molina y Alfredo Castro, por<strong> Polvo Ser\u00e1n<\/strong>.<br \/>Menci\u00f3n Especial Mejor Pel\u00edcula:<strong> Runa Sim<\/strong>i (2025, Per\u00fa), dirigida por Augusto Zegarra.<br \/>&nbsp;<br \/>Competencia Cine Chileno<br \/>Mejor Pel\u00edcula: <strong>Al sur del invierno est\u00e1 la nieve<\/strong> (2025, Chile), dirigida por Sebasti\u00e1n Vidal Campos.<br \/>Mejor Direcci\u00f3n: Silvina Schnicer, por <strong>La Quinta <\/strong>( 2024, coproducci\u00f3n con Argentina).<br \/>Mejor Interpretaci\u00f3n: Patricia Cuyul, por <strong>Lo que no se dijo<\/strong> (2025, Chile).<br \/>Menci\u00f3n Especial Mejor Pel\u00edcula: <strong>Zafari<\/strong> (2024, coproducci\u00f3n Per\u00fa, M\u00e9xico, Brasil, Francia, Chile, Rep\u00fablica Dominicana, Venezuela), dirigida por Mariana Rond\u00f3n.<br \/>Mejor Interpretaci\u00f3n: Daniela Ram\u00edrez, por <strong>Zafar<\/strong>i.<br \/>Menci\u00f3n Especial Mejor Interpretaci\u00f3n: Patricia Cuyul, por<strong> Lo que no se dijo<\/strong>.<br \/>&nbsp;<br \/>Competencia Talento Nacional<br \/>Mejor Cortometraje: <strong>Futura Licenciada<\/strong> (2025, Chile), dirigido por Samantha Copano y Florencia Pe\u00f1a.<br \/>Menci\u00f3n Especial Mejor Cortometraje 1: <strong>Bald\u00eda<\/strong>s (2025, Chile), dirigido por Julieta Acu\u00f1a.<br \/>Menci\u00f3n Especial Mejor Cortometraje 2: <strong>Morfolog\u00eda Underground <\/strong>(2025, Chile-Argentina), dirigido por Sidka Saavedra.<\/p>\n<p><strong>SANFIC Industria<\/strong><\/p>\n<p>PREMIOS SERIES<br \/>Conecta Fiction &amp; Entertainment<br \/><strong>El Internacional <\/strong>\u2013 Dirigida por Hern\u00e1n Cafiero, producida por Paula Guzm\u00e1n.<br \/>Series Mania<br \/><strong>El Evangelio seg\u00fan B\u00e1rbara \u2013<\/strong> Creada por Luciana Porchietto y Mariana Levy.<br \/>Menci\u00f3n especial: <strong>Arquitectas del sur del mundo <\/strong>\u2013 Producida por Clara Larra\u00edn y Daniela Raviola.<br \/>Sello Ecovision (Latam)<br \/><strong>Arquitectas del sur del mundo<\/strong> \u2013 Producida por Clara Larra\u00edn y Daniela Raviola.<br \/>&nbsp;<br \/>PREMIOS ODS LAB<br \/>TAL \u2013 Red de Televisoras P\u00fablicas y Culturales de Latinoam\u00e9rica<br \/><strong>El hombre de las valijas <\/strong>\u2013 Dirigida por Mar\u00eda Fernanda Villoso, producida por Ana Fraile y Lucas Scavino.<br \/>FAM + ECM Lab<br \/><strong>Zona de sacrificio<\/strong> \u2013 Dirigida por Violeta Soto Vald\u00e9s, producida por \u00c1lvaro Manzano, Federico Moreira, Christian Nawrath y Claudia Aruquipa.<br \/>R\u00edo Fundaci\u00f3n<br \/><strong>Zona de sacrificio<\/strong> \u2013 Dirigida por Violeta Soto Vald\u00e9s, producida por \u00c1lvaro Manzano, Federico Moreira, Christian Nawrath y Claudia Aruquipa.<br \/>&nbsp;<br \/>PREMIOS M\u00d3RBIDO LAB<br \/><strong>Ruta al sol<\/strong> \u2013 Dirigida por Jorge Leyva, producida por Lilia Velazco.<br \/>Los Eastman \u2013 Dirigida por Mauricio Leiva Cock, producida por Adriana Aparicio.<br \/><strong>Env\u00edame tormentas<\/strong> \u2013 Dirigida por Julio Hern\u00e1ndez Cord\u00f3n, producida por Mar\u00eda Jos\u00e9 C\u00f3rdova y Triana Garc\u00eda Sim\u00f3n.<br \/>El Sal\u00f3n de Productores y Proyectos Cinematogr\u00e1ficos (SAPCINE): <strong>Ruta al sol <\/strong>\u2013 Dirigida por Jorge Leyva, producida por Lilia Velazco.<br \/>&nbsp;<br \/>PREMIOS SANTIAGO LAB<br \/>Marketing Movie Runner: <strong>Los ni\u00f1os perdidos<\/strong> \u2013 Dirigida por Enrique Medrano, producida por Luis Flores Alvarenga.<br \/>ScriptSOUNDING: <strong>El realismo despu\u00e9s de la revoluci\u00f3n<\/strong> \u2013 Dirigida por Sebasti\u00e1n Pereira Covarrubias, producida por Amara Micaela.<br \/>ScriptSOUNDING:<strong> Bad light<\/strong> \u2013 Dirigida por Paula Martel, producida por Francisco Novick.<br \/>Cina Cina: <strong>Lo que perdemos bajo el agua<\/strong> \u2013 Dirigida por Emmanuelle Kesch, producida por Claudia Ch\u00e1vez.<br \/>Mercado Algo en Com\u00fan: <strong>El extranjero <\/strong>\u2013 Dirigida por Sebasti\u00e1n Rodr\u00edguez, producida por Nicol\u00e1s Torcanowsky.<br \/>DocsMX: <strong>Los hijos de la Comarca <\/strong>\u2013 Dirigida por Juan Manuel Bugar\u00edn, producida por Gast\u00f3n Klingenfeld.<br \/>LH Coach: <strong>El arte de perder el tiempo<\/strong> \u2013 Dirigida por Camila Toro Cortez, producida por Daniel D\u00edaz Oyarz\u00fan.<br \/>Nuevas Miradas: <strong>Brujas de la Isla<\/strong> \u2013 Dirigida por Crisfel Jim\u00e9nez Contreras, producida por Yatnna Montilla y Laura Ben\u00edtez.<br \/>MAFF \u2013 Festival de M\u00e1laga: <strong>Latitudes <\/strong>\u2013 Dirigida por Pablo Malek, producida por Jorge Constantino.<br \/>Industria FICG \u2013 <strong>Guadalajara: Que muero porque no muero <\/strong>\u2013 Dirigida por Felipe Carmona Urrutia, producida por Marianne Mayer-Beckh Martinez.<br \/>&nbsp;<br \/>INCUBADORA QUEER<br \/>Premio Netflix Fondo de la Equidad Creativa: <strong>Los Bustamante<\/strong> \u2013 De Fran Beethoven.<br \/>Premios Maguey \u2013 FICG:<br \/><strong>En piel de reptil<\/strong> \u2013 De Noa Leporati.<br \/><strong>La casa de mam\u00e1<\/strong> \u2013 De Jeure Tavare.<br \/><strong>Los Bustamante<\/strong> \u2013 De Fran Beethoven.<br \/><strong>Punto muerto<\/strong> \u2013 De Lorenzo Dieguez.<br \/><strong>Rojo contra azul <\/strong>\u2013 De Fiora Salas-Rom\u00e1n.<br \/><strong>Romances an\u00f3nimos<\/strong> \u2013 De Andrea Tudela.<br \/>&nbsp;<br \/>PREMIOS WORK IN PROGRESS IBEROAMERICANO<br \/>Yagan Films: <strong>O_Mostro<\/strong> \u2013 Dirigida por Helena Guerra, producida por Giovanni Pirelli.<br \/>Buenas Pelis: <strong>Africa Express<\/strong> \u2013 Dirigida por Emilio Guerrero Alexander, producida por Jonathan Davis Arakelian.<br \/>ScriptSOUNDING<strong>: O_Mostro <\/strong>\u2013 Dirigida por Helena Guerra, producida por Giovanni Pirelli.<br \/>M\u00e1laga WIP MAFIZ: <strong>Valijero <\/strong>\u2013 Dirigida por Esteban Trivisonno, producida por Agust\u00edn del Carpio.<br \/>LINK: <strong>Coca\u00edna Negra<\/strong> \u2013 Dirigida por Crist\u00f3bal Valenzuela, producida por Flor Rubina.<br \/>Grupo At\u00f3mica: <strong>Coca\u00edna Negra<\/strong> \u2013 Dirigida por Crist\u00f3bal Valenzuela, producida por Flor Rubina.<br \/>Beca Fondo Mixto Valle del Cauca: <strong>O_Mostro <\/strong>\u2013 Dirigida por Helena Guerra, producida por Giovanni Pirelli.<br \/>Chemistry: <strong>Africa Express<\/strong> \u2013 Dirigida por Emilio Guerrero Alexander, producida por Jonathan Davis Arakelian.<br \/>Festival de Cine de La Habana: <strong>A noite \u00e9 uma farsa<\/strong> \u2013 Dirigida por Lucas Weglinski, producida por Clara Ramos y Lucas Weglinski.<br \/>Premio Mant\u00edcora: <strong>Machitos<\/strong> \u2013 Dirigida por Jes\u00fas Rodr\u00edguez \u201cChiva\u201d, producida por Ricardo Mansilla.<br \/>Premio LatAm Cinema: <strong>U\u00f1as rojas de sangre<\/strong> \u2013 Dirigida por Roberto Doveris, producida por Rodrigo Silva Soto.<\/p>\n","protected":false},"excerpt":{"rendered":"<p>Durante ocho d\u00edas, Santiago se transform\u00f3 en una pantalla m\u00faltiple. Las funciones de SANFIC21 se repartieron entre el Cin\u00e9polis La Reina, Cin\u00e9polis Parque Arauco, Cin\u00e9polis Vivo Imperio y la Sala CEINA del Centro Arte Alameda, con un total de 89 pel\u00edculas que atravesaron fronteras, lenguajes y formatos. No fue solo un festival para el p\u00fablico [&hellip;]<\/p>\n","protected":false},"author":1,"featured_media":165987,"comment_status":"open","ping_status":"closed","sticky":false,"template":"","format":"standard","meta":[],"categories":[21],"tags":[],"_links":{"self":[{"href":"http:\/\/cordobainforma.info\/index.php\/wp-json\/wp\/v2\/posts\/165986"}],"collection":[{"href":"http:\/\/cordobainforma.info\/index.php\/wp-json\/wp\/v2\/posts"}],"about":[{"href":"http:\/\/cordobainforma.info\/index.php\/wp-json\/wp\/v2\/types\/post"}],"author":[{"embeddable":true,"href":"http:\/\/cordobainforma.info\/index.php\/wp-json\/wp\/v2\/users\/1"}],"replies":[{"embeddable":true,"href":"http:\/\/cordobainforma.info\/index.php\/wp-json\/wp\/v2\/comments?post=165986"}],"version-history":[{"count":0,"href":"http:\/\/cordobainforma.info\/index.php\/wp-json\/wp\/v2\/posts\/165986\/revisions"}],"wp:featuredmedia":[{"embeddable":true,"href":"http:\/\/cordobainforma.info\/index.php\/wp-json\/wp\/v2\/media\/165987"}],"wp:attachment":[{"href":"http:\/\/cordobainforma.info\/index.php\/wp-json\/wp\/v2\/media?parent=165986"}],"wp:term":[{"taxonomy":"category","embeddable":true,"href":"http:\/\/cordobainforma.info\/index.php\/wp-json\/wp\/v2\/categories?post=165986"},{"taxonomy":"post_tag","embeddable":true,"href":"http:\/\/cordobainforma.info\/index.php\/wp-json\/wp\/v2\/tags?post=165986"}],"curies":[{"name":"wp","href":"https:\/\/api.w.org\/{rel}","templated":true}]}}